{"id":345390,"date":"2025-08-26T14:48:10","date_gmt":"2025-08-26T14:48:10","guid":{"rendered":"https:\/\/www.europesays.com\/fr\/345390\/"},"modified":"2025-08-26T14:48:10","modified_gmt":"2025-08-26T14:48:10","slug":"je-me-vois-mal-marcher-avec-une-fille-de-72-ans-jean-luc-lahaye-brise-le-silence-sur-son-rapport-aux-femmes-dans-cette-interview-interdite","status":"publish","type":"post","link":"https:\/\/www.europesays.com\/fr\/345390\/","title":{"rendered":"Je me vois mal marcher avec une fille de 72 ans\u00a0\u00bb\u00a0: Jean-Luc Lahaye brise le silence sur son rapport aux femmes dans cette interview \u00ab\u00a0interdite"},"content":{"rendered":"<p class=\"ap-StoryElement ap-StoryElement--mb ap-StoryText\">\u00ab\u00a0La majorit\u00e9 des hommes pr\u00e9f\u00e8rent les femmes plus jeunes, c&rsquo;est normal, je me vois mal marcher dans la rue avec une fille de 72 ans en lui tenant la main, se d\u00e9fend-il. Je suis l\u00e9gitime de parler, puisque j&rsquo;ai cet \u00e2ge. Je ne connais pas un homme qui a la cinquantaine, la soixantaine, qui voit passer une fille de 20, 25 ans, si jolie soit-elle, qui ne porte pas son regard sur elle, c&rsquo;est presque naturel. Il faut \u00eatre furieusement hypocrite pour ne pas reconna\u00eetre \u00e7a.\u00a0\u00bb<\/p>\n<blockquote class=\"ap-StoryQuote ap-StoryQuote--blockquote\">\n<p class=\"ap-StoryQuote-text\">\u00ab\u00a0Il faut \u00eatre furieusement hypocrite pour ne pas reconna\u00eetre \u00e7a\u00a0\u00bb<\/p>\n<\/blockquote>\n<p class=\"ap-StoryElement ap-StoryElement--mb ap-StoryText\">Pour rappel, le papa chanteur a \u00e9t\u00e9 <a href=\"https:\/\/www.dhnet.be\/lifestyle\/people\/2022\/05\/24\/accuse-de-viol-par-deux-jeunes-fans-jean-luc-lahaye-vient-detre-remis-en-liberte-35E33CINOFEL3D62USPCAKIYQM\/\" rel=\"nofollow noopener\" target=\"_blank\">condamn\u00e9 en 2007 pour atteintes sexuelles sur une mineure de 15 ans<\/a>, pour <a href=\"https:\/\/www.dhnet.be\/actu\/faits\/2015\/05\/18\/jean-luc-lahaye-condamne-a-un-an-de-prison-avec-sursis-RJ7HJPEVDFCJ3JSVO6JVHUVCVU\/\" rel=\"nofollow noopener\" target=\"_blank\">corruption en 2015<\/a> et se retrouve <a href=\"https:\/\/www.dhnet.be\/lifestyle\/people\/2024\/10\/10\/soupcons-de-viol-jean-luc-lahaye-reste-en-examen-pour-les-deux-plaignantes-Z4ZHRVR6QFGN5FATVDYIQTJDNU\/\" rel=\"nofollow noopener\" target=\"_blank\">actuellement mis en examen pour des faits similaires. <\/a>\u00c0 savoir des faits de viols et d&rsquo;agressions sexuelles sur deux mineures de plus de 15 ans. Et<a href=\"https:\/\/www.dhnet.be\/lifestyle\/people\/2021\/12\/19\/nouveau-temoignage-accablant-contre-jean-luc-lahaye-PTBGCGAJU5GMTAFHRUC7HE7LGQ\/\" rel=\"nofollow noopener\" target=\"_blank\"> dont les faits remontent \u00e0 partir de 2013. <\/a>Si Jean-Luc Lahaye reste pr\u00e9sum\u00e9 innocent dans cette affaire, ses opposants ne d\u00e9sirent pas le voir revenir sur sc\u00e8ne.<\/p>\n","protected":false},"excerpt":{"rendered":"\u00ab\u00a0La majorit\u00e9 des hommes pr\u00e9f\u00e8rent les femmes plus jeunes, c&rsquo;est normal, je me vois mal marcher dans la&hellip;\n","protected":false},"author":2,"featured_media":345391,"comment_status":"","ping_status":"","sticky":false,"template":"","format":"standard","meta":{"footnotes":""},"categories":[1355],"tags":[58,59,1011,27,1227,1361,873],"class_list":{"0":"post-345390","1":"post","2":"type-post","3":"status-publish","4":"format-standard","5":"has-post-thumbnail","7":"category-musique","8":"tag-divertissement","9":"tag-entertainment","10":"tag-fr","11":"tag-france","12":"tag-horizontal","13":"tag-music","14":"tag-musique"},"share_on_mastodon":{"url":"https:\/\/pubeurope.com\/@fr\/115095621197928731","error":""},"_links":{"self":[{"href":"https:\/\/www.europesays.com\/fr\/wp-json\/wp\/v2\/posts\/345390","targetHints":{"allow":["GET"]}}],"collection":[{"href":"https:\/\/www.europesays.com\/fr\/wp-json\/wp\/v2\/posts"}],"about":[{"href":"https:\/\/www.europesays.com\/fr\/wp-json\/wp\/v2\/types\/post"}],"author":[{"embeddable":true,"href":"https:\/\/www.europesays.com\/fr\/wp-json\/wp\/v2\/users\/2"}],"replies":[{"embeddable":true,"href":"https:\/\/www.europesays.com\/fr\/wp-json\/wp\/v2\/comments?post=345390"}],"version-history":[{"count":0,"href":"https:\/\/www.europesays.com\/fr\/wp-json\/wp\/v2\/posts\/345390\/revisions"}],"wp:featuredmedia":[{"embeddable":true,"href":"https:\/\/www.europesays.com\/fr\/wp-json\/wp\/v2\/media\/345391"}],"wp:attachment":[{"href":"https:\/\/www.europesays.com\/fr\/wp-json\/wp\/v2\/media?parent=345390"}],"wp:term":[{"taxonomy":"category","embeddable":true,"href":"https:\/\/www.europesays.com\/fr\/wp-json\/wp\/v2\/categories?post=345390"},{"taxonomy":"post_tag","embeddable":true,"href":"https:\/\/www.europesays.com\/fr\/wp-json\/wp\/v2\/tags?post=345390"}],"curies":[{"name":"wp","href":"https:\/\/api.w.org\/{rel}","templated":true}]}}