{"id":345392,"date":"2025-08-26T14:49:10","date_gmt":"2025-08-26T14:49:10","guid":{"rendered":"https:\/\/www.europesays.com\/fr\/345392\/"},"modified":"2025-08-26T14:49:10","modified_gmt":"2025-08-26T14:49:10","slug":"premieres-images-de-letranger-version-francois-ozon","status":"publish","type":"post","link":"https:\/\/www.europesays.com\/fr\/345392\/","title":{"rendered":"Premi\u00e8res images de \u00ab\u00a0L&rsquo;\u00c9tranger\u00a0\u00bb version Fran\u00e7ois Ozon"},"content":{"rendered":"<p>Le 24e (et nouveau) long-m\u00e9trage de Fran\u00e7ois Ozon, qui adapte le monument de la litt\u00e9rature fran\u00e7aise d&rsquo;Albert Camus, sortira en salles le 29 octobre prochain en France.<\/p>\n<p>Un classique parmi les classiques de la litt\u00e9rature adapt\u00e9 sur le grand \u00e9cran. Les premi\u00e8res images de <a href=\"https:\/\/www.bfmtv.com\/people\/cinema\/l-etranger-de-camus-adapte-par-francois-ozon-au-cinema_AD-202507150389.html\" title=\"&quot;L&#039;Etranger&quot; de Camus, adapt\u00e9 par Fran\u00e7ois Ozon au cin\u00e9ma\" class=\"internal_link\" rel=\"nofollow noopener\" target=\"_blank\">L&rsquo;\u00c9tranger <\/a>de Fran\u00e7ois Ozon, avec Rebecca Marder (Mon Crime, Simone, le voyage du si\u00e8cle) et le c\u00e9saris\u00e9 Benjamin Voisin (Illusions perdues, Jouer avec le feu) dans les r\u00f4les principaux, ont \u00e9t\u00e9 d\u00e9voil\u00e9es ce mardi dans une bande-annonce in\u00e9dite.<\/p>\n<p>\u00c0 l&rsquo;\u00e9cran, les images apparaissent sensuelles, m\u00e9lancoliques, en noir et blanc, et port\u00e9es par la prose d&rsquo;Albert Camus. Le film, \u00e9crit par Fran\u00e7ois Ozon est s\u00e9lectionn\u00e9 en comp\u00e9tition officielle \u00e0 la <a href=\"https:\/\/www.bfmtv.com\/people\/cinema\/julia-roberts-emma-stone-jude-law-les-stars-et-les-temps-forts-de-la-82e-mostra-de-venise_AD-202508250269.html\" title=\"Julia Roberts, Emma Stone, Jude Law... Les stars et les temps forts de la 82e Mostra de Venise\" class=\"internal_link\" rel=\"nofollow noopener\" target=\"_blank\">82e Mostra de Venise<\/a>, qui d\u00e9bute ce mercredi. Il sortira en salles le 29 octobre prochain.<\/p>\n<p>Benjamin Voisin retrouve Fran\u00e7ois Ozon, apr\u00e8s leur premi\u00e8re collaboration sur \u00c9t\u00e9 85, sorti en 2020, qui l&rsquo;avait r\u00e9v\u00e9l\u00e9. Il s&rsquo;agit du 24e long-m\u00e9trage du r\u00e9alisateur, connu pour ses films comme Potiche, Gr\u00e2ce \u00e0 Dieu, Mon Crime, et derni\u00e8rement, Quand vient l&rsquo;automne.<\/p>\n<\/p>\n<p>Sous un soleil de plomb<\/p>\n<p>Le film raconte l&rsquo;histoire de Meursault, un jeune homme d\u2019une trentaine d\u2019ann\u00e9es, modeste employ\u00e9, qui enterre sa m\u00e8re sans manifester la moindre \u00e9motion en 1938, \u00e0 Alger. Le lendemain, il entame une liaison avec Marie, une coll\u00e8gue de bureau. Puis il reprend sa vie de tous les jours. Mais son voisin, Raymond Sint\u00e8s vient perturber son quotidien en l\u2019entra\u00eenant dans des histoires louches jusqu\u2019\u00e0 un drame sur une plage, sous un soleil de plomb.<\/p>\n<p>Pierre Lottin (<a href=\"https:\/\/www.bfmtv.com\/people\/cinema\/les-tuche-5-est-le-plus-gros-succes-de-l-annee-2025-avec-pres-de-3-millions-d-entrees_AV-202503110512.html\" title=\"&quot;Les Tuche 5&quot; est le plus gros succ\u00e8s de l&#039;ann\u00e9e 2025, avec pr\u00e8s de 3 millions d&#039;entr\u00e9es\" class=\"internal_link\" rel=\"nofollow noopener\" target=\"_blank\">Les Tuche<\/a>, Quand vient l&rsquo;automne),\u00a0Denis Lavant (acteur f\u00e9tiche de Leos Carax) et Swann Arlaud (Petit Paysan, <a href=\"https:\/\/www.bfmtv.com\/people\/cinema\/anatomie-d-une-chute-justine-triet-et-swann-arlaud-rejoignent-l-academie-des-oscars_AN-202406260265.html\" title=\"&quot;Anatomie d&#039;une chute&quot;: Justine Triet et Swann Arlaud rejoignent l&#039;Acad\u00e9mie des Oscars\" class=\"internal_link\" rel=\"nofollow noopener\" target=\"_blank\">Anatomie d&rsquo;une chute<\/a>) compl\u00e8tent le casting. Le film, distribu\u00e9 par Gaumont, est produit par FOZ, en coproduction avec Gaumont, France 2 Cin\u00e9ma, Scope Pictures et Lions Production &amp; Services. Selon <a href=\"https:\/\/www.screendaily.com\/news\/gaumont-boards-francois-ozons-feature-adaptation-of-albert-camus-the-stranger\/5204245.article\" target=\"_blank\" class=\"external_link\" rel=\"nofollow noopener\">ScreenDaily<\/a>, le tournage s&rsquo;est d\u00e9roul\u00e9 \u00e0 Tanger au Maroc en avril 2025.<\/p>\n<p>L&rsquo;\u00c9tranger, publi\u00e9 en 1942, est le premier roman d&rsquo;<a href=\"https:\/\/www.bfmtv.com\/societe\/la-lettre-d-albert-camus-a-son-instituteur-louis-germain-sera-lue-lors-de-l-hommage-a-samuel-paty_AV-202010210115.html\" title=\"La lettre d&#039;Albert Camus \u00e0 son instituteur Louis Germain sera lue lors de l&#039;hommage \u00e0 Samuel Paty\" class=\"internal_link\" rel=\"nofollow noopener\" target=\"_blank\">Albert Camus<\/a>, \u00e9crit \u00e0 l&rsquo;\u00e2ge de 29\u00a0ans. Il s&rsquo;est \u00e9coul\u00e9 \u00e0 plusieurs millions d&rsquo;exemplaires. L&rsquo;\u00e9crivain a ensuite \u00e9t\u00e9 couronn\u00e9 du prix Nobel de litt\u00e9rature pour l&rsquo;ensemble de son \u0153uvre en 1957. L&rsquo;ouvrage avait d\u00e9j\u00e0 \u00e9t\u00e9 adapt\u00e9 au cin\u00e9ma en 1967 par Luchino Visconti, avec Marcello Mastroianni dans la peau de Meursault.<\/p>\n","protected":false},"excerpt":{"rendered":"Le 24e (et nouveau) long-m\u00e9trage de Fran\u00e7ois Ozon, qui adapte le monument de la litt\u00e9rature fran\u00e7aise d&rsquo;Albert Camus,&hellip;\n","protected":false},"author":2,"featured_media":345393,"comment_status":"","ping_status":"","sticky":false,"template":"","format":"standard","meta":{"footnotes":""},"categories":[1354],"tags":[58,59,1346,1011,27,1360],"class_list":{"0":"post-345392","1":"post","2":"type-post","3":"status-publish","4":"format-standard","5":"has-post-thumbnail","7":"category-films","8":"tag-divertissement","9":"tag-entertainment","10":"tag-films","11":"tag-fr","12":"tag-france","13":"tag-movies"},"share_on_mastodon":{"url":"https:\/\/pubeurope.com\/@fr\/115095625051839608","error":""},"_links":{"self":[{"href":"https:\/\/www.europesays.com\/fr\/wp-json\/wp\/v2\/posts\/345392","targetHints":{"allow":["GET"]}}],"collection":[{"href":"https:\/\/www.europesays.com\/fr\/wp-json\/wp\/v2\/posts"}],"about":[{"href":"https:\/\/www.europesays.com\/fr\/wp-json\/wp\/v2\/types\/post"}],"author":[{"embeddable":true,"href":"https:\/\/www.europesays.com\/fr\/wp-json\/wp\/v2\/users\/2"}],"replies":[{"embeddable":true,"href":"https:\/\/www.europesays.com\/fr\/wp-json\/wp\/v2\/comments?post=345392"}],"version-history":[{"count":0,"href":"https:\/\/www.europesays.com\/fr\/wp-json\/wp\/v2\/posts\/345392\/revisions"}],"wp:featuredmedia":[{"embeddable":true,"href":"https:\/\/www.europesays.com\/fr\/wp-json\/wp\/v2\/media\/345393"}],"wp:attachment":[{"href":"https:\/\/www.europesays.com\/fr\/wp-json\/wp\/v2\/media?parent=345392"}],"wp:term":[{"taxonomy":"category","embeddable":true,"href":"https:\/\/www.europesays.com\/fr\/wp-json\/wp\/v2\/categories?post=345392"},{"taxonomy":"post_tag","embeddable":true,"href":"https:\/\/www.europesays.com\/fr\/wp-json\/wp\/v2\/tags?post=345392"}],"curies":[{"name":"wp","href":"https:\/\/api.w.org\/{rel}","templated":true}]}}