{"id":345398,"date":"2025-08-26T14:53:10","date_gmt":"2025-08-26T14:53:10","guid":{"rendered":"https:\/\/www.europesays.com\/fr\/345398\/"},"modified":"2025-08-26T14:53:10","modified_gmt":"2025-08-26T14:53:10","slug":"une-enigmatique-planete-y-pourrait-se-cacher-aux-confins-de-notre-systeme-solaire","status":"publish","type":"post","link":"https:\/\/www.europesays.com\/fr\/345398\/","title":{"rendered":"Une \u00e9nigmatique \u00ab\u00a0plan\u00e8te Y\u00a0\u00bb pourrait se cacher aux confins de notre syst\u00e8me solaire"},"content":{"rendered":"<p>Une nouvelle piste pour identifier une potentielle neuvi\u00e8me plan\u00e8te dans notre syst\u00e8me solaire. Alors que les d\u00e9bats font rage, depuis pr\u00e8s de deux si\u00e8cles, autour du nombre de plan\u00e8tes orbitant comme la Terre autour du Soleil, une d\u00e9couverte r\u00e9alis\u00e9e par des chercheurs am\u00e9ricains ouvre des perspectives in\u00e9dites.<\/p>\n<p>Longtemps consid\u00e9r\u00e9e comme une plan\u00e8te, Pluton a \u00e9t\u00e9 <a data-i13n=\"cpos:1;pos:1\" href=\"https:\/\/fr.news.yahoo.com\/pourquoi-pluton-ne-fait-partie-190000477.html\" data-ylk=\"slk:d\u00e9chue de ce statut;cpos:1;pos:1;elm:context_link;itc:0;sec:content-canvas;outcm:mb_qualified_link;_E:mb_qualified_link;ct:story;\" class=\"link  yahoo-link\" target=\"_blank\" rel=\"noopener\">d\u00e9chue de ce statut<\/a> en 2006. Depuis, les astronomes du monde entier n&rsquo;en finissent plus d&rsquo;\u00e9mettre des hypoth\u00e8ses sur l&rsquo;existence d&rsquo;un autre corps astral pouvant \u00eatre consid\u00e9r\u00e9 comme <a data-i13n=\"cpos:2;pos:1\" href=\"https:\/\/fr.news.yahoo.com\/syst%C3%A8me-solaire-abrite-t-neuvi%C3%A8me-122728408.html\" data-ylk=\"slk:la &quot;Plan\u00e8te Neuf&quot; du syst\u00e8me solaire;cpos:2;pos:1;elm:context_link;itc:0;sec:content-canvas;outcm:mb_qualified_link;_E:mb_qualified_link;ct:story;\" class=\"link  yahoo-link\" target=\"_blank\" rel=\"noopener\">la \u00ab\u00a0Plan\u00e8te Neuf\u00a0\u00bb du syst\u00e8me solaire<\/a>.<\/p>\n<p>Des chercheurs de Princeton affirment avoir d\u00e9couvert une \u00ab\u00a0plan\u00e8te Y\u00a0\u00bb<\/p>\n<p>En juin dernier, des scientifiques japonais avaient \u00e0 nouveau relanc\u00e9 le d\u00e9bat en affirmant avoir observ\u00e9 un <a data-i13n=\"cpos:3;pos:1\" href=\"https:\/\/fr.news.yahoo.com\/des-astronomes-decouvrent-un-nouvel-objet-enigmatique-aux-confins-de-notre-systeme-solaire-101653027.html?guccounter=1\" data-ylk=\"slk:nouvel objet c\u00e9leste;cpos:3;pos:1;elm:context_link;itc:0;sec:content-canvas;outcm:mb_qualified_link;_E:mb_qualified_link;ct:story;\" class=\"link  yahoo-link\" target=\"_blank\" rel=\"noopener\">nouvel objet c\u00e9leste<\/a> au-del\u00e0 de la plan\u00e8te Neptune. Deux mois plus tard, ce sont cette fois des chercheurs am\u00e9ricains qui font part d&rsquo;une d\u00e9couverte qui pourrait s&rsquo;av\u00e9rer r\u00e9volutionnaire.<\/p>\n<p>Dans un article publi\u00e9 sur la plateforme <a data-i13n=\"cpos:4;pos:1\" href=\"https:\/\/arxiv.org\/abs\/2508.14156\" rel=\"nofollow noopener\" target=\"_blank\" data-ylk=\"slk:arXiv;cpos:4;pos:1;elm:context_link;itc:0;sec:content-canvas\" class=\"link \">arXiv<\/a>, deux astrophysiciens et un astrobiologiste de l&rsquo;Universit\u00e9 de Princeton ont r\u00e9v\u00e9l\u00e9 avoir identifi\u00e9 les traces d&rsquo;un astre baptis\u00e9 \u00ab\u00a0plan\u00e8te Y\u00a0\u00bb, aux dimensions proches de celles de la Terre, mais situ\u00e9 beaucoup plus loin dans le syst\u00e8me solaire.<\/p>\n<p>Etudier la zone situ\u00e9e au-del\u00e0 de Neptune<\/p>\n<p>Comme l&rsquo;explique un article de <a data-i13n=\"cpos:5;pos:1\" href=\"https:\/\/www.geo.fr\/sciences\/l-existence-d-une-mysterieuse-planete-y-detectee-dans-le-systeme-solaire-externe-228245\" rel=\"nofollow noopener\" target=\"_blank\" data-ylk=\"slk:Geo;cpos:5;pos:1;elm:context_link;itc:0;sec:content-canvas\" class=\"link \">Geo<\/a>, les scientifiques ont entam\u00e9 leurs recherches avec l&rsquo;ambition de confirmer la r\u00e9cente th\u00e9orie de la \u00ab\u00a0Plan\u00e8te Neuf\u00a0\u00bb, qui envisage que cette derni\u00e8re soit \u00ab\u00a0environ cinq \u00e0 dix fois plus massive que la Terre, et tr\u00e8s lointaine (au-del\u00e0 de 300 voire 500 fois la distance Terre-Soleil)\u00a0\u00bb.<\/p>\n<p>Pour ce faire, les auteurs de l&rsquo;\u00e9tude se sont int\u00e9ress\u00e9s de pr\u00e8s \u00e0 <a data-i13n=\"cpos:6;pos:1\" href=\"https:\/\/www.geo.fr\/sciences\/qu-est-ce-que-la-ceinture-de-kuiper-225146\" rel=\"nofollow noopener\" target=\"_blank\" data-ylk=\"slk:la ceinture de Kuiper;cpos:6;pos:1;elm:context_link;itc:0;sec:content-canvas\" class=\"link \">la ceinture de Kuiper<\/a>, l&rsquo;immense zone situ\u00e9e apr\u00e8s l\u2019orbite de Neptune, et notamment \u00e0 sa partie la plus \u00e9loign\u00e9e du Soleil, en partant de l&rsquo;hypoth\u00e8se qu'\u00a0\u00bben l&rsquo;absence de corps plan\u00e9taires invisibles dans le syst\u00e8me solaire externe, le plan moyen de la lointaine ceinture de Kuiper devrait \u00eatre le m\u00eame\u00a0\u00bb que celui du syst\u00e8me solaire.<\/p>\n<p>Une d\u00e9formation observable&#8230;<\/p>\n<p>Dans le r\u00e9sum\u00e9 de leur \u00e9tude, les chercheurs affirment avoir utilis\u00e9 \u00ab\u00a0une nouvelle m\u00e9thode de mesure du plan moyen, dont l&rsquo;ind\u00e9pendance vis-\u00e0-vis des biais d&rsquo;observation est d\u00e9montr\u00e9e\u00a0\u00bb. Cette m\u00e9thode leur a permis d&rsquo;observer une \u00ab\u00a0d\u00e9formation\u00a0\u00bb dans une zone comprise entre 80 et 200 unit\u00e9s astronomiques (UA, 1 UA correspondant \u00e0 la distance entre le Soleil et la Terre).<\/p>\n<p>Plus pr\u00e9cis\u00e9ment, comme le d\u00e9crit Geo, les chercheurs ont constat\u00e9 que dans cette zone, \u00ab\u00a0le plan moyen de la ceinture de Kuiper pr\u00e9sente une d\u00e9viation d\u2019environ 15 degr\u00e9s par rapport au plan du syst\u00e8me solaire\u00a0\u00bb, d\u00e9viation qui pourrait \u00eatre caus\u00e9e par la pr\u00e9sence d&rsquo;une plan\u00e8te \u00e0 proximit\u00e9.<\/p>\n<p>&#8230;.possiblement caus\u00e9e par une \u00ab\u00a0plan\u00e8te invisible\u00a0\u00bb<\/p>\n<p>\u00ab\u00a0Si ce n&rsquo;est pas une erreur, une explication possible de cette d\u00e9formation est l&rsquo;existence d&rsquo;une plan\u00e8te invisible dans le syst\u00e8me solaire externe\u00a0\u00bb, avancent ainsi les astronomes, qui ont ensuite r\u00e9alis\u00e9 une s\u00e9rie de simulations pour tenter d&rsquo;identifier plus pr\u00e9cis\u00e9ment ce corps c\u00e9leste.<\/p>\n<p>A l&rsquo;issue de ce processus, les scientifiques ont \u00ab\u00a0d\u00e9couvert qu&rsquo;une plan\u00e8te dont la masse se situe entre celle de Mercure et celle de la Terre, dont le demi-grand axe (trajectoire orbitale, ndlr) est compris entre 100 et 200 UA et dont l&rsquo;inclinaison est sup\u00e9rieure ou \u00e9gale \u00e0 10\u00b0 serait la cause la plus probable de cette d\u00e9formation\u00a0\u00bb.<\/p>\n<p>Tr\u00e8s diff\u00e9rente des pr\u00e9c\u00e9dentes hypoth\u00e8ses<\/p>\n<p>Interrog\u00e9 par <a data-i13n=\"cpos:7;pos:1\" href=\"https:\/\/www.newscientist.com\/article\/2493480-there-might-be-a-planet-y-hiding-in-the-outer-solar-system\/\" rel=\"nofollow noopener\" target=\"_blank\" data-ylk=\"slk:New Scientist;cpos:7;pos:1;elm:context_link;itc:0;sec:content-canvas\" class=\"link \">New Scientist<\/a>, l&rsquo;un des auteurs de l&rsquo;\u00e9tude, Amir Siraj, a jug\u00e9 que le signal rep\u00e9r\u00e9 par les chercheurs \u00e9tait \u00ab\u00a0modeste, mais cr\u00e9dible\u00a0\u00bb et estim\u00e9 qu&rsquo;il y avait \u00ab\u00a0entre 2% et 4%\u00a0\u00bb de chances que la d\u00e9formation observ\u00e9e soit due au hasard.<\/p>\n<p>Dans le cas o\u00f9 la plan\u00e8te hypoth\u00e9tique rep\u00e9r\u00e9e par les chercheurs serait bien r\u00e9elle, ces dernier pr\u00e9cisent qu'\u00a0\u00bbun tel corps se distingue, tant par sa masse que par son orbite, des diff\u00e9rentes versions d&rsquo;une plan\u00e8te invisible invoqu\u00e9es pour expliquer l&rsquo;agr\u00e9gation absidale dans le syst\u00e8me solaire externe\u00a0\u00bb.<\/p>\n<p>Une plan\u00e8te qui se serait form\u00e9e pr\u00e8s du Soleil avant d&rsquo;\u00eatre projet\u00e9e vers l&rsquo;ext\u00e9rieur<\/p>\n<p>En somme, les astronomes de l&rsquo;Universit\u00e9 de Princeton pensent donc avoir d\u00e9couvert une nouvelle plan\u00e8te aux confins de notre syst\u00e8me solaire, bien diff\u00e9rente des plan\u00e8tes naines comme Pluton et de la g\u00e9ante \u00ab\u00a0Plan\u00e8te Neuf\u00a0\u00bb, telle qu&rsquo;elle avait \u00e9t\u00e9 imagin\u00e9e au d\u00e9part.<\/p>\n<p>Selon l&rsquo;hypoth\u00e8se d\u00e9velopp\u00e9e par les chercheurs, cette \u00ab\u00a0plan\u00e8te Y\u00a0\u00bb, dont la taille serait proche de celle de la Terre, aurait pu se former dans une zone relativement proche du Soleil, avant d&rsquo;\u00eatre projet\u00e9e vers l&rsquo;ext\u00e9rieur du syst\u00e8me solaire par un ph\u00e9nom\u00e8ne de dispersion.<\/p>\n<p>Une hypoth\u00e8se jug\u00e9e \u00ab\u00a0plausible\u00a0\u00bb par un c\u00e9l\u00e8bre astronome australien<\/p>\n<p>Cit\u00e9 par le magazine <a data-i13n=\"cpos:8;pos:1\" href=\"https:\/\/www.earth.com\/news\/planet-y-signs-of-a-world-hiding-in-our-solar-system\/\" rel=\"nofollow noopener\" target=\"_blank\" data-ylk=\"slk:Earth;cpos:8;pos:1;elm:context_link;itc:0;sec:content-canvas\" class=\"link \">Earth<\/a>, l&rsquo;astrobiologiste australien Jonti Horner estime \u00ab\u00a0plausible\u00a0\u00bb l&rsquo;hypoth\u00e8se d\u00e9velopp\u00e9e par les chercheurs de Princeton. Selon ce sp\u00e9cialiste du syst\u00e8me solaire, il est tout \u00e0 fait possible qu&rsquo;une telle plan\u00e8te existe sans avoir jamais \u00e9t\u00e9 rep\u00e9r\u00e9e jusqu&rsquo;\u00e0 maintenant.<\/p>\n<p>\u00ab\u00a0Cela pourrait s&rsquo;expliquer par le fait que nous ignorons tout simplement ce qui se trouve \u00e0 l&rsquo;ext\u00e9rieur de la ceinture de Kuiper, \u00e9taye le scientifique. Ce n&rsquo;est qu&rsquo;au cours des deux derni\u00e8res d\u00e9cennies que nous avons v\u00e9ritablement commenc\u00e9 \u00e0 explorer l&rsquo;espace au-del\u00e0 de Neptune.\u00a0\u00bb<\/p>\n<p>La \u00ab\u00a0plan\u00e8te Y\u00a0\u00bb pourrait bient\u00f4t \u00eatre observ\u00e9e depuis la Terre<\/p>\n<p>Cette exploration devrait d&rsquo;ailleurs conna\u00eetre une acc\u00e9l\u00e9ration notable dans les mois \u00e0 venir, gr\u00e2ce \u00e0 l&rsquo;apport du nouvel observatoire Vera C. Rubin install\u00e9 au Chili, qui promet une v\u00e9ritable <a data-i13n=\"cpos:9;pos:1\" href=\"https:\/\/fr.news.yahoo.com\/grande-cam%C3%A9ra-monde-d%C3%A9nicher-mati%C3%A8re-123138161.html\" data-ylk=\"slk:r\u00e9volution dans le monde de l&#039;astronomie;cpos:9;pos:1;elm:context_link;itc:0;sec:content-canvas;outcm:mb_qualified_link;_E:mb_qualified_link;ct:story;\" class=\"link  yahoo-link\" target=\"_blank\" rel=\"noopener\">r\u00e9volution dans le monde de l&rsquo;astronomie<\/a>. \u00ab\u00a0Rubin va rapidement \u00e9largir le catalogue d&rsquo;objets transneptuniens bien mesur\u00e9s\u00a0\u00bb, confirme Amir Siraj.<\/p>\n<p>En conclusion de leur \u00e9tude, ce dernier et ses co-auteurs affirment ainsi que ce t\u00e9lescope ultramoderne devrait \u00eatre en mesure de \u00ab\u00a0confirmer ou infirmer l&rsquo;existence de la d\u00e9formation rapport\u00e9e ici\u00a0\u00bb, mais aussi de \u00ab\u00a0d\u00e9tecter la plan\u00e8te qui pourrait la produire\u00a0\u00bb. On devrait donc bient\u00f4t en savoir plus sur cette fameuse \u00ab\u00a0plan\u00e8te Y\u00a0\u00bb&#8230;<\/p>\n","protected":false},"excerpt":{"rendered":"Une nouvelle piste pour identifier une potentielle neuvi\u00e8me plan\u00e8te dans notre syst\u00e8me solaire. Alors que les d\u00e9bats font&hellip;\n","protected":false},"author":2,"featured_media":345399,"comment_status":"","ping_status":"","sticky":false,"template":"","format":"standard","meta":{"footnotes":""},"categories":[7],"tags":[24904,1011,27,52,43,40,41,39,24901,42,44,48155],"class_list":{"0":"post-345398","1":"post","2":"type-post","3":"status-publish","4":"format-standard","5":"has-post-thumbnail","7":"category-sciences-et-technologies","8":"tag-ceinture-de-kuiper","9":"tag-fr","10":"tag-france","11":"tag-planete","12":"tag-science","13":"tag-science-and-technology","14":"tag-sciences","15":"tag-sciences-et-technologies","16":"tag-systeme-solaire","17":"tag-technologies","18":"tag-technology","19":"tag-terre-autour-du-soleil"},"share_on_mastodon":{"url":"https:\/\/pubeurope.com\/@fr\/115095640770994322","error":""},"_links":{"self":[{"href":"https:\/\/www.europesays.com\/fr\/wp-json\/wp\/v2\/posts\/345398","targetHints":{"allow":["GET"]}}],"collection":[{"href":"https:\/\/www.europesays.com\/fr\/wp-json\/wp\/v2\/posts"}],"about":[{"href":"https:\/\/www.europesays.com\/fr\/wp-json\/wp\/v2\/types\/post"}],"author":[{"embeddable":true,"href":"https:\/\/www.europesays.com\/fr\/wp-json\/wp\/v2\/users\/2"}],"replies":[{"embeddable":true,"href":"https:\/\/www.europesays.com\/fr\/wp-json\/wp\/v2\/comments?post=345398"}],"version-history":[{"count":0,"href":"https:\/\/www.europesays.com\/fr\/wp-json\/wp\/v2\/posts\/345398\/revisions"}],"wp:featuredmedia":[{"embeddable":true,"href":"https:\/\/www.europesays.com\/fr\/wp-json\/wp\/v2\/media\/345399"}],"wp:attachment":[{"href":"https:\/\/www.europesays.com\/fr\/wp-json\/wp\/v2\/media?parent=345398"}],"wp:term":[{"taxonomy":"category","embeddable":true,"href":"https:\/\/www.europesays.com\/fr\/wp-json\/wp\/v2\/categories?post=345398"},{"taxonomy":"post_tag","embeddable":true,"href":"https:\/\/www.europesays.com\/fr\/wp-json\/wp\/v2\/tags?post=345398"}],"curies":[{"name":"wp","href":"https:\/\/api.w.org\/{rel}","templated":true}]}}