{"id":345402,"date":"2025-08-26T14:55:16","date_gmt":"2025-08-26T14:55:16","guid":{"rendered":"https:\/\/www.europesays.com\/fr\/345402\/"},"modified":"2025-08-26T14:55:16","modified_gmt":"2025-08-26T14:55:16","slug":"un-japonais-de-102-ans-devient-la-personne-la-plus-agee-a-atteindre-le-sommet-du-mont-fuji-actualites","status":"publish","type":"post","link":"https:\/\/www.europesays.com\/fr\/345402\/","title":{"rendered":"Un Japonais de 102 ans devient la personne la plus \u00e2g\u00e9e \u00e0 atteindre le sommet du mont Fuji : Actualit\u00e9s"},"content":{"rendered":"<p class=\"lead \"><strong>Le plus haut sommet du Japon a un nouveau doyen. Le 5 ao\u00fbt, un centenaire japonais a r\u00e9ussi l\u2019ascension, marquant un record qui vient d&rsquo;\u00eatre enregistr\u00e9 par le Guinness World Records.<\/strong><\/p>\n<p class=\"lead \">C\u2019est un exploit qui restera grav\u00e9 dans l\u2019histoire du mont Fuji. Le 5 ao\u00fbt, Kokichi Akuzawa, un Japonais de 102 ans, a atteint le sommet culminant \u00e0 3 776 m\u00e8tres, apr\u00e8s une p\u00e9rilleuse ascension de trois jours, selon le site du <a href=\"https:\/\/www.guinnessworldrecords.com\/news\/2025\/8\/102-year-old-fights-back-from-heart-failure-to-become-oldest-person-to-summit-mount-fuji\" target=\"_blank\" rel=\"nofollow noopener\">Guinness World Records<\/a>, qui a enregistr\u00e9 un record officiel. <\/p>\n<p class=\"lead \">Le centenaire, ancien \u00e9leveur de b\u00e9tail, avait d\u00e9j\u00e0 escalad\u00e9 le sommet il y a six ans, \u00e0 96 ans. Mais, en cet \u00e9t\u00e9 2025, il est all\u00e9 encore plus loin dans la performance. Le sportif s&rsquo;astreint \u00e0 un entra\u00eenement impressionnant : Kokichi Akuzawa marche une heure par jour, et effectue une ascension de montagne par semaine.<\/p>\n<p>                                                                                                \u00ab\u00a0Plus jamais !\u00a0\u00bb<\/p>\n<p class=\"lead \">Kokichi Akuzawa a mis trois jours \u00e0 gravir le mont Fuji, alors que l\u2019ascension par la route qu\u2019il a emprunt\u00e9e prend en g\u00e9n\u00e9ral six heures. Il a pass\u00e9 deux nuits dans une tente, \u00e0 diff\u00e9rentes \u00e9tapes de l\u2019ascension. Il \u00e9tait accompagn\u00e9 d\u2019une \u00e9quipe, dont l\u2019une de ses petites-filles, infirmi\u00e8re de profession. Sa condition physique s\u2019\u00e9tait d\u00e9grad\u00e9e ces derniers mois : il avait fait une mauvaise chute en janvier, avant de souffrir d\u2019un zona, puis d\u2019\u00eatre hospitalis\u00e9 en raison d\u2019une insuffisance cardiaque.<\/p>\n<p class=\"lead \">Interrog\u00e9 par les \u00e9quipes du Guinness World Records apr\u00e8s son exploit, il a d\u00e9clar\u00e9 que l\u2019escalade avait \u00ab\u00a0\u00e9t\u00e9 dure, et le ressenti tr\u00e8s diff\u00e9rent de la derni\u00e8re fois. Je suis \u00e9merveill\u00e9 d\u2019avoir r\u00e9ussi \u00e0 parvenir au sommet. Je n\u2019aurais pas pu le faire sans l\u2019aide de tout le monde. Je suis tr\u00e8s heureux\u00a0\u00bb. \u00c0 la question de savoir s\u2019il retenterait l\u2019exp\u00e9rience une nouvelle fois, le centenaire s\u2019est cependant montr\u00e9 tr\u00e8s clair : \u00ab\u00a0plus jamais !\u00a0\u00bb<\/p>\n<p class=\"small font-weight-bold text-gray3 \"> publi\u00e9 le 26 ao\u00fbt \u00e0 14h18, Lena Gomez, 6Medias<\/p>\n<p>                             Partager<\/p>\n","protected":false},"excerpt":{"rendered":"Le plus haut sommet du Japon a un nouveau doyen. Le 5 ao\u00fbt, un centenaire japonais a r\u00e9ussi&hellip;\n","protected":false},"author":2,"featured_media":345403,"comment_status":"","ping_status":"","sticky":false,"template":"","format":"standard","meta":{"footnotes":""},"categories":[5],"tags":[11,1011,27,14,12,28],"class_list":{"0":"post-345402","1":"post","2":"type-post","3":"status-publish","4":"format-standard","5":"has-post-thumbnail","7":"category-international","8":"tag-actualites","9":"tag-fr","10":"tag-france","11":"tag-international","12":"tag-news","13":"tag-world"},"share_on_mastodon":{"url":"https:\/\/pubeurope.com\/@fr\/115095648492868922","error":""},"_links":{"self":[{"href":"https:\/\/www.europesays.com\/fr\/wp-json\/wp\/v2\/posts\/345402","targetHints":{"allow":["GET"]}}],"collection":[{"href":"https:\/\/www.europesays.com\/fr\/wp-json\/wp\/v2\/posts"}],"about":[{"href":"https:\/\/www.europesays.com\/fr\/wp-json\/wp\/v2\/types\/post"}],"author":[{"embeddable":true,"href":"https:\/\/www.europesays.com\/fr\/wp-json\/wp\/v2\/users\/2"}],"replies":[{"embeddable":true,"href":"https:\/\/www.europesays.com\/fr\/wp-json\/wp\/v2\/comments?post=345402"}],"version-history":[{"count":0,"href":"https:\/\/www.europesays.com\/fr\/wp-json\/wp\/v2\/posts\/345402\/revisions"}],"wp:featuredmedia":[{"embeddable":true,"href":"https:\/\/www.europesays.com\/fr\/wp-json\/wp\/v2\/media\/345403"}],"wp:attachment":[{"href":"https:\/\/www.europesays.com\/fr\/wp-json\/wp\/v2\/media?parent=345402"}],"wp:term":[{"taxonomy":"category","embeddable":true,"href":"https:\/\/www.europesays.com\/fr\/wp-json\/wp\/v2\/categories?post=345402"},{"taxonomy":"post_tag","embeddable":true,"href":"https:\/\/www.europesays.com\/fr\/wp-json\/wp\/v2\/tags?post=345402"}],"curies":[{"name":"wp","href":"https:\/\/api.w.org\/{rel}","templated":true}]}}