{"id":34542,"date":"2025-04-18T17:15:16","date_gmt":"2025-04-18T17:15:16","guid":{"rendered":"https:\/\/www.europesays.com\/fr\/34542\/"},"modified":"2025-04-18T17:15:16","modified_gmt":"2025-04-18T17:15:16","slug":"le-spray-qui-freine-la-calvitie-arrive-en-pharmacie","status":"publish","type":"post","link":"https:\/\/www.europesays.com\/fr\/34542\/","title":{"rendered":"le spray qui freine la calvitie arrive en pharmacie"},"content":{"rendered":"<p>             <a href=\"https:\/\/ma-sante.news\/wp-content\/uploads\/2025\/04\/nouveau-traitement-contre-la-calvitie-pharmacie-france-Ma-Sante.jpg\" data-caption=\"Fincrezo est inflammable car il contient de l\u2019\u00e9thanol. Il est donc conseill\u00e9 de l\u2019utiliser loin de toute flamme ou source de chaleur. \u00a9 Freepik \" target=\"_blank\" rel=\"noopener\"><img loading=\"lazy\" decoding=\"async\" width=\"696\" height=\"470\" class=\"entry-thumb td-modal-image\" src=\"data:image\/svg+xml,%3Csvg%20xmlns=\" http:=\"\" data-lazy- data-lazy- alt=\"Un homme qui utilise le nouveau traitement contre la calvitie, le Fincrezo.\" title=\"nouveau traitement contre la calvitie pharmacie france Ma Sant\u00e9\" data-lazy-src=\"https:\/\/www.europesays.com\/fr\/wp-content\/uploads\/2025\/04\/nouveau-traitement-contre-la-calvitie-pharmacie-france-Ma-Sante-696x470.jpg\"\/><\/a>Fincrezo est inflammable car il contient de l\u2019\u00e9thanol. Il est donc conseill\u00e9 de l\u2019utiliser loin de toute flamme ou source de chaleur. \u00a9 Freepik                                     \t\t\t             <a class=\"gofollow\" data-track=\"MjgsMCwxLDYw\" href=\"https:\/\/ma-sante.news\/inscrivez-vous-a-notre-newsletter\/\" target=\"_blank\" rel=\"noopener\"><img loading=\"lazy\" decoding=\"async\" width=\"1068\" height=\"131\" src=\"data:image\/svg+xml,%3Csvg%20xmlns=\" http:=\"\" data-lazy-src=\"https:\/\/www.europesays.com\/fr\/wp-content\/uploads\/2025\/03\/banniere-newsletter.png\"\/><\/a> <\/p>\n<p>La perte de cheveux est un sujet qui peut vite devenir sensible. En France, 7 hommes sur 10 sont concern\u00e9s par la calvitie \u00e0 partir de 35 ans. Et \u00e7a peut commencer t\u00f4t, parfois d\u00e8s 20 ans. Ce ph\u00e9nom\u00e8ne, qu\u2019on appelle aussi <a href=\"https:\/\/ma-sante.news\/alopecie-chez-femmes-quelles-solutions-pour-traiter-chute-cheveux\/\" target=\"_blank\" rel=\"noopener\">alop\u00e9cie <\/a>androg\u00e9n\u00e9tique, est li\u00e9 \u00e0 des facteurs hormonaux et g\u00e9n\u00e9tiques.<\/p>\n<p>Jusqu\u2019\u00e0 pr\u00e9sent, les options \u00e9taient limit\u00e9es : soit des compl\u00e9ments sans r\u00e9elle efficacit\u00e9, soit des m\u00e9dicaments comme le finast\u00e9ride en comprim\u00e9, mais avec des effets secondaires parfois g\u00eanants. Mais \u00e7a change.<\/p>\n<p>        Un spray qui cible directement le cuir chevelu    <strong>Pourquoi c\u2019est int\u00e9ressant ?<\/strong>    <\/p>\n<p>Fincrezo, c\u2019est le nom du nouveau traitement. Il vient tout juste d\u2019arriver dans les pharmacies fran\u00e7aises (avril 2025) et il a une particularit\u00e9 : il ne se prend pas par voie orale, mais en spray, \u00e0 vaporiser sur les zones d\u00e9garnies du cr\u00e2ne.<\/p>\n<p>Ce spray contient du finast\u00e9ride, un m\u00e9dicament bien connu pour<a href=\"https:\/\/ma-sante.news\/calvitie-freiner-chute-cheveux\/\" target=\"_blank\" rel=\"noopener\"> freiner la chute de cheveux<\/a>. Sauf qu\u2019en version comprim\u00e9, il peut provoquer des effets secondaires. L\u00e0, en application locale, le m\u00e9dicament agit directement sur les follicules capillaires sans trop passer dans le sang. R\u00e9sultat : moins de risques d\u2019effets secondaires.<\/p>\n<p>Les \u00e9tudes montrent que la quantit\u00e9 de finast\u00e9ride qui passe dans le sang est jusqu\u2019\u00e0 100 fois plus faible avec le spray qu\u2019avec un comprim\u00e9 classique.<\/p>\n<p>        <strong>Comment s\u2019utilise ce traitement calvitie ?<\/strong>    <\/p>\n<p>L\u2019application est assez simple, mais il faut \u00eatre r\u00e9gulier :<\/p>\n<ul class=\"wp-block-list\">\n<li>Pulv\u00e9riser 1 \u00e0 4 fois par jour, selon la zone touch\u00e9e<\/li>\n<li>Toujours sur un cuir chevelu propre et sec<\/li>\n<li>Ne pas rincer apr\u00e8s<\/li>\n<li>\u00c9viter le contact avec les femmes enceintes (risques hormonaux)<\/li>\n<\/ul>\n<p>Le traitement est r\u00e9serv\u00e9 aux hommes de 18 \u00e0 41 ans, souffrant de calvitie mod\u00e9r\u00e9e. De plus, il faut savoir que<a href=\"https:\/\/ma-sante.news\/implants-capilaires-solutions-pour-vaincre-calvitie-169278\/\" target=\"_blank\" rel=\"noopener\"> la repousse des cheveux prend du temps<\/a>. Avec Fincrezo, les premiers r\u00e9sultats peuvent appara\u00eetre apr\u00e8s 3 \u00e0 6 mois d\u2019utilisation quotidienne. Plus on commence t\u00f4t, mieux c\u2019est.<\/p>\n<p>        Effets secondaires : quels sont risques de ce nouveau traitement contre la calvitie ?    <\/p>\n<p>M\u00eame si ce spray limite les effets ind\u00e9sirables, ils ne sont pas inexistants. Quelques cas rapport\u00e9s :<\/p>\n<p>Si vous ressentez quelque chose d\u2019anormal, parlez-en \u00e0 votre m\u00e9decin sans attendre.<\/p>\n<p>        Est-ce rembours\u00e9 ? \u00c0 quel prix ?    <\/p>\n<p>Pour l\u2019instant, Fincrezo n\u2019est pas rembours\u00e9 par la S\u00e9curit\u00e9 sociale. Le prix tourne autour de 40 \u00e0 60 euros par flacon, soit environ un mois de traitement. Il est vendu sur ordonnance uniquement, donc un passage chez le m\u00e9decin est indispensable.<\/p>\n<p>Alors, moins d\u2019effets secondaires, application facile, et surtout un vrai espoir pour tous ceux qui voient leurs cheveux tomber un peu plus chaque jour. Mais attention : comme tout traitement, ce n\u2019est pas magique, ni sans risques. Il faut de la patience, de la r\u00e9gularit\u00e9, et toujours l\u2019avis d\u2019un professionnel de sant\u00e9.<\/p>\n<blockquote class=\"wp-block-quote is-layout-flow wp-block-quote-is-layout-flow\">\n<p><strong>\u00c0 SAVOIR\u00a0<\/strong><\/p>\n<p>Le flacon de Fincrezo contient environ 180 pulv\u00e9risations. Selon la dose utilis\u00e9e (1 \u00e0 4 par jour), il peut durer de 1 \u00e0 6 mois.<\/p>\n<\/blockquote>\n<p>  <a class=\"gofollow\" data-track=\"MTIsMCwxLDYw\" href=\"https:\/\/ma-sante.news\/annonceurs\/\" target=\"_blank\" rel=\"noopener\"><img loading=\"lazy\" decoding=\"async\" width=\"2560\" height=\"2133\" src=\"data:image\/svg+xml,%3Csvg%20xmlns=\" http:=\"\" data-lazy-src=\"https:\/\/www.europesays.com\/fr\/wp-content\/uploads\/2025\/03\/pub-annonceurs-4-scaled.jpg\"\/><\/a>    <img loading=\"lazy\" decoding=\"async\" width=\"755\" height=\"495\" src=\"data:image\/svg+xml,%3Csvg%20xmlns=\" http:=\"\" data-lazy-src=\"https:\/\/www.europesays.com\/fr\/wp-content\/uploads\/2025\/03\/Image1.jpg\"\/>Inscrivez-vous \u00e0 notre newsletter <br \/>Ma Sant\u00e9                      <\/p>\n","protected":false},"excerpt":{"rendered":"Fincrezo est inflammable car il contient de l\u2019\u00e9thanol. Il est donc conseill\u00e9 de l\u2019utiliser loin de toute flamme&hellip;\n","protected":false},"author":2,"featured_media":34543,"comment_status":"","ping_status":"","sticky":false,"template":"","format":"standard","meta":{"footnotes":""},"categories":[10],"tags":[11288,11289,1011,27,72,71],"class_list":{"0":"post-34542","1":"post","2":"type-post","3":"status-publish","4":"format-standard","5":"has-post-thumbnail","7":"category-sante","8":"tag-cheveux","9":"tag-chute-cheveux","10":"tag-fr","11":"tag-france","12":"tag-health","13":"tag-sante"},"share_on_mastodon":{"url":"https:\/\/pubeurope.com\/@fr\/114360098720059466","error":""},"_links":{"self":[{"href":"https:\/\/www.europesays.com\/fr\/wp-json\/wp\/v2\/posts\/34542","targetHints":{"allow":["GET"]}}],"collection":[{"href":"https:\/\/www.europesays.com\/fr\/wp-json\/wp\/v2\/posts"}],"about":[{"href":"https:\/\/www.europesays.com\/fr\/wp-json\/wp\/v2\/types\/post"}],"author":[{"embeddable":true,"href":"https:\/\/www.europesays.com\/fr\/wp-json\/wp\/v2\/users\/2"}],"replies":[{"embeddable":true,"href":"https:\/\/www.europesays.com\/fr\/wp-json\/wp\/v2\/comments?post=34542"}],"version-history":[{"count":0,"href":"https:\/\/www.europesays.com\/fr\/wp-json\/wp\/v2\/posts\/34542\/revisions"}],"wp:featuredmedia":[{"embeddable":true,"href":"https:\/\/www.europesays.com\/fr\/wp-json\/wp\/v2\/media\/34543"}],"wp:attachment":[{"href":"https:\/\/www.europesays.com\/fr\/wp-json\/wp\/v2\/media?parent=34542"}],"wp:term":[{"taxonomy":"category","embeddable":true,"href":"https:\/\/www.europesays.com\/fr\/wp-json\/wp\/v2\/categories?post=34542"},{"taxonomy":"post_tag","embeddable":true,"href":"https:\/\/www.europesays.com\/fr\/wp-json\/wp\/v2\/tags?post=34542"}],"curies":[{"name":"wp","href":"https:\/\/api.w.org\/{rel}","templated":true}]}}