{"id":345422,"date":"2025-08-26T15:07:34","date_gmt":"2025-08-26T15:07:34","guid":{"rendered":"https:\/\/www.europesays.com\/fr\/345422\/"},"modified":"2025-08-26T15:07:34","modified_gmt":"2025-08-26T15:07:34","slug":"une-affiche-de-gala-pour-les-fans-de-basket-a-petit-caux","status":"publish","type":"post","link":"https:\/\/www.europesays.com\/fr\/345422\/","title":{"rendered":"une affiche de gala pour les fans de basket \u00e0 Petit-Caux"},"content":{"rendered":"<p>            Par<br \/>\n        <strong><br \/>\n            <a href=\"https:\/\/actu.fr\/auteur\/informations-dieppoises\" title=\"Consulter tous les articles de R\u00e9daction Dieppe\" target=\"_blank\" rel=\"noopener\">R\u00e9daction Dieppe<\/a><br \/>\n        <\/strong><\/p>\n<p>        Publi\u00e9 le<\/p>\n<p>            26 ao\u00fbt 2025 \u00e0 16h17        <\/p>\n<p>Le Seventy Six Basket Belleville-sur-Mer (SSBB) nous a donn\u00e9 l\u2019habitude d\u2019organiser de belles rencontres de d\u00e9but de saison et l\u2019ann\u00e9e 2025 ne d\u00e9roge pas \u00e0 la r\u00e8gle. Mercredi 27 ao\u00fbt 2025, deux \u00e9quipes de l\u2019antichambre de l\u2019\u00e9lite fran\u00e7aise, Rouen M\u00e9tropole Basket et Denain Voltaire, s\u2019affrontent dans un match revanche de celui de l\u2019an dernier. Il y avait eu beaucoup de tension en fin de rencontre et les deux \u00e9quipes voudront encore l\u2019emporter pour pr\u00e9parer au mieux leur saison.<\/p>\n<p class=\" wall-content\">Pr\u00e9sident du Seventy Six Basket <a href=\"https:\/\/actu.fr\/normandie\/petit-caux_76618\" target=\"_blank\" rel=\"noopener\">Belleville-sur-Mer (Seine-Maritime)<\/a>, Christophe R\u00e9al est heureux d\u2019organiser une <b>nouvelle rencontre de gala<\/b> avec toute son \u00e9quipe de b\u00e9n\u00e9voles <b>ce mercredi 27 ao\u00fbt\u00a0 2025 \u00e0 20 h <\/b>au gymnase de Belleville-sur-Mer.<\/p>\n<p>Deux \u00e9quipes d\u2019Elite 2<\/p>\n<p class=\" wall-content\">Pour l\u2019occasion, le gymnase bellevillais accueille <b>deux \u00e9quipes d\u2019\u00c9lite 2 (ex-Pro B<\/b>),<b> Rouen et Denain Voltaire.<\/b> La confrontation s\u2019annonce passionnante entre deux \u00e9quipes qui sont en phase de pr\u00e9paration et doivent encore parfaire leurs r\u00e9glages pour d\u00e9buter au mieux la saison.<\/p>\n<p class=\" wall-content\">Apr\u00e8s la grande r\u00e9ussite de sa brocante, le Seventy Six Basket Belleville-sur-Mer organise ce match de basket comme il l\u2019avait d\u00e9j\u00e0 fait en fin d\u2019\u00e9t\u00e9 2024. \u00ab Il y avait eu une interruption de cinq ans entre\u00a02019 et\u00a02024 mais c\u2019est reparti \u00bb, se r\u00e9jouit Christophe R\u00e9al qui entretient d\u2019excellentes relations avec les dirigeants des clubs de Rouen et Denain Voltaire. L\u2019\u00e9v\u00e9nement est toujours appr\u00e9ci\u00e9 \u00e0 sa juste valeur.<\/p>\n<p>    <img   decoding=\"async\" loading=\"lazy\" class=\"size-large\" src=\"https:\/\/www.europesays.com\/fr\/wp-content\/uploads\/2025\/08\/7d4b5e643ba86815b5e643ba8655b5v-960x640.jpeg\" alt=\"L'organisateur de la rencontre Christophe R\u00e9al (\u00e0 gauche) a pris plaisir \u00e0 \u00e9changer avec Sylvain Delorme (\u00e0 droite), coach du Rouen M\u00e9tropole Basket).\" width=\"960\" height=\"640\"\/><br \/>\n    L\u2019organisateur de la rencontre Christophe R\u00e9al (\u00e0 gauche) a pris plaisir \u00e0 \u00e9changer avec Sylvain Delorme (\u00e0 droite), coach du Rouen M\u00e9tropole Basket). \u00a9Christophe R\u00e9alVers un nouveau record de spectateurs ?<\/p>\n<p class=\" wall-content\">\u00ab L\u2019an dernier, nous avions \u00e9tabli <b>un record avec 538 entr\u00e9es payantes<\/b>, souligne Christophe R\u00e9al. Nous esp\u00e9rons faire mieux mercredi \u00bb. Plus de 400 billets ont d\u00e9j\u00e0 \u00e9t\u00e9 vendus pour cet \u00e9v\u00e9nement, par internet via le site helloasso.com ou en direct. \u00ab Beaucoup de gens de la r\u00e9gion dieppoise se d\u00e9placent pour ce match \u00bb, souligne Christophe R\u00e9al. Aussi, des supporters de Denain et de Rouen seront \u00e9videmment pr\u00e9sents pour assister aux premiers pas de leur \u00e9quipe.<\/p>\n<p>Vid\u00e9os : en ce moment sur Actu<\/p>\n<p class=\" wall-content\">Chaque formation a recrut\u00e9 durant l\u2019intersaison et les matches de pr\u00e9paration constituent toujours l\u2019occasion de d\u00e9couvrir les nouveaux joueurs des deux \u00e9quipes en action. Il y aura notamment le nouveau meneur de jeu am\u00e9ricain<b> Tray Croft (Rouen) <\/b>et le spectaculaire ailier am\u00e9ricain <b>Wendell Davis (Denain).<\/b><\/p>\n<p>Un show durant la mi-temps<\/p>\n<p class=\" wall-content\">Cela nous promet un beau spectacle \u00e0 Belleville-sur-Mer dans une <b>ambiance festive<\/b>. En effet, il y aura un show durant la mi-temps avec une \u00ab animation smashes \u00bb accompagn\u00e9e d\u2019un lancer de tee-shirts \u00e0 destination des supporters. Cela constitue une raison suppl\u00e9mentaire d\u2019assister \u00e0 cette rencontre.<\/p>\n<p>Votre r\u00e9gion, votre actu !<\/p>\n<p>Recevez chaque jour les infos qui comptent pour vous.<\/p>\n<p>\t<a href=\"https:\/\/actu.fr\/newsletter\" class=\"ac-btn ac-btn--corner ac-btn--medium ac-btn--blue800\" target=\"_blank\" rel=\"noopener\">S&rsquo;incrire<\/a><\/p>\n<p>L\u2019entr\u00e9e pour cette rencontre Rouen-Denain est fix\u00e9e au tarif de 6\u00a0\u20ac (gratuit pour les moins de 5\u00a0ans), dont 3\u00a0\u20ac seront revers\u00e9s \u00e0 l\u2019h\u00f4pital de Dieppe pour participer, comme l\u2019an dernier, au financement d\u2019un rameur pour le service oncologie. En effet, un deuxi\u00e8me rameur est n\u00e9cessaire au centre hospitalier puisque le premier conna\u00eet un franc succ\u00e8s.<\/p>\n<p class=\" wall-content\">Personnalisez votre actualit\u00e9 en ajoutant vos villes et m\u00e9dias en favori avec <a href=\"https:\/\/moncompte.actu.fr\" title=\"D\u00e9couvez Mon Actu\" rel=\"nofollow noopener\" data-trk=\"{&quot;cta&quot;:{&quot;action&quot;:&quot;https:\\\/\\\/moncompte.actu.fr&quot;,&quot;category&quot;:&quot;mon compte&quot;,&quot;from&quot;:&quot;article footer&quot;,&quot;name&quot;:&quot;Mon actu&quot;,&quot;type&quot;:&quot;cta&quot;}}\" target=\"_blank\">Mon Actu<\/a>.<\/p>\n","protected":false},"excerpt":{"rendered":"Par R\u00e9daction Dieppe Publi\u00e9 le 26 ao\u00fbt 2025 \u00e0 16h17 Le Seventy Six Basket Belleville-sur-Mer (SSBB) nous a&hellip;\n","protected":false},"author":2,"featured_media":345423,"comment_status":"","ping_status":"","sticky":false,"template":"","format":"standard","meta":{"footnotes":""},"categories":[9587],"tags":[1111,11,1465,1777,674,1011,27,12,5161,25,9851,9590,3400,517,60],"class_list":{"0":"post-345422","1":"post","2":"type-post","3":"status-publish","4":"format-standard","5":"has-post-thumbnail","7":"category-rouen","8":"tag-actu","9":"tag-actualites","10":"tag-basket","11":"tag-eu","12":"tag-europe","13":"tag-fr","14":"tag-france","15":"tag-news","16":"tag-normandie","17":"tag-republique-francaise","18":"tag-rmb-rouen-metropole-basket","19":"tag-rouen","20":"tag-solidarite","21":"tag-sport","22":"tag-sports"},"share_on_mastodon":{"url":"https:\/\/pubeurope.com\/@fr\/115095696282038688","error":""},"_links":{"self":[{"href":"https:\/\/www.europesays.com\/fr\/wp-json\/wp\/v2\/posts\/345422","targetHints":{"allow":["GET"]}}],"collection":[{"href":"https:\/\/www.europesays.com\/fr\/wp-json\/wp\/v2\/posts"}],"about":[{"href":"https:\/\/www.europesays.com\/fr\/wp-json\/wp\/v2\/types\/post"}],"author":[{"embeddable":true,"href":"https:\/\/www.europesays.com\/fr\/wp-json\/wp\/v2\/users\/2"}],"replies":[{"embeddable":true,"href":"https:\/\/www.europesays.com\/fr\/wp-json\/wp\/v2\/comments?post=345422"}],"version-history":[{"count":0,"href":"https:\/\/www.europesays.com\/fr\/wp-json\/wp\/v2\/posts\/345422\/revisions"}],"wp:featuredmedia":[{"embeddable":true,"href":"https:\/\/www.europesays.com\/fr\/wp-json\/wp\/v2\/media\/345423"}],"wp:attachment":[{"href":"https:\/\/www.europesays.com\/fr\/wp-json\/wp\/v2\/media?parent=345422"}],"wp:term":[{"taxonomy":"category","embeddable":true,"href":"https:\/\/www.europesays.com\/fr\/wp-json\/wp\/v2\/categories?post=345422"},{"taxonomy":"post_tag","embeddable":true,"href":"https:\/\/www.europesays.com\/fr\/wp-json\/wp\/v2\/tags?post=345422"}],"curies":[{"name":"wp","href":"https:\/\/api.w.org\/{rel}","templated":true}]}}