{"id":345424,"date":"2025-08-26T15:08:11","date_gmt":"2025-08-26T15:08:11","guid":{"rendered":"https:\/\/www.europesays.com\/fr\/345424\/"},"modified":"2025-08-26T15:08:11","modified_gmt":"2025-08-26T15:08:11","slug":"grenoble-jeudi-soir-concert-de-rentree-du-theatre-sainte-marie-den-bas","status":"publish","type":"post","link":"https:\/\/www.europesays.com\/fr\/345424\/","title":{"rendered":"Grenoble. Jeudi soir, concert de rentr\u00e9e du th\u00e9\u00e2tre Sainte-Marie-d\u2019en-Bas"},"content":{"rendered":"<p>Artiste phare de la nouvelle g\u00e9n\u00e9ration du Sud alg\u00e9rien, h\u00e9riti\u00e8re de la tradition gnawa et de ses transes qui soignent l\u2019\u00e2me, Souad Asla d\u00e9borde de talent et d\u2019humanit\u00e9.<\/p>\n<p>Sa voix nous emm\u00e8ne aux portes du d\u00e9sert, tandis que sa musique riche en m\u00e9tissages porte une identit\u00e9 forte et un esprit rebelle qui nous laisse entrevoir le futur. Avec ses complices musiciens qui l\u2019accompagnent aux percussions, a\u0300 la guitare, a\u0300 la basse et aux claviers, ils finissent par ne former qu\u2019un avec le public. <\/p>\n<p>Ce concert sera \u00e9galement l\u2019occasion de voir sur sc\u00e8ne pour quelques chansons un groupe de choristes ayant b\u00e9n\u00e9fici\u00e9 d\u2019ateliers de d\u00e9couverte et d\u2019un stage de perfectionnement avec Souad Asla.<\/p>\n<p class=\"note\">Jeudi 28\u00a0ao\u00fbt \u00e0 18\u00a0h\u00a030 sur le parvis du th\u00e9\u00e2tre Sainte-Marie-d\u2019en-Bas \u00e0 Grenoble. Gratuit.<\/p>\n<p>Ce contenu est bloqu\u00e9 car vous n&rsquo;avez pas accept\u00e9 les cookies et autres traceurs.<\/p>\n<p>En cliquant sur \u00ab J\u2019accepte \u00bb, les cookies et autres traceurs seront d\u00e9pos\u00e9s et vous pourrez visualiser les contenus  (<a href=\"\" class=\"consentModule_policy\" target=\"_blank\" title=\"Consulter la politique de protection des donn\u00e9es du fournisseur\">plus d&rsquo;informations<\/a>).<\/p>\n<p>En cliquant sur \u00ab J\u2019accepte tous les cookies \u00bb, vous autorisez des d\u00e9p\u00f4ts de cookies et autres traceurs pour le stockage de vos donn\u00e9es sur nos sites et applications \u00e0 des fins de personnalisation et de ciblage publicitaire.<\/p>\n<p class=\"consentModule_secondaryText\">Vous gardez la possibilit\u00e9 de retirer votre consentement \u00e0 tout moment en consultant notre <a href=\"https:\/\/www.ledauphine.com\/protection-des-donnees\" target=\"_blank\" title=\"Consulter notre politique de protection des donn\u00e9es\" rel=\"noopener\">politique de protection des donn\u00e9es<\/a>. <br \/>&#13;<br \/>\n            <a href=\"https:\/\/www.ledauphine.com\/culture-loisirs\/2025\/08\/26\/javascript:Didomi.notice.show()\" class=\"consentModule_cmp\" target=\"_blank\" rel=\"noopener\">G\u00e9rer mes choix<\/a>&#13;\n        <\/p>\n<p>&#13;<br \/>\n                        J&rsquo;accepte&#13;<br \/>\n            J&rsquo;accepte tous les cookies&#13;\n        <\/p>\n","protected":false},"excerpt":{"rendered":"Artiste phare de la nouvelle g\u00e9n\u00e9ration du Sud alg\u00e9rien, h\u00e9riti\u00e8re de la tradition gnawa et de ses transes&hellip;\n","protected":false},"author":2,"featured_media":345425,"comment_status":"","ping_status":"","sticky":false,"template":"","format":"standard","meta":{"footnotes":""},"categories":[9566],"tags":[1111,11,2430,1687,112,1777,674,1011,27,2731,2732,108,12,25,3140],"class_list":{"0":"post-345424","1":"post","2":"type-post","3":"status-publish","4":"format-standard","5":"has-post-thumbnail","7":"category-grenoble","8":"tag-actu","9":"tag-actualites","10":"tag-auvergne-rhone-alpes","11":"tag-culture-loisirs","12":"tag-edition-grenoble-agglomeration","13":"tag-eu","14":"tag-europe","15":"tag-fr","16":"tag-france","17":"tag-grenoble","18":"tag-grenoble-bassin","19":"tag-isere","20":"tag-news","21":"tag-republique-francaise","22":"tag-spectacle"},"share_on_mastodon":{"url":"https:\/\/pubeurope.com\/@fr\/115095699710568477","error":""},"_links":{"self":[{"href":"https:\/\/www.europesays.com\/fr\/wp-json\/wp\/v2\/posts\/345424","targetHints":{"allow":["GET"]}}],"collection":[{"href":"https:\/\/www.europesays.com\/fr\/wp-json\/wp\/v2\/posts"}],"about":[{"href":"https:\/\/www.europesays.com\/fr\/wp-json\/wp\/v2\/types\/post"}],"author":[{"embeddable":true,"href":"https:\/\/www.europesays.com\/fr\/wp-json\/wp\/v2\/users\/2"}],"replies":[{"embeddable":true,"href":"https:\/\/www.europesays.com\/fr\/wp-json\/wp\/v2\/comments?post=345424"}],"version-history":[{"count":0,"href":"https:\/\/www.europesays.com\/fr\/wp-json\/wp\/v2\/posts\/345424\/revisions"}],"wp:featuredmedia":[{"embeddable":true,"href":"https:\/\/www.europesays.com\/fr\/wp-json\/wp\/v2\/media\/345425"}],"wp:attachment":[{"href":"https:\/\/www.europesays.com\/fr\/wp-json\/wp\/v2\/media?parent=345424"}],"wp:term":[{"taxonomy":"category","embeddable":true,"href":"https:\/\/www.europesays.com\/fr\/wp-json\/wp\/v2\/categories?post=345424"},{"taxonomy":"post_tag","embeddable":true,"href":"https:\/\/www.europesays.com\/fr\/wp-json\/wp\/v2\/tags?post=345424"}],"curies":[{"name":"wp","href":"https:\/\/api.w.org\/{rel}","templated":true}]}}