{"id":345426,"date":"2025-08-26T15:09:09","date_gmt":"2025-08-26T15:09:09","guid":{"rendered":"https:\/\/www.europesays.com\/fr\/345426\/"},"modified":"2025-08-26T15:09:09","modified_gmt":"2025-08-26T15:09:09","slug":"grenoble-emmaus-vend-de-lelectromenager-a-des-prix-imbattables-ce-quil-faut-savoir","status":"publish","type":"post","link":"https:\/\/www.europesays.com\/fr\/345426\/","title":{"rendered":"Grenoble. Emma\u00fcs vend de l&rsquo;\u00e9lectrom\u00e9nager \u00e0 des prix imbattables : ce qu&rsquo;il faut savoir"},"content":{"rendered":"<p>            Par<br \/>\n        <strong><br \/>\n            <a href=\"https:\/\/actu.fr\/auteur\/emma-ressegaire\" title=\"Consulter tous les articles de Emma Ressegaire\" target=\"_blank\" rel=\"noopener\">Emma Ressegaire<\/a><br \/>\n        <\/strong><\/p>\n<p>        Publi\u00e9 le<\/p>\n<p>            26 ao\u00fbt 2025 \u00e0 16h50        <\/p>\n<p>Depuis le mercredi 13 ao\u00fbt dernier, la <strong>communaut\u00e9 Emma\u00fcs<\/strong> <a href=\"https:\/\/actu.fr\/grenoble\/\" target=\"_blank\" rel=\"noopener\">Grenoble<\/a> propose une nouvelle offre.\u00a0<\/p>\n<p class=\" wall-content\">En effet, cette derni\u00e8re a ouvert deux nouveaux espaces de <strong>vente d\u2019\u00e9lectrom\u00e9nager reconditionn\u00e9<\/strong> sur les sites de Sassenage et Versoud. Lave-linges, cuisini\u00e8res, fours, lave-vaisselles, etc, sont d\u00e9sormais entrepos\u00e9s.<\/p>\n<p class=\" wall-content\">Pour cela, Emma\u00fcs Grenoble <strong>s\u2019est associ\u00e9e \u00e0 Envie Grenoble<\/strong>, une entreprise dont le magasin est situ\u00e9 \u00e0 Saint-Martin-d\u2019H\u00e8res et qui propose de l\u2019\u00e9lectrom\u00e9nager reconditionn\u00e9 garanti. \u00ab\u00a0Tout a \u00e9t\u00e9 reconditionn\u00e9 avec soin par notre partenaire ENVIE, pionnier du r\u00e9emploi en France. Le tout avec deux ans de garantie, des prix solidaires, et surtout une vraie d\u00e9marche qui a du sens\u00a0\u00bb, explique Emma\u00fcs Grenoble \u00e0 travers un post Facebook.<\/p>\n<p>\u00ab\u00a0Un vrai acte militant\u00a0\u00bb<\/p>\n<p class=\" wall-content\">Deux acteurs engag\u00e9s sur le territoire qui se sont donc unis pour <strong>trouver une solution notamment \u00e0 la surconsommation<\/strong>. \u00ab\u00a0Choisir du reconditionn\u00e9, c\u2019est poser un vrai acte militant : r\u00e9parer plut\u00f4t que jeter, coop\u00e9rer plut\u00f4t que concurrencer, soutenir l\u2019emploi local et l\u2019inclusion, lutter contre le gaspillage et l\u2019obsolescence programm\u00e9e. Une d\u00e9marche pleine de sens : pour la plan\u00e8te, pour votre budget, pour une soci\u00e9t\u00e9 plus solidaire\u00a0\u00bb, \u00e9num\u00e8re Emma\u00fcs Grenoble.<\/p>\n<p>    <a href=\"https:\/\/www.facebook.com\/plugins\/post.php?href=https%3A%2F%2Fwww.facebook.com%2Femmausgrenoble%2Fposts%2Fpfbid0dWz99buDJHQekTwrXJfbH3A7P5G751fMPLx1vf4pKMxFFXm85tnGhmBvDLug6pgEl&amp;show_text=true&amp;width=350\" title=\"Ouvrie le lien\" target=\"_blank\" rel=\"noopener\">Cliquez ici pour visualiser le contenu<\/a><\/p>\n<p class=\" wall-content\">De plus, gr\u00e2ce \u00e0 ce partenariat, les compagnons peuvent apprendre <strong>de nouvelles techniques<\/strong> pour r\u00e9parer, en interne, l\u2019\u00e9lectrom\u00e9nager collect\u00e9 dans leurs ateliers.<\/p>\n<p>Emma\u00fcs Sassenage<br \/>33 avenue de Valence, 38360 Sassenage<br \/>Emma\u00fcs Le Versoud<br \/>304 rue Henri-Giraud, 38420 Le Versoud<\/p>\n<p class=\" wall-content\">Personnalisez votre actualit\u00e9 en ajoutant vos villes et m\u00e9dias en favori avec <a href=\"https:\/\/moncompte.actu.fr\" title=\"D\u00e9couvez Mon Actu\" rel=\"nofollow noopener\" data-trk=\"{&quot;cta&quot;:{&quot;action&quot;:&quot;https:\\\/\\\/moncompte.actu.fr&quot;,&quot;category&quot;:&quot;mon compte&quot;,&quot;from&quot;:&quot;article footer&quot;,&quot;name&quot;:&quot;Mon actu&quot;,&quot;type&quot;:&quot;cta&quot;}}\" target=\"_blank\">Mon Actu<\/a>.<\/p>\n","protected":false},"excerpt":{"rendered":"Par Emma Ressegaire Publi\u00e9 le 26 ao\u00fbt 2025 \u00e0 16h50 Depuis le mercredi 13 ao\u00fbt dernier, la communaut\u00e9&hellip;\n","protected":false},"author":2,"featured_media":345427,"comment_status":"","ping_status":"","sticky":false,"template":"","format":"standard","meta":{"footnotes":""},"categories":[9566],"tags":[1111,11,2430,37652,1777,674,1011,27,2731,12,2922,25,104],"class_list":{"0":"post-345426","1":"post","2":"type-post","3":"status-publish","4":"format-standard","5":"has-post-thumbnail","7":"category-grenoble","8":"tag-actu","9":"tag-actualites","10":"tag-auvergne-rhone-alpes","11":"tag-emmaus","12":"tag-eu","13":"tag-europe","14":"tag-fr","15":"tag-france","16":"tag-grenoble","17":"tag-news","18":"tag-pouvoir-dachat","19":"tag-republique-francaise","20":"tag-societe"},"share_on_mastodon":{"url":"https:\/\/pubeurope.com\/@fr\/115095703750142664","error":""},"_links":{"self":[{"href":"https:\/\/www.europesays.com\/fr\/wp-json\/wp\/v2\/posts\/345426","targetHints":{"allow":["GET"]}}],"collection":[{"href":"https:\/\/www.europesays.com\/fr\/wp-json\/wp\/v2\/posts"}],"about":[{"href":"https:\/\/www.europesays.com\/fr\/wp-json\/wp\/v2\/types\/post"}],"author":[{"embeddable":true,"href":"https:\/\/www.europesays.com\/fr\/wp-json\/wp\/v2\/users\/2"}],"replies":[{"embeddable":true,"href":"https:\/\/www.europesays.com\/fr\/wp-json\/wp\/v2\/comments?post=345426"}],"version-history":[{"count":0,"href":"https:\/\/www.europesays.com\/fr\/wp-json\/wp\/v2\/posts\/345426\/revisions"}],"wp:featuredmedia":[{"embeddable":true,"href":"https:\/\/www.europesays.com\/fr\/wp-json\/wp\/v2\/media\/345427"}],"wp:attachment":[{"href":"https:\/\/www.europesays.com\/fr\/wp-json\/wp\/v2\/media?parent=345426"}],"wp:term":[{"taxonomy":"category","embeddable":true,"href":"https:\/\/www.europesays.com\/fr\/wp-json\/wp\/v2\/categories?post=345426"},{"taxonomy":"post_tag","embeddable":true,"href":"https:\/\/www.europesays.com\/fr\/wp-json\/wp\/v2\/tags?post=345426"}],"curies":[{"name":"wp","href":"https:\/\/api.w.org\/{rel}","templated":true}]}}