{"id":345430,"date":"2025-08-26T15:11:13","date_gmt":"2025-08-26T15:11:13","guid":{"rendered":"https:\/\/www.europesays.com\/fr\/345430\/"},"modified":"2025-08-26T15:11:13","modified_gmt":"2025-08-26T15:11:13","slug":"catherine-medecin-a-rennes-se-bat-sans-relache-pour-les-victimes-de-gaza","status":"publish","type":"post","link":"https:\/\/www.europesays.com\/fr\/345430\/","title":{"rendered":"Catherine, m\u00e9decin \u00e0 Rennes, se bat sans rel\u00e2che pour les victimes de Gaza"},"content":{"rendered":"<p>            Par<br \/>\n        <strong><br \/>\n            <a href=\"https:\/\/actu.fr\/auteur\/lou-batteux\" title=\"Consulter tous les articles de Lou Batteux\" target=\"_blank\" rel=\"noopener\">Lou Batteux<\/a><br \/>\n        <\/strong><\/p>\n<p>        Publi\u00e9 le<\/p>\n<p>            26 ao\u00fbt 2025 \u00e0 16h47        <\/p>\n<p>\u00ab\u2009C\u2019est tout petit chez moi\u2009\u00bb, pieds nus, Catherine Le Scolan d\u00e9ambule des escaliers \u00e0 sa cuisine \u00e9triqu\u00e9e, puis du salon cosy, \u00e0 sa terrasse fleurie. \u00ab\u2009Qu\u2019est-ce que vous voulez boire\u2009?\u2009\u00bb, s\u2019empresse-t-elle de demander. Arriv\u00e9e \u00e0 Rennes en 1985 pour ses \u00e9tudes, cette m\u00e9decin g\u00e9n\u00e9raliste y a <strong>ouvert son cabinet lib\u00e9ral en 2002<\/strong>. Elle vit avec son mari, qu\u2019elle a rencontr\u00e9 au lyc\u00e9e il y a 41\u00a0ans, et sa chatte <strong>Bissa, qui veut dire<\/strong>\u00a0<strong>chat en gazaoui<\/strong>, dans une maison chaleureuse, cach\u00e9e par les arbres et bord\u00e9e de fleurs. Mais dans cette maison, depuis un an, elle n\u2019y reste que tr\u00e8s peu. Son esprit est ailleurs, il est \u00e0 Gaza. Cette m\u00e8re de quatre enfants, \u00ab\u00a0devenus grands\u00a0\u00bb, a d\u00e9cid\u00e9 de s\u2019engager \u00ab\u00a0quasiment \u00e0 plein temps\u00a0\u00bb dans une cause qui lui tient \u00e0 c\u0153ur. Apr\u00e8s avoir r\u00e9alis\u00e9 une mission humanitaire dans la bande de Gaza, elle a r\u00e9usi \u00e0 faire rapatrier \u00e0 Rennes le premier adulte gazaoui, Bashar Al Belbesy.<\/p>\n<p>Inde, \u00c9gypte, Maroc\u2026<\/p>\n<p class=\" wall-content\">Les cadres accroch\u00e9s au mur du salon t\u00e9moignent d\u2019ailleurs de sa fibre humanitaire. On y voit des enfants vivant dans des conditions pr\u00e9caires.<\/p>\n<p class=\" wall-content\">\u00ab\u2009Ce sont des photos que j\u2019ai prises en Inde\u2009\u00bb, explique Catherine. En plus de se d\u00e9vouer \u00e0 son m\u00e9tier de m\u00e9decin, la quinquag\u00e9naire <strong>se passionne pour la photographie<\/strong>. Il y a plus de 10\u00a0ans, elle est all\u00e9e travailler dans un dispensaire de ce pays d\u2019Asie du Sud pendant trois semaines.<\/p>\n<p>    <img decoding=\"async\" loading=\"lazy\" src=\"https:\/\/www.europesays.com\/fr\/wp-content\/uploads\/2025\/08\/photo-de-rue-catherine-inde-enfant-960x640.jpg\" alt=\"vv\" width=\"960\" height=\"640\"\/><br \/>\n    Parmi les cadres expos\u00e9s dans le salon de Catherine, on peut y retrouver la photo de ces deux enfants indiens. (\u00a9 Catherine Le Scolan \u2013 Soci\u00e9t\u00e9 Photographique de Rennes)<\/p>\n<p class=\" wall-content\">\u00ab\u2009C\u2019\u00e9tait mon premier voyage en Inde, je n\u2019avais pas fait de photos. Alors, <strong>j\u2019y suis retourn\u00e9 six fois en tant que photographe\u2009\u00bb.<\/strong> Et ce n\u2019est pas la seule destination victime des clich\u00e9s de l\u2019artiste\u2009: \u00c9gypte, Maroc, New York\u2026 Affili\u00e9e \u00e0 un collectif international de <strong>femmes photographes de rue<\/strong>, Catherine a voyag\u00e9 dans de nombreux pays, notamment arabes, en compagnie de son appareil photo.<\/p>\n<p>Des amis palestiniens, syriens, irakiens\u2026<\/p>\n<p class=\" wall-content\">La r\u00e9alit\u00e9 parfois dure qu\u2019elle capture dans ses photos, elle la retrouve aussi dans son cabinet.<\/p>\n<blockquote class=\"ac-article-quote wall-content\">\n<p>J&rsquo;ai soign\u00e9 pas mal de r\u00e9fugi\u00e9s palestiniens, syriens ou irakiens avec qui je suis devenu amie. J&rsquo;ai vu \u00e9voluer les enfants et c&rsquo;est donc naturellement que j&rsquo;ai \u00e9t\u00e9 sensibilis\u00e9 \u00e0 la cause palestinienne.<\/p>\n<p>    <strong>Catherine Le Scolan<\/strong><br \/>\n        M\u00e9decin g\u00e9n\u00e9raliste et photographe rennaise    <\/p><\/blockquote>\n<p class=\" wall-content\">Quand <strong>la guerre a \u00e9clat\u00e9 \u00e0 <\/strong><strong>Gaza <\/strong><strong>le 7\u00a0octobre 2023<\/strong>, Catherine Le Scolan, qui voulait d\u00e9j\u00e0 \u00ab\u2009aller soigner dans des pays en crise comme l\u2019Ukraine\u2009\u00bb, mais qui n\u2019avait pas \u00ab\u2009une formation de m\u00e9decin humanitaire\u2009\u00bb, a \u00ab\u2009essay\u00e9 par tous les moyens de partir\u2009\u00bb.<\/p>\n<p>15 m\u00e9decins au d\u00e9part, plus que 9 \u00e0 l\u2019arriv\u00e9e<\/p>\n<p class=\" wall-content\">En novembre\u00a02024, la m\u00e9decin parvient \u00e0 entrer sur le territoire en guerre aux c\u00f4t\u00e9s de l\u2019ONG fran\u00e7aise <strong>PalMed<\/strong> <strong>France<\/strong>. Avec d\u2019autres m\u00e9decins volontaires, elle a pris l\u2019avion de <strong>Paris jusqu\u2019\u00e0<\/strong> <strong>Amman<\/strong>, en Jordanie.<\/p>\n<blockquote class=\"ac-article-quote wall-content\">\n<p>On \u00e9tait 15 m\u00e9decins \u00e0 atterrir \u00e0 Amman. La veille d&rsquo;entrer \u00e0 Gaza, \u00e0 minuit, on a re\u00e7u un avis d\u00e9favorable d&rsquo;Isra\u00ebl pour quatre d&rsquo;entre nous. Ils ont d\u00fb reprendre l&rsquo;avion et rentrer chez eux.<\/p>\n<p>    <strong>Catherine Le Scolan<\/strong><br \/>\n        M\u00e9decin g\u00e9n\u00e9raliste et photographe rennaise    <\/p><\/blockquote>\n<p class=\" wall-content\">Le lendemain, elle explique que deux m\u00e9decins ont encore \u00e9t\u00e9 refus\u00e9s au checkpoint pour entrer en Isra\u00ebl. \u00ab\u2009Au total, on est entr\u00e9 \u00e0 neuf m\u00e9decins dans la bande de Gaza pour une <strong>mission de deux semaines\u2009\u00bb<\/strong>.<\/p>\n<p>\u00ab\u2009Ils vivent dans le noir\u2009\u00bb<\/p>\n<p class=\" wall-content\">Apr\u00e8s avoir\u00a0<strong>travers\u00e9 Isra\u00ebl en bus pendant 34\u00a0heures<\/strong>, sans s\u2019arr\u00eater une seule fois, Catherine est arriv\u00e9e \u00e0 Gaza. \u00ab\u2009Ils nous ont fait descendre avec nos valises \u00e0 roulettes, on \u00e9tait ni casqu\u00e9s ni prot\u00e9g\u00e9s. On avait l\u2019air d\u2019une \u00e9quipe de touristes\u2009\u00bb, confie-t-elle.<\/p>\n<p class=\" wall-content\">Ce qui a particuli\u00e8rement choqu\u00e9 la m\u00e9decin, pourtant \u00ab\u2009bien pr\u00e9par\u00e9e\u2009\u00bb, c\u2019est la p\u00e9nombre intense qui r\u00e9gnait sur Gaza. <strong>\u00ab\u2009Tout le monde vit dans le noir d\u00e8s 17h<\/strong>, comme si c\u2019\u00e9tait normal. Alors que c\u2019est inadmissible\u2009\u00bb, s\u2019insurge-t-elle.<\/p>\n<p class=\" wall-content\">Une fois arriv\u00e9e \u00e0 destination, elle a \u00e9t\u00e9 affect\u00e9e \u00e0 <strong>l\u2019h\u00f4pital Nasser<\/strong>, \u00e0 Khan Youn\u00e8s, dans le \u00ab\u2009secteur des urgences\u2009\u00bb. Au sein de ce secteur, la m\u00e9decin g\u00e9n\u00e9raliste a travaill\u00e9 dans un service qui \u00ab\u2009\u00e9quivalait \u00e0 un dispensaire\u2009\u00bb : \u00ab\u00a0Je faisais des consultations de m\u00e9decine g\u00e9n\u00e9rale tous les jours. Je voyais une trentaine de personnes par jour.\u00a0\u00bb<\/p>\n<p>\u00ab\u2009J\u2019ai vu des b\u00e9b\u00e9s morts\u2009\u00bb<\/p>\n<p class=\" wall-content\">En effet, si les gens meurent sous les bombes \u00e0 Gaza, ils succombent aussi \u00e0 diverses <strong>infections<\/strong>, au diab\u00e8te d\u00e9compens\u00e9, \u00e0 des hypertensions \u00ab\u2009pas soign\u00e9es\u2009\u00bb, \u00e0 des insuffisances cardiaques\u2026 Lorsque cela le justifiait, Catherine transf\u00e9rait ses patients dans le <strong>secteur d\u2019hospitalisation<\/strong>.<\/p>\n<blockquote class=\"ac-article-quote wall-content\">\n<p>Toutes les nuits, j&rsquo;\u00e9tais r\u00e9veill\u00e9e par les bombardements. Le matin, on voyait un afflux de cadavres arriver \u00e0 la morgue de l&rsquo;h\u00f4pital Nasser. J&rsquo;ai vu des linceuls de 50 cm, c&rsquo;\u00e9tait des b\u00e9b\u00e9s morts.<\/p>\n<p>    <strong>Catherine Le Scolan<\/strong><br \/>\n        M\u00e9decin g\u00e9n\u00e9raliste et photographe rennaise    <\/p><\/blockquote>\n<p class=\" wall-content\">Malgr\u00e9 les atrocit\u00e9s auxquelles elle a pu faire face, Catherine retient que tout le monde <strong>\u00ab\u2009avait le sourire\u2009\u00bb<\/strong>. \u00ab\u2009Quand c\u2019est grave, on a besoin de travailler dans un bon esprit, avec de la bonne humeur\u2009\u00bb, raconte-t-elle. D\u2019ailleurs, \u00ab\u2009la phrase pr\u00e9f\u00e9r\u00e9e\u2009\u00bb des Gazaouis, celle qu\u2019ils lui r\u00e9p\u00e9taient tout le temps, c\u2019est\u2009: <strong>\u00ab\u2009ne t\u2019inqui\u00e8te pas\u2009\u00bb<\/strong>.<\/p>\n<p class=\" wall-content\">Si elle raconte avoir \u00e9t\u00e9 t\u00e9moin des <strong>discriminations qu\u2019ont pu subir ses coll\u00e8gues \u00ab\u2009arabes\u2009\u00bb<\/strong> lors des contr\u00f4les isra\u00e9liens, telles que des insultes, des humiliations ou encore des fouilles pouss\u00e9es, elle soutient n\u2019avoir \u00ab\u2009jamais entendu un seul mot de haine sur Isra\u00ebl [de la part des Gazaouis, N.D.L.R], contrairement \u00e0 ce qu\u2019on voudrait nous faire croire\u2009\u00bb.<\/p>\n<p>Pas le temps pour les \u00e9motions et les photos<\/p>\n<p class=\" wall-content\">Catherine explique qu\u2019en partant \u00e0 Gaza en tant que soignante, elle sait qu\u2019elle a <strong>\u00ab\u2009une mission \u00e0 remplir\u2009\u00bb :<\/strong>\u00a0\u00ab\u2009Dans la t\u00eate, c\u2019est un petit peu comme une machine. On fait les choses puis les \u00e9motions, on les \u00e9vacue en rentrant. Il y a des psychologues pour \u00e7a.\u2009\u00bb<\/p>\n<blockquote class=\"ac-article-quote wall-content\">\n<p>On ne peut pas aider les gens si on y va pour avoir peur, pour pleurer, pour s&rsquo;\u00e9crouler ; on devient un poids pour l&rsquo;\u00e9quipe.<\/p>\n<p>    <strong>Catherine Le Scolan<\/strong><br \/>\n        M\u00e9decin g\u00e9n\u00e9raliste et photographe rennaise    <\/p><\/blockquote>\n<p class=\" wall-content\">La passionn\u00e9e de photographie n\u2019a pas emport\u00e9 avec elle son appareil photo lors de cette mission. \u00ab\u2009Je n\u2019ai pas os\u00e9 prendre mon appareil et j\u2019ai bien fait parce qu\u2019il y a des snipers qui peuvent me tirer dessus s\u2019ils me prennent pour une journaliste\u2009\u00bb, d\u00e9plore-t-elle.<\/p>\n<p class=\" wall-content\">Qui plus est, Catherine consid\u00e8re qu\u2019il est important de \u00ab\u2009dissocier\u2009\u00bb ses deux activit\u00e9s. \u00ab\u2009Si je vais l\u00e0-bas, <strong>c\u2019est pour soigner, c\u2019est pas pour prendre des photos\u2009\u00bb<\/strong>. Pour autant, elle a pu capturer certains clich\u00e9s avec son t\u00e9l\u00e9phone portable.<\/p>\n<p>    <img decoding=\"async\" loading=\"lazy\" src=\"https:\/\/www.europesays.com\/fr\/wp-content\/uploads\/2025\/08\/catherine-cour-de-lhopital-nasser-gaza-decembre-2024-960x640.jpeg\" alt=\"Cour de l\u2019h\u00f4pital Nasser \u00e0 Khan Younis, d\u00e9cembre 2024\" width=\"960\" height=\"640\"\/><br \/>\n    En d\u00e9cembre\u00a02024, Catherine a pris en photo l\u2019\u00e9tat de la cour de l\u2019h\u00f4pital Nasser, \u00e0 Khan Youn\u00e8s. (\u00a9 Catherine Le Scolan)Elle a fait inscrire un jeune palestinien \u00e0 Rennes 2<\/p>\n<p class=\" wall-content\">Ces deux semaines pass\u00e9es dans la bande de Gaza ont \u00e9t\u00e9 l\u2019occasion pour la Rennaise de <strong>revoir son ami Bashar Al Belbesy<\/strong>, qu\u2019elle rencontrait un an plus t\u00f4t en Bretagne. Durant l\u2019\u00e9t\u00e9 2023, le jeune palestinien passionn\u00e9 de danse r\u00e9alisait une tourn\u00e9e dans plusieurs villes de France avec sa troupe Al-Fursan, \u00e0 l\u2019occasion de la diffusion du documentaire Yallah Gaza.<\/p>\n<p class=\" wall-content\">Alors qu\u2019ils s\u2019arr\u00eatent \u00e0 Morlaix, Catherine d\u00e9cide de s\u2019y rendre pour assister \u00e0 la diffusion, elle qui a fait son lyc\u00e9e dans cette ville bretonne. La photographe en profite pour prendre quelques clich\u00e9s des danseurs. Catherine et Bashar s\u2019\u00e9changent alors leurs coordonn\u00e9es afin qu\u2019elle puisse lui transmettre les photos ult\u00e9rieurement.<\/p>\n<p class=\" wall-content\">Avec le d\u00e9but de la guerre \u00e0 Gaza, les deux artistes restent en contact.<a href=\"https:\/\/actu.fr\/bretagne\/rennes_35238\/retenu-a-gaza-ce-danseur-palestinien-doit-debuter-ses-etudes-a-rennes-cette-femme-se-mobilise-pour-l-aider_62942665.html\" target=\"_blank\" rel=\"noopener\"> La m\u00e9decin commence \u00e0 lancer des d\u00e9marches pour rapatrier son ami, ainsi que sa famille, en France<\/a>. Elle parvient m\u00eame \u00e0 l\u2019<strong>inscrire \u00e0 l\u2019universit\u00e9 de Rennes 2, en licence Arts du spectacle<\/strong>, pour la rentr\u00e9e 2025.<\/p>\n<p>    <img decoding=\"async\" loading=\"lazy\" src=\"https:\/\/www.europesays.com\/fr\/wp-content\/uploads\/2025\/08\/bashar-et-catherine-dans-un-hopital-a-gaza-960x640.jpg\" alt=\"Le 21 novembre 2024, Catherine a retrouv\u00e9 Bashar et sa maman, Manar, \u00e0 l\u2019h\u00f4pital Nasser de Khan Youn\u00e8s.\" width=\"960\" height=\"640\"\/><br \/>\n    Le 21\u00a0novembre 2024, Catherine a retrouv\u00e9 Bashar et sa maman, Manar, \u00e0 l\u2019h\u00f4pital Nasser de Khan Youn\u00e8s. (\u00a9Catherine Le Scolan)<\/p>\n<p class=\" wall-content\">Seulement, le 30\u00a0juin 2025, \u00e0 16h, <strong>Bashar est victime d\u2019un bombardement<\/strong> dans un caf\u00e9. S\u2019il fait partie des rares survivants, le jeune danseur est gri\u00e8vement bless\u00e9 \u00e0 la jambe. Son \u00e9tat n\u00e9cessitant une \u00e9vacuation sanitaire urgente, Catherine acc\u00e9l\u00e8re le processus de rapatriement en France en sollicitant le plus de personnes possibles \u00e0 Rennes.<\/p>\n<p>De l\u2019h\u00f4pital Nasser au CHU de Rennes<\/p>\n<p class=\" wall-content\">Finalement, jeudi 31 juillet 2025, Bashar a atterri, seul, \u00e0 l\u2019a\u00e9roport de Rennes. Il a \u00e9t\u00e9 imm\u00e9diatement pris en charge \u00e0 l\u2019h\u00f4pital Pontchaillou. \u00c0 ce jour, c\u2019est <strong>\u00ab\u2009le<\/strong> <strong>premier adulte gravement bless\u00e9 \u00e0 avoir \u00e9t\u00e9 accueilli en France\u2009\u00bb<\/strong> depuis le d\u00e9but de la guerre Isra\u00ebl-Gaza.<\/p>\n<p class=\" wall-content\">M\u00eame si \u00ab\u2009sa blessure aurait d\u00fb \u00eatre trait\u00e9e dans les sept jours\u2009\u00bb, Bashar s\u2019est fait op\u00e9rer par \u00ab\u2009une \u00e9quipe tr\u00e8s comp\u00e9tente et tr\u00e8s investie\u2009\u00bb, selon Catherine.<\/p>\n<blockquote class=\"ac-article-quote wall-content\">\n<p>En m\u00e9decine, on a une obligation de moyens, mais pas de r\u00e9sultats. On aimerait pouvoir lui promettre qu&rsquo;il va redanser, mais on n&rsquo;a pas le droit, on se doit de lui donner toutes les \u00e9ventualit\u00e9s.<\/p>\n<p>    <strong>Catherine Le Scolan<\/strong><br \/>\n        M\u00e9decin g\u00e9n\u00e9raliste et photographe rennaise    <\/p><\/blockquote>\n<p>\u00ab\u00a0La valise ou la mort\u00a0\u00bb<\/p>\n<p class=\" wall-content\">\u00c0 l\u2019h\u00f4pital, on lui a demand\u00e9 s\u2019il souhaitait une autorisation de s\u00e9jour ou un statut de r\u00e9fugi\u00e9. <strong>Une question qui \u00ab\u2009n\u2019est pas \u00e0 poser\u2009\u00bb<\/strong> selon Catherine.<\/p>\n<blockquote class=\"ac-article-quote wall-content\">\n<p>Bien entendu que Bashar ne souhaite pas un statut de r\u00e9fugi\u00e9, mais dans le contexte actuel, il est oblig\u00e9 de demander l&rsquo;asile \u00e0 la France, m\u00eame s&rsquo;il est attach\u00e9 \u00e0 sa terre natale. C&rsquo;est la valise ou la mort.<\/p>\n<p>    <strong>Catherine Le Scolan<\/strong><br \/>\n        M\u00e9decin g\u00e9n\u00e9raliste et photographe rennaise    <\/p><\/blockquote>\n<p class=\" wall-content\">Catherine, qui rend visite \u00e0 Bashar \u00e0 l\u2019h\u00f4pital tous les jours, donne quotidiennement des nouvelles de lui \u00e0 <strong>sa famille rest\u00e9e bloqu\u00e9e \u00e0 Gaza<\/strong>. Pour autant, elle ne sait pas si elle va pouvoir les faire venir en France prochainement.<\/p>\n<p class=\" wall-content\">Vendredi 1\u1d49\u02b3 ao\u00fbt 2025, le ministre des Affaires \u00e9trang\u00e8res a en effet suspendu les \u00e9vacuations de Gazaouis vers la France, <a href=\"https:\/\/actu.fr\/hauts-de-france\/lille_59350\/sciences-po-lille-annule-linscription-dune-etudiante-originaire-de-gaza-apres-des-propos-haineux_62980950.html\" target=\"_blank\" rel=\"noopener\">apr\u00e8s qu\u2019une \u00e9tudiante, rapatri\u00e9e de Gaza et admise \u00e0 Sciences Po Lille pour la rentr\u00e9e, a tenu des propos antis\u00e9mites sur les r\u00e9seaux sociaux<\/a>.<\/p>\n<p>\u00ab\u2009Si on me refuse, bah je ferai un aller-retour\u2009\u00bb<\/p>\n<p class=\" wall-content\">Catherine Le Scolan ne compte pas s\u2019arr\u00eater \u00e0 ce premier exploit. Elle qui d\u00e9fend la cause palestinienne veut continuer de mettre ses comp\u00e9tences m\u00e9dicales au service des malades et des bless\u00e9s de Gaza.<\/p>\n<p class=\" wall-content\">Alors qu\u2019elle a d\u00e9cid\u00e9 de repartir pour une nouvelle mission humanitaire de trois semaines dans la bande de Gaza, Catherine a pr\u00e9par\u00e9 soigneusement ses affaires. Toutefois, elle ne sait pas si Isra\u00ebl va l\u2019autoriser \u00e0 entrer une seconde fois sur le territoire palestinien. \u00ab\u2009Si on me refuse, <strong>bah je ferai un aller-retour\u2009\u00bb<\/strong>, conc\u00e8de-t-elle.<\/p>\n<p class=\" wall-content\">Pyjamas de bloc, st\u00e9thoscope, tensiom\u00e8tre\u2026 Tout ce qui pourra lui servir \u00e0 secourir les Palestiniens tient dans <strong>deux valises et un sac \u00e0 dos<\/strong>.<\/p>\n<p>13\u00a0kg de nourriture et aucun m\u00e9dicament<\/p>\n<blockquote class=\"ac-article-quote wall-content\">\n<p>Lors de ma premi\u00e8re mission, j&rsquo;avais deux valises remplies de m\u00e9dicaments : morphine, tramadol, antidiab\u00e9tiques, antihypertenseurs&#8230; Presque tout m&rsquo;a \u00e9t\u00e9 confisqu\u00e9 par Isra\u00ebl.<\/p>\n<p>    <strong>Catherine Le Scolan<\/strong><br \/>\n        M\u00e9decin g\u00e9n\u00e9raliste et photographe rennaise    <\/p><\/blockquote>\n<p class=\" wall-content\">Cette fois-ci, la m\u00e9decin n\u2019a donc pr\u00e9vu aucun m\u00e9dicament ou presque, si ce n\u2019est des vitamines pour les enfants et du fer pour les femmes enceintes. Mais dans la plus petite de ses deux valises, elle a r\u00e9ussi \u00e0 rassembler <strong>13\u00a0kg de nourriture<\/strong>. Bo\u00eetes de thon ou de sardines, barres de c\u00e9r\u00e9ales, soupes, caf\u00e9\u2026 \u00ab\u2009Il y en a un petit peu pour moi, mais c\u2019est surtout pour les Gazaouis.\u2009\u00bb<\/p>\n<p>    <img decoding=\"async\" loading=\"lazy\" src=\"https:\/\/www.europesays.com\/fr\/wp-content\/uploads\/2025\/08\/valise-catherine-medecin-gaza-rennes-960x640.jpeg\" alt=\"vv\" width=\"960\" height=\"640\"\/><br \/>\n    Bo\u00eetes de conserve dans les mains, Catherine montre la quantit\u00e9 de nourriture qu\u2019elle pr\u00e9voit d\u2019apporter \u00e0 Gaza, dans ses valises. (\u00a9Lou Batteux \/ actu Rennes)<\/p>\n<p class=\" wall-content\">Encore une fois, Catherine prend un risque. Elle sait qu\u2019<strong>Isra\u00ebl limite le nombre de kilos de nourriture transport\u00e9s<\/strong>\u2009: \u00ab\u2009pas plus de trois kilos\u2009\u00bb. Si elle a \u00e9galement l\u2019interdiction de faire passer du lait infantile, elle a tout de m\u00eame cach\u00e9 quelques sachets dos\u00e9s dans sa valise. Quant \u00e0 ses affaires personnelles, elle les laisse presque toutes l\u00e0-bas, \u00ab\u2009pour les Gazaouis\u2009\u00bb.<\/p>\n<p>Son mari est \u00ab\u2009content\u2009\u00bb qu\u2019elle y aille<\/p>\n<p class=\" wall-content\">S\u2019il est important pour Catherine de s\u2019engager dans cette cause, qu\u2019en pensent ses proches\u2009? \u00ab\u2009Mon mari me dit que <strong>s\u2019il \u00e9tait m\u00e9decin, il partirait tout de suite\u2009\u00bb<\/strong>, d\u00e9clare la Rennaise. \u00ab\u2009Il ne me force pas \u00e0 y aller mais il ne me force pas \u00e0 rester non plus.\u2009\u00bb<\/p>\n<p class=\" wall-content\">Comme il n\u2019a pas la \u00ab\u2009chance de pouvoir aller aider\u2009\u00bb, puisqu\u2019il n\u2019est pas m\u00e9decin, \u00ab\u2009il est content\u2009\u00bb que Catherine y aille et la soutient beaucoup, tout comme ses enfants. Bien que Catherine ne b\u00e9n\u00e9ficiait pas d\u2019une \u00ab\u2009connexion permanente\u2009\u00bb lors de sa premi\u00e8re mission \u00e0 Gaza, elle parvenait tout de m\u00eame \u00e0 <strong>appeler son mari \u00ab\u2009une demi-heure tous les jours\u2009\u00bb<\/strong>.<\/p>\n<p class=\" wall-content\">Elle continuait \u00e9galement d\u2019\u00e9changer avec ses amis rennais, qui lui envoyaient des photos et l\u2019appelaient en visio. \u00ab\u00a0C\u2019est important de voir le sourire des gens, c\u2019est un peu comme si je les emmenais avec moi dans mon c\u0153ur\u00a0\u00bb, confie-t-elle.<\/p>\n<p>Finalement refus\u00e9e d\u2019entrer par Isra\u00ebl<\/p>\n<p class=\" wall-content\">Mardi 19\u00a0ao\u00fbt 2025, la Rennaise a rejoint Amman en avion, depuis l\u2019a\u00e9roport de Paris-Charles de Gaulle. Alors qu\u2019elle attendait l\u2019accord d\u2019Isra\u00ebl pour rejoindre la bande de Gaza, mercredi 20\u00a0ao\u00fbt, elle a re\u00e7u <strong>un avis d\u00e9favorable de la part du COGAT.<\/strong><\/p>\n<p>C&rsquo;est quoi le COGAT ?<\/p>\n<p>Le coordinateur des activit\u00e9s gouvernementales dans les territoires (COGAT) est un organisme militaire isra\u00e9lien, plac\u00e9 sous l\u2019autorit\u00e9 du minist\u00e8re de la D\u00e9fense, charg\u00e9 de superviser les civils dans la bande de Gaza.<\/p>\n<p class=\" wall-content\">C\u2019est \u00ab\u00a0\u00e9nerv\u00e9e\u00a0\u00bb et \u00ab\u00a0en col\u00e8re\u00a0\u00bb qu\u2019elle s\u2019est empress\u00e9e de communiquer cette proscription.<\/p>\n<blockquote class=\"ac-article-quote wall-content\">\n<p>Je m&rsquo;\u00e9tais pr\u00e9par\u00e9e \u00e0 ce refus, mais c&rsquo;est toujours sans raison. Personne n&rsquo;en parle et tout le monde laisse le champ libre \u00e0 Isra\u00ebl pour attaquer sans dommages collat\u00e9raux pour les occidentaux.<\/p>\n<p>    <strong>Catherine Le Scolan<\/strong><br \/>\n        M\u00e9decin g\u00e9n\u00e9raliste et photographe rennaise    <\/p><\/blockquote>\n<p class=\" wall-content\">La Rennaise le sait\u2009: s\u2019ils refusent son entr\u00e9e, c\u2019est parce qu\u2019ils \u00ab\u00a0vont massacrer encore plus fort\u00a0\u00bb. Les prochaines interventions de la m\u00e9decin \u00e0 Gaza sont donc encore incertaines, voire vaines, mais Catherine Le Scolan trouvera toujours une solution pour que ces victimes \u00ab\u00a0invisibilis\u00e9es\u00a0\u00bb ne le soient plus.<\/p>\n<p class=\" wall-content\">Personnalisez votre actualit\u00e9 en ajoutant vos villes et m\u00e9dias en favori avec <a href=\"https:\/\/moncompte.actu.fr\" title=\"D\u00e9couvez Mon Actu\" rel=\"nofollow noopener\" data-trk=\"{&quot;cta&quot;:{&quot;action&quot;:&quot;https:\\\/\\\/moncompte.actu.fr&quot;,&quot;category&quot;:&quot;mon compte&quot;,&quot;from&quot;:&quot;article footer&quot;,&quot;name&quot;:&quot;Mon actu&quot;,&quot;type&quot;:&quot;cta&quot;}}\" target=\"_blank\">Mon Actu<\/a>.<\/p>\n","protected":false},"excerpt":{"rendered":"Par Lou Batteux Publi\u00e9 le 26 ao\u00fbt 2025 \u00e0 16h47 \u00ab\u2009C\u2019est tout petit chez moi\u2009\u00bb, pieds nus, Catherine&hellip;\n","protected":false},"author":2,"featured_media":345431,"comment_status":"","ping_status":"","sticky":false,"template":"","format":"standard","meta":{"footnotes":""},"categories":[2821],"tags":[1111,11,829,1777,674,1011,27,665,2673,12,9026,584,25,104],"class_list":{"0":"post-345430","1":"post","2":"type-post","3":"status-publish","4":"format-standard","5":"has-post-thumbnail","7":"category-rennes","8":"tag-actu","9":"tag-actualites","10":"tag-bretagne","11":"tag-eu","12":"tag-europe","13":"tag-fr","14":"tag-france","15":"tag-gaza","16":"tag-medecins","17":"tag-news","18":"tag-portrait","19":"tag-rennes","20":"tag-republique-francaise","21":"tag-societe"},"share_on_mastodon":{"url":"https:\/\/pubeurope.com\/@fr\/115095712048569921","error":""},"_links":{"self":[{"href":"https:\/\/www.europesays.com\/fr\/wp-json\/wp\/v2\/posts\/345430","targetHints":{"allow":["GET"]}}],"collection":[{"href":"https:\/\/www.europesays.com\/fr\/wp-json\/wp\/v2\/posts"}],"about":[{"href":"https:\/\/www.europesays.com\/fr\/wp-json\/wp\/v2\/types\/post"}],"author":[{"embeddable":true,"href":"https:\/\/www.europesays.com\/fr\/wp-json\/wp\/v2\/users\/2"}],"replies":[{"embeddable":true,"href":"https:\/\/www.europesays.com\/fr\/wp-json\/wp\/v2\/comments?post=345430"}],"version-history":[{"count":0,"href":"https:\/\/www.europesays.com\/fr\/wp-json\/wp\/v2\/posts\/345430\/revisions"}],"wp:featuredmedia":[{"embeddable":true,"href":"https:\/\/www.europesays.com\/fr\/wp-json\/wp\/v2\/media\/345431"}],"wp:attachment":[{"href":"https:\/\/www.europesays.com\/fr\/wp-json\/wp\/v2\/media?parent=345430"}],"wp:term":[{"taxonomy":"category","embeddable":true,"href":"https:\/\/www.europesays.com\/fr\/wp-json\/wp\/v2\/categories?post=345430"},{"taxonomy":"post_tag","embeddable":true,"href":"https:\/\/www.europesays.com\/fr\/wp-json\/wp\/v2\/tags?post=345430"}],"curies":[{"name":"wp","href":"https:\/\/api.w.org\/{rel}","templated":true}]}}