{"id":345434,"date":"2025-08-26T15:13:19","date_gmt":"2025-08-26T15:13:19","guid":{"rendered":"https:\/\/www.europesays.com\/fr\/345434\/"},"modified":"2025-08-26T15:13:19","modified_gmt":"2025-08-26T15:13:19","slug":"faire-du-yoga-dans-une-eglise-du-15e-siecle-cest-bientot-possible-a-strasbourg","status":"publish","type":"post","link":"https:\/\/www.europesays.com\/fr\/345434\/","title":{"rendered":"Faire du yoga dans une \u00e9glise du 15e si\u00e8cle ? C\u2019est bient\u00f4t possible \u00e0 Strasbourg !"},"content":{"rendered":"<p><strong>\u00c0 Strasbourg, l\u2019\u00e9glise protestante Saint-Guillaume s\u2019est fait un nom sur la sc\u00e8ne culturelle avec une programmation originale et \u00e9clectique, proposant aussi bien des drag shows et de la pole dance que des concerts de chant lyrique. Fid\u00e8le \u00e0 sa r\u00e9putation, le lieu ouvre sa saison 2025\/2026 avec une nouveaut\u00e9 en organisant des cours de yoga dans un espace r\u00e9nov\u00e9 !<\/strong><\/p>\n<p>Il arrive parfois que l\u2019on entre dans une \u00e9glise pour y \u00eatre au calme, m\u00e9diter en silence, se poser un instant. \u00c0 Saint-Guillaume, il sera bient\u00f4t possible d\u2019y faire du yoga. <strong>\u00c0 partir du 2 septembre, l\u2019\u00e9glise protestante accueillera une s\u00e9ance de yoga chaque mardi, de 10h \u00e0 11h, dans son Grand salon Schweitzer, fra\u00eechement r\u00e9nov\u00e9<\/strong>.<\/p>\n<p>                <img width=\"375\" height=\"500\" src=\"https:\/\/www.europesays.com\/fr\/wp-content\/uploads\/2025\/08\/image00049-375x500.jpeg\" class=\"attachment-gallery size-gallery\" alt=\"\u00e9glise saint guillaume\" data-full-url=\"https:\/\/pokaa.fr\/wp-content\/uploads\/2025\/02\/21\/image00049.jpeg\" decoding=\"async\" loading=\"lazy\"  \/>            <\/p>\n<p>                <img width=\"292\" height=\"500\" src=\"https:\/\/www.europesays.com\/fr\/wp-content\/uploads\/2025\/08\/drapeaux-292x500.jpg\" class=\"attachment-gallery size-gallery\" alt=\"saint-guillaume\" data-full-url=\"https:\/\/pokaa.fr\/wp-content\/uploads\/2025\/08\/25\/drapeaux.jpg\" decoding=\"async\" loading=\"lazy\"  \/>            <\/p>\n<p>                    1. \u00a9 Tiphaine Rabolt \/ Pokaa ; 2. \u00a9 Passions Crois\u00e9es \/ Document remis<\/p>\n<p>    <img width=\"800\" height=\"600\" src=\"https:\/\/www.europesays.com\/fr\/wp-content\/uploads\/2025\/08\/visuel-1-grand-salon-schweitzer-800x600.jpg\" class=\"attachment-image-size-L size-image-size-L\" alt=\"Saint-Guillaume Grand Salon Schweitzer\" decoding=\"async\" loading=\"lazy\"  \/>         Le Grand salon Schweitzer. \u00a9 Passions Crois\u00e9es \/ Document remis <\/p>\n<p>Un yoga doux dans un lieu lumineux<\/p>\n<p>Cette pi\u00e8ce surplombe la nef du haut de la tribune ouest, sur une surface de 60 m\u00b2 avec 6 m\u00e8tres de hauteur sous plafond. Elle est baign\u00e9e par la lumi\u00e8re du plus vieux vitrail de Saint-Guillaume : l\u2019Arbre de Jess\u00e9, datant du XIVe si\u00e8cle. <strong>Avec un plancher en bois massif enti\u00e8rement refait, le salon offre une vue panoramique sur l\u2019int\u00e9rieur de l\u2019\u00e9glise du XVe si\u00e8cle.<\/strong><\/p>\n<p>\u00ab <strong>Cet espace \u00e9tait jusqu\u2019alors quasi inaccessible alors qu\u2019il est magnifique et intime. Nous l\u2019avons donc pens\u00e9, avec le pasteur, comme un lieu de m\u00e9diation et de rencontres<\/strong>, pr\u00e9cise Cyril Pallaud, pr\u00e9sident de Passions Crois\u00e9es, l\u2019association en charge de la programmation culturelle de Saint-Guillaume. L\u2019id\u00e9e du yoga est apparue tr\u00e8s rapidement comme une \u00e9vidence, r\u00e9unissant la spiritualit\u00e9 et l\u2019ouverture du lieu \u00bb, compl\u00e8te-t-il.<\/p>\n<p>                <img width=\"333\" height=\"500\" src=\"https:\/\/www.europesays.com\/fr\/wp-content\/uploads\/2025\/08\/pexels-valeria-ushakova-603898-3094215-333x500.jpg\" class=\"attachment-gallery size-gallery\" alt=\"yoga\" data-full-url=\"https:\/\/pokaa.fr\/wp-content\/uploads\/2025\/08\/26\/pexels-valeria-ushakova-603898-3094215.jpg\" decoding=\"async\" loading=\"lazy\"  \/>            <\/p>\n<p>                <img width=\"750\" height=\"500\" src=\"https:\/\/www.europesays.com\/fr\/wp-content\/uploads\/2025\/08\/orgue-saint-guillaume-1.jpg\" class=\"attachment-gallery size-gallery\" alt=\"Orgue Saint-Guillaume (1)\" data-full-url=\"https:\/\/www.europesays.com\/fr\/wp-content\/uploads\/2025\/08\/orgue-saint-guillaume-1.jpg\" decoding=\"async\" loading=\"lazy\"  \/>            <\/p>\n<p>                    1. \u00a9 Valeria Ushakova &#8211; Pexels \/ Photo d&rsquo;illustration ; 2. \u00a9 Mathilde Piaud \/ Pokaa<\/p>\n<p>    <img width=\"800\" height=\"626\" src=\"https:\/\/www.europesays.com\/fr\/wp-content\/uploads\/2025\/08\/fdcb7cdb-04a0-4f2c-9640-ceeca28690a8-800x626.jpg\" class=\"attachment-image-size-L size-image-size-L\" alt=\"Saint-Guillaume Grand Salon Schweitzer\" decoding=\"async\" loading=\"lazy\"  \/>         \u00a9 Passions Crois\u00e9es \/ Document remis <\/p>\n<p><strong>Les cours seront assur\u00e9s par Lise Paquet, form\u00e9e par Yoga Alliance International<\/strong>. Elle enseigne le Hatha vinyasa et le Yin yoga en fran\u00e7ais et en anglais. Apr\u00e8s une premi\u00e8re formation \u00e0 l\u2019\u00e9cole Yoga Weeks \u00e0 Barcelone, elle a poursuivi son apprentissage en Inde avec une formation avanc\u00e9e aupr\u00e8s de Sarvaguna, explorant divers styles.<\/p>\n<p><strong>Pour r\u00e9server une s\u00e9ance, <a href=\"https:\/\/www.passions-croisees.com\/concert\/yoga-a-saint-guillaume\/\" target=\"_blank\" rel=\"noopener nofollow\">il suffit de cliquer ici<\/a>.\u00a0<\/strong><\/p>\n<p>Une rentr\u00e9e riche en rencontres<\/p>\n<p>Les cours de yoga ne seront pas le seul \u00e9v\u00e9nement \u00e0 suivre \u00e0 Saint-Guillaume en septembre. Le lieu pr\u00e9voit en effet de nombreuses animations tout au long du mois.<\/p>\n<p><strong>Le vendredi 26 septembre \u00e0 18h30, l\u2019\u00e9glise accueillera Roselyne Bachelot et la chanteuse lyrique Martina Russomanno, <\/strong>\u00e9galement ancienne star de la pop, pour parler des femmes compositrices, en compagnie du directeur artistique de Passions Crois\u00e9es, Guillem Aubry.<\/p>\n<p>    <img width=\"800\" height=\"400\" src=\"https:\/\/www.europesays.com\/fr\/wp-content\/uploads\/2025\/08\/design-sans-titre-391-800x400.png\" class=\"attachment-image-size-L size-image-size-L\" alt=\"Passions crois\u00e9es\" decoding=\"async\" loading=\"lazy\"  \/>         \u00a9 Passions Crois\u00e9es \/ Document remis <\/p>\n<p><strong>Le 13 septembre \u00e0 11h, ce sera le grand retour des ateliers-op\u00e9ras, anim\u00e9s par Guillem Aubrey, ancien chef de chant de l\u2019Op\u00e9ra de Paris.<\/strong> Au menu de cette premi\u00e8re rencontre ? La Traviata de Verdi. Objectif : plonger dans cet op\u00e9ra pour en comprendre l\u2019histoire et les enjeux.<\/p>\n<p><strong>Le public sera mis \u00e0 contribution<\/strong> avec quelques exercices pour \u00ab d\u00e9mystifier le genre de l\u2019op\u00e9ra et le rendre accessible \u00bb. Le rendez-vous promet d\u2019\u00eatre attendu, puisque le premier cycle, en 2024\/2025, a r\u00e9uni pr\u00e8s de 100 personnes \u00e0 chaque s\u00e9ance.<\/p>\n<p>Pour en savoir plus sur ces \u00e9v\u00e9nements, <strong><a href=\"https:\/\/www.passions-croisees.com\/billetterie\/\" target=\"_blank\" rel=\"noopener nofollow\">direction la billetterie<\/a>.\u00a0<\/strong><\/p>\n<p>                <img width=\"889\" height=\"500\" src=\"https:\/\/www.europesays.com\/fr\/wp-content\/uploads\/2025\/08\/vue-aerienne-decor-889x500.jpg\" class=\"attachment-gallery size-gallery\" alt=\"saint-guillaume\" data-full-url=\"https:\/\/pokaa.fr\/wp-content\/uploads\/2025\/08\/25\/vue-aerienne-decor-1500x844.jpg\" decoding=\"async\" loading=\"lazy\"  \/>            <\/p>\n<p>                <img width=\"889\" height=\"500\" src=\"https:\/\/www.europesays.com\/fr\/wp-content\/uploads\/2025\/08\/maxresdefault-889x500.jpg\" class=\"attachment-gallery size-gallery\" alt=\"saint-guillaume\" data-full-url=\"https:\/\/pokaa.fr\/wp-content\/uploads\/2025\/08\/25\/maxresdefault.jpg\" decoding=\"async\" loading=\"lazy\"  \/>            <\/p>\n<p>                    \u00a9 Passions Crois\u00e9es \/ Document remis<\/p>\n<p><strong>Fin septembre, les Strasbourgeois(es) pourront (re)d\u00e9couvrir l\u2019\u00e9glise Saint-Guillaume \u00e0 l\u2019occasion des Journ\u00e9es du Patrimoine<\/strong>. De nombreux espaces ont en effet \u00e9t\u00e9 r\u00e9nov\u00e9s ou am\u00e9nag\u00e9s. La chapelle, situ\u00e9e dans l\u2019arri\u00e8re-ch\u0153ur, portera le nom d\u2019Eva-Salom\u00e9 von F\u00fcrdenheim, car l\u2019avant-derni\u00e8re abbesse protestante de Saint-\u00c9tienne y est enterr\u00e9e depuis le 31 octobre 1994.<\/p>\n<p>Le salon Albert-Schweitzer a, quant \u00e0 lui, \u00e9t\u00e9 baptis\u00e9 avec <strong>ce nom en hommage au d\u00e9tenteur du prix Nobel de la Paix<\/strong> qui a tenu l\u2019orgue de Saint-Guillaume pendant pr\u00e8s de 16 ans.<\/p>\n<p>    <img width=\"800\" height=\"702\" src=\"https:\/\/www.europesays.com\/fr\/wp-content\/uploads\/2025\/08\/fig-1-800x702.jpg\" class=\"attachment-image-size-L size-image-size-L\" alt=\"Tombeau abbesse Saint-Guillaume\" decoding=\"async\" loading=\"lazy\"  \/>         Le tombeau. \u00a9 Passions Crois\u00e9es \/ Document remis <\/p>\n<p><strong>Le 21 septembre, une visite guid\u00e9e gratuite et sans r\u00e9servation aura lieu \u00e0 15h et sera suivie de l\u2019inauguration de ces nouveaux espaces \u00e0 16h, avec une conf\u00e9rence de Boris Dottori, l\u2019arch\u00e9ologue ayant d\u00e9couvert le tombeau de l\u2019abbesse<\/strong>. La journ\u00e9e se poursuivra avec le vernissage d\u2019une exposition parisienne sur la derni\u00e8re soir\u00e9e du c\u00e9l\u00e8bre cabaret Chez Michou, \u00e0 17h.<\/p>\n<p>Elle se terminera \u00e0 18h avec une conf\u00e9rence d\u2019Eladia Meyer, qui a restaur\u00e9 le bas-relief de Saint-Guillaume. <strong>Tout l\u2019apr\u00e8s-midi, un salon de th\u00e9 \u00e9ph\u00e9m\u00e8re permettra de profiter des jardins autour de l\u2019\u00e9glise.\u00a0<\/strong><\/p>\n<p>            Yoga et rentr\u00e9e culturelle \u00e0 l&rsquo;\u00e9glise Saint-Guillaume<\/p>\n<p>            Quoi ? <\/p>\n<p>Rentr\u00e9e culturelle<\/p>\n<p>                Quand ?<\/p>\n<p>En septembre<\/p>\n<p>            o\u00f9 ?<\/p>\n<p>\u00c0 l\u2019\u00e9glise Saint-Guillaume, 1 rue Munch, \u00e0 Strasbourg<\/p>\n<p>                Plus d&rsquo;infos ?<\/p>\n<p><strong>Pour le yoga :<\/strong> le groupe est limit\u00e9 \u00e0 18 personnes, les r\u00e9servations sont obligatoires<a href=\"https:\/\/www.passions-croisees.com\/concert\/yoga-a-saint-guillaume\/\" target=\"_blank\" rel=\"noopener nofollow\"> en cliquant ici<\/a><\/p>\n<p>Les tickets s\u2019ach\u00e8tent par carnet de 10 (12\u20ac le ticket). Si vous h\u00e9sitez, du 25 ao\u00fbt au 25 septembre, une offre sp\u00e9ciale vous permet d\u2019acheter un seul ticket \u00ab d\u00e9couverte \u00bb \u00e0 15\u20ac ! Tapis et briques sont fournis sur place.<\/p>\n<p><strong>Pour les autres \u00e9v\u00e9nements :<\/strong> rendez-vous sur <a href=\"https:\/\/www.passions-croisees.com\/billetterie\/\" target=\"_blank\" rel=\"noopener nofollow\">leur billetterie juste ici<\/a><\/p>\n<p data-pm-slice=\"1 1 []\"><strong>Renseignements\u00a0:<\/strong> 07 71 05 37 77 ou <a class=\"qbe-widget\" href=\"http:\/\/pokaa.fr\/cdn-cgi\/l\/email-protection#c5a6aaabb1a4a6b185b5a4b6b6acaaabb6e8a6b7aaacb6a0a0b6eba6aaa8\" target=\"_blank\" rel=\"noopener noreferrer nofollow\">[email\u00a0protected]<\/a><\/p>\n","protected":false},"excerpt":{"rendered":"\u00c0 Strasbourg, l\u2019\u00e9glise protestante Saint-Guillaume s\u2019est fait un nom sur la sc\u00e8ne culturelle avec une programmation originale et&hellip;\n","protected":false},"author":2,"featured_media":345435,"comment_status":"","ping_status":"","sticky":false,"template":"","format":"standard","meta":{"footnotes":""},"categories":[2820],"tags":[1111,11,1777,674,1011,27,775,48159,12,20789,25,20790,640,4993],"class_list":{"0":"post-345434","1":"post","2":"type-post","3":"status-publish","4":"format-standard","5":"has-post-thumbnail","7":"category-strasbourg","8":"tag-actu","9":"tag-actualites","10":"tag-eu","11":"tag-europe","12":"tag-fr","13":"tag-france","14":"tag-grand-est","15":"tag-journees-du-patrimoine","16":"tag-news","17":"tag-passions-croisees","18":"tag-republique-francaise","19":"tag-saint-guillaume","20":"tag-strasbourg","21":"tag-yoga"},"share_on_mastodon":{"url":"https:\/\/pubeurope.com\/@fr\/115095720224439867","error":""},"_links":{"self":[{"href":"https:\/\/www.europesays.com\/fr\/wp-json\/wp\/v2\/posts\/345434","targetHints":{"allow":["GET"]}}],"collection":[{"href":"https:\/\/www.europesays.com\/fr\/wp-json\/wp\/v2\/posts"}],"about":[{"href":"https:\/\/www.europesays.com\/fr\/wp-json\/wp\/v2\/types\/post"}],"author":[{"embeddable":true,"href":"https:\/\/www.europesays.com\/fr\/wp-json\/wp\/v2\/users\/2"}],"replies":[{"embeddable":true,"href":"https:\/\/www.europesays.com\/fr\/wp-json\/wp\/v2\/comments?post=345434"}],"version-history":[{"count":0,"href":"https:\/\/www.europesays.com\/fr\/wp-json\/wp\/v2\/posts\/345434\/revisions"}],"wp:featuredmedia":[{"embeddable":true,"href":"https:\/\/www.europesays.com\/fr\/wp-json\/wp\/v2\/media\/345435"}],"wp:attachment":[{"href":"https:\/\/www.europesays.com\/fr\/wp-json\/wp\/v2\/media?parent=345434"}],"wp:term":[{"taxonomy":"category","embeddable":true,"href":"https:\/\/www.europesays.com\/fr\/wp-json\/wp\/v2\/categories?post=345434"},{"taxonomy":"post_tag","embeddable":true,"href":"https:\/\/www.europesays.com\/fr\/wp-json\/wp\/v2\/tags?post=345434"}],"curies":[{"name":"wp","href":"https:\/\/api.w.org\/{rel}","templated":true}]}}