{"id":345440,"date":"2025-08-26T15:16:25","date_gmt":"2025-08-26T15:16:25","guid":{"rendered":"https:\/\/www.europesays.com\/fr\/345440\/"},"modified":"2025-08-26T15:16:25","modified_gmt":"2025-08-26T15:16:25","slug":"cine-en-plein-air-et-accueil-des-nouveaux-arrivants","status":"publish","type":"post","link":"https:\/\/www.europesays.com\/fr\/345440\/","title":{"rendered":"cin\u00e9 en plein air et accueil des nouveaux arrivants"},"content":{"rendered":"<p>C\u2019est une tradition \u00e0 Sainte-Luce : pour d\u00e9buter la nouvelle ann\u00e9e scolaire, la Ville propose une s\u00e9ance de cin\u00e9ma en plein air, gratuite, \u00e0 la nuit tomb\u00e9e, sur le terrain du Chassay.<\/p>\n<p>\u00c0 partir de 18h30, les familles pourront s\u2019amuser avec les jeux de la m\u00e9diath\u00e8que-ludoth\u00e8que Ren\u00e9-Goscinny et danser au son du DJ mix \u00e0 19h30. Le Bus D\u00e9\u2019tourn\u00e9 sera pr\u00e9sent avec ses jeux et ses tartines.<\/p>\n<p>18h30 \u2013\u00a0<a href=\"https:\/\/www.sainte-luce-loire.com\/agenda\/accueil-des-nouveaux-arrivants-3\/\" rel=\"nofollow noopener\" target=\"_blank\">Accueil des nouveaux arrivants<\/a><\/p>\n<p>Avant la projection du film, la Ville convie les nouveaux Luc\u00e9ens \u00e0 un temps d\u2019\u00e9change et de rencontre avec le maire et le conseil municipal. Ils sont invit\u00e9s \u00e0 se rendre \u00e0 partir de 18h30 dans le jardin du Ch\u00e2teau de Chassay pour un pot d\u2019accueil et d\u00e9couvrir les activit\u00e9s et services propos\u00e9s par la mairie, avant de rejoindre les festivit\u00e9s sur le terrain de Chassay.<\/p>\n<p>21h \u2013\u00a0<a href=\"https:\/\/www.sainte-luce-loire.com\/agenda\/cinema-en-plein-air-flow\/\" rel=\"nofollow noopener\" target=\"_blank\">Le film : \u201cFlow, le chat qui n\u2019avait pas peur de l\u2019eau\u201d<\/a><\/p>\n<p>\u00c0 21h, le film d\u2019animation \u00ab Flow \u00bb, r\u00e9alis\u00e9 par Gints Zilbalodis et pr<a href=\"https:\/\/www.europesays.com\/fr\/wp-content\/uploads\/2025\/08\/2025_CINEMA_CARRE_CULTURE.jpg\"><img loading=\"lazy\" decoding=\"async\" class=\"wp-image-50755 alignleft colorbox-50777\" src=\"https:\/\/www.europesays.com\/fr\/wp-content\/uploads\/2025\/08\/2025_CINEMA_CARRE_CULTURE.jpg\" alt=\"\" width=\"251\" height=\"249\"\/><\/a>ojet\u00e9 au festival de Cannes en 2024, sera diffus\u00e9 sur le terrain de Chassay.<\/p>\n<p>Un chat se r\u00e9veille dans un univers envahi par l\u2019eau o\u00f9 la vie humaine semble avoir disparu. Il trouve refuge sur un bateau avec d\u2019autres animaux. Tous devront d\u00e9sormais apprendre \u00e0 surmonter leurs diff\u00e9rences et \u00e0 s\u2019adapter \u00e0 ce nouveau monde.<\/p>\n<p>\u00a0<\/p>\n","protected":false},"excerpt":{"rendered":"C\u2019est une tradition \u00e0 Sainte-Luce : pour d\u00e9buter la nouvelle ann\u00e9e scolaire, la Ville propose une s\u00e9ance de&hellip;\n","protected":false},"author":2,"featured_media":345441,"comment_status":"","ping_status":"","sticky":false,"template":"","format":"standard","meta":{"footnotes":""},"categories":[2818],"tags":[1111,11,1777,674,1011,27,766,12,2636,25],"class_list":{"0":"post-345440","1":"post","2":"type-post","3":"status-publish","4":"format-standard","5":"has-post-thumbnail","7":"category-nantes","8":"tag-actu","9":"tag-actualites","10":"tag-eu","11":"tag-europe","12":"tag-fr","13":"tag-france","14":"tag-nantes","15":"tag-news","16":"tag-pays-de-la-loire","17":"tag-republique-francaise"},"share_on_mastodon":{"url":"https:\/\/pubeurope.com\/@fr\/115095731510160809","error":""},"_links":{"self":[{"href":"https:\/\/www.europesays.com\/fr\/wp-json\/wp\/v2\/posts\/345440","targetHints":{"allow":["GET"]}}],"collection":[{"href":"https:\/\/www.europesays.com\/fr\/wp-json\/wp\/v2\/posts"}],"about":[{"href":"https:\/\/www.europesays.com\/fr\/wp-json\/wp\/v2\/types\/post"}],"author":[{"embeddable":true,"href":"https:\/\/www.europesays.com\/fr\/wp-json\/wp\/v2\/users\/2"}],"replies":[{"embeddable":true,"href":"https:\/\/www.europesays.com\/fr\/wp-json\/wp\/v2\/comments?post=345440"}],"version-history":[{"count":0,"href":"https:\/\/www.europesays.com\/fr\/wp-json\/wp\/v2\/posts\/345440\/revisions"}],"wp:featuredmedia":[{"embeddable":true,"href":"https:\/\/www.europesays.com\/fr\/wp-json\/wp\/v2\/media\/345441"}],"wp:attachment":[{"href":"https:\/\/www.europesays.com\/fr\/wp-json\/wp\/v2\/media?parent=345440"}],"wp:term":[{"taxonomy":"category","embeddable":true,"href":"https:\/\/www.europesays.com\/fr\/wp-json\/wp\/v2\/categories?post=345440"},{"taxonomy":"post_tag","embeddable":true,"href":"https:\/\/www.europesays.com\/fr\/wp-json\/wp\/v2\/tags?post=345440"}],"curies":[{"name":"wp","href":"https:\/\/api.w.org\/{rel}","templated":true}]}}