{"id":345442,"date":"2025-08-26T15:17:11","date_gmt":"2025-08-26T15:17:11","guid":{"rendered":"https:\/\/www.europesays.com\/fr\/345442\/"},"modified":"2025-08-26T15:17:11","modified_gmt":"2025-08-26T15:17:11","slug":"ce-nouveau-centre-technique-pour-les-tramways-est-lun-des-plus-grands-de-france","status":"publish","type":"post","link":"https:\/\/www.europesays.com\/fr\/345442\/","title":{"rendered":"ce nouveau centre technique pour les tramways est l&rsquo;un des plus grands de France"},"content":{"rendered":"<p>            Par<br \/>\n        <strong><br \/>\n            <a href=\"https:\/\/actu.fr\/auteur\/thomas-bernard\" title=\"Consulter tous les articles de Thomas Bernard\" rel=\"nofollow noopener\" target=\"_blank\">Thomas Bernard<\/a><br \/>\n        <\/strong><\/p>\n<p>        Publi\u00e9 le<\/p>\n<p>            26 ao\u00fbt 2025 \u00e0 16h36        <\/p>\n<p>\u00ab\u2009Ce b\u00e2timent a \u00e9t\u00e9 con\u00e7u pour durer sur les cinquante prochaines ann\u00e9es. Nos nouvelles rames doivent circuler pendant au moins une quarantaine d\u2019ann\u00e9es\u2009\u00bb, a confi\u00e9 Pascal Bolo, pr\u00e9sident de la Semitan.<\/p>\n<p class=\" wall-content\">Ce lundi 25\u00a0ao\u00fbt, Nantes M\u00e9tropole a invit\u00e9 la presse pour pr\u00e9senter <a href=\"https:\/\/actu.fr\/pays-de-la-loire\/nantes_44109\/bus-navibus-parking-les-nouvelles-offres-de-transports-en-commun-pour-la-rentree-a-nantes_63077010.html\" rel=\"nofollow noopener\" target=\"_blank\">les nouveaut\u00e9s de la rentr\u00e9e 2025 sur le r\u00e9seau des transports en commun<\/a> et faire d\u00e9couvrir <strong>le nouveau centre technique et d\u2019exploitation<\/strong> (Cetex) de la Babini\u00e8re \u00e0 <a href=\"https:\/\/actu.fr\/pays-de-la-loire\/la-chapelle-sur-erdre_44035\" rel=\"nofollow noopener\" target=\"_blank\">La Chapelle-sur-Erdre<\/a>. D\u00e9couverte d\u2019un b\u00e2timent hors normes et l\u2019un des centres techniques les plus grands de France.<\/p>\n<p>Ateliers, locaux et tramways<\/p>\n<p class=\" wall-content\">Le Cetex, construit sur le site de la Babini\u00e8re \u00e0 la Chapelle-sur-Erdre, nouveau terminus de la ligne 1 du tramway, va <strong>accueillir et entretenir les nouvelles rames attendues<\/strong>, 61 au total, d\u2019ici fin 2027.<\/p>\n<p class=\" wall-content\">Le b\u00e2timent hors normes comprend sur huit hectares\u2009: un atelier de maintenance, une zone de remisage des nouvelles rames de tramway Alstom Citadis, des locaux techniques, des locaux d\u2019exploitation, une station de lavage et sablage des tramways, des voiries et stationnements, un bassin de r\u00e9tention des eaux.<\/p>\n<p class=\" wall-content\">\u00ab\u2009Nous pourrons r\u00e9aliser de la maintenance de proximit\u00e9 pour des rames de la ligne 1 mais aussi de la maintenance lourde pour toutes les rames de l\u2019ensemble des lignes\u2009\u00bb, explique St\u00e9phane Bis, direction d\u00e9veloppement et gestion du patrimoine de la Semitan.<\/p>\n<p class=\" wall-content\">Sur place, 70\u00a0personnes travaillent dans l\u2019atelier de maintenance tandis que 50 autres conducteurs rouleront sur le site en fonction des plannings. \u00ab\u2009Nous disposons d\u2019un outil plus grand. Nous sommes \u00e0 l\u2019\u00e9troit au Cetex de Dalby. C\u2019est plus facile de travailler dans un espace plus ergonomique\u2009\u00bb, confie St\u00e9phane Bis.<\/p>\n<p>Votre r\u00e9gion, votre actu !<\/p>\n<p>Recevez chaque jour les infos qui comptent pour vous.<\/p>\n<p>\t<a href=\"https:\/\/actu.fr\/newsletter\" class=\"ac-btn ac-btn--corner ac-btn--medium ac-btn--blue800\" rel=\"nofollow noopener\" target=\"_blank\">S&rsquo;incrire<\/a><\/p>\n<p class=\" wall-content\">\u00ab\u2009Ce Cetex traduit l\u2019ambition d\u2019avoir des transports en commun pour les habitants et pour l\u2019\u00e9cologie\u2009\u00bb, a r\u00e9agi Johanna Rolland, pr\u00e9sidente de Nantes m\u00e9tropole. Au total, le co\u00fbt global de ce projet<strong> est estim\u00e9 \u00e0 105\u00a0M\u20ac TTC<\/strong>.<\/p>\n<p class=\" wall-content\">Personnalisez votre actualit\u00e9 en ajoutant vos villes et m\u00e9dias en favori avec <a href=\"https:\/\/moncompte.actu.fr\" title=\"D\u00e9couvez Mon Actu\" rel=\"nofollow noopener\" data-trk=\"{&quot;cta&quot;:{&quot;action&quot;:&quot;https:\\\/\\\/moncompte.actu.fr&quot;,&quot;category&quot;:&quot;mon compte&quot;,&quot;from&quot;:&quot;article footer&quot;,&quot;name&quot;:&quot;Mon actu&quot;,&quot;type&quot;:&quot;cta&quot;}}\" target=\"_blank\">Mon Actu<\/a>.<\/p>\n","protected":false},"excerpt":{"rendered":"Par Thomas Bernard Publi\u00e9 le 26 ao\u00fbt 2025 \u00e0 16h36 \u00ab\u2009Ce b\u00e2timent a \u00e9t\u00e9 con\u00e7u pour durer sur&hellip;\n","protected":false},"author":2,"featured_media":345443,"comment_status":"","ping_status":"","sticky":false,"template":"","format":"standard","meta":{"footnotes":""},"categories":[2818],"tags":[1111,11,1777,674,1011,27,766,12,2636,25,104,2803],"class_list":{"0":"post-345442","1":"post","2":"type-post","3":"status-publish","4":"format-standard","5":"has-post-thumbnail","7":"category-nantes","8":"tag-actu","9":"tag-actualites","10":"tag-eu","11":"tag-europe","12":"tag-fr","13":"tag-france","14":"tag-nantes","15":"tag-news","16":"tag-pays-de-la-loire","17":"tag-republique-francaise","18":"tag-societe","19":"tag-transport"},"share_on_mastodon":{"url":"https:\/\/pubeurope.com\/@fr\/115095735149101997","error":""},"_links":{"self":[{"href":"https:\/\/www.europesays.com\/fr\/wp-json\/wp\/v2\/posts\/345442","targetHints":{"allow":["GET"]}}],"collection":[{"href":"https:\/\/www.europesays.com\/fr\/wp-json\/wp\/v2\/posts"}],"about":[{"href":"https:\/\/www.europesays.com\/fr\/wp-json\/wp\/v2\/types\/post"}],"author":[{"embeddable":true,"href":"https:\/\/www.europesays.com\/fr\/wp-json\/wp\/v2\/users\/2"}],"replies":[{"embeddable":true,"href":"https:\/\/www.europesays.com\/fr\/wp-json\/wp\/v2\/comments?post=345442"}],"version-history":[{"count":0,"href":"https:\/\/www.europesays.com\/fr\/wp-json\/wp\/v2\/posts\/345442\/revisions"}],"wp:featuredmedia":[{"embeddable":true,"href":"https:\/\/www.europesays.com\/fr\/wp-json\/wp\/v2\/media\/345443"}],"wp:attachment":[{"href":"https:\/\/www.europesays.com\/fr\/wp-json\/wp\/v2\/media?parent=345442"}],"wp:term":[{"taxonomy":"category","embeddable":true,"href":"https:\/\/www.europesays.com\/fr\/wp-json\/wp\/v2\/categories?post=345442"},{"taxonomy":"post_tag","embeddable":true,"href":"https:\/\/www.europesays.com\/fr\/wp-json\/wp\/v2\/tags?post=345442"}],"curies":[{"name":"wp","href":"https:\/\/api.w.org\/{rel}","templated":true}]}}