{"id":345444,"date":"2025-08-26T15:18:10","date_gmt":"2025-08-26T15:18:10","guid":{"rendered":"https:\/\/www.europesays.com\/fr\/345444\/"},"modified":"2025-08-26T15:18:10","modified_gmt":"2025-08-26T15:18:10","slug":"valemo-decroche-la-supervision-du-parc-eolien-en-mer-yeu-noirmoutier-2","status":"publish","type":"post","link":"https:\/\/www.europesays.com\/fr\/345444\/","title":{"rendered":"Valemo d\u00e9croche la supervision du parc \u00e9olien en mer Yeu-Noirmoutier"},"content":{"rendered":"<p>\n\t\t\t\t\t\t\t\t\tLe futur parc \u00e9olien en mer de Yeu-Noirmoutier devrait entrer en service d&rsquo;ici la fin de l&rsquo;ann\u00e9e. Cr\u00e9dits : Valemo\n\t\t\t\t\t\t\t\t<\/p>\n<p>Valemo assurera la supervision des installations du futur parc \u00e9olien en mer de Yeu-Noirmoutier.<\/p>\n<p>Le sp\u00e9cialiste de l\u2019exploitation et de la maintenance des \u00e9nergies renouvelables, Valemo, a sign\u00e9 il y a peu un contrat concernant le parc \u00e9olien en mer de Yeu-Noirmoutier. Il s\u2019agit de superviser \u00e0 distance depuis B\u00e8gles, l\u2019ensemble des installations de ce futur site offshore. Les \u00e9quipes assureront \u00ab la gestion des alertes, leur traitement, la communication avec le gestionnaire de r\u00e9seau RTE, ainsi que la transmission des donn\u00e9es r\u00e9glementaires (REMIT) et des pr\u00e9visions de production \u00bb, pr\u00e9cise Valemo dans un communiqu\u00e9. <\/p>\n<p>    Le contrat lie ainsi l\u2019entreprise \u00e0 la soci\u00e9t\u00e9 Emyn (\u00c9oliennes en mer des \u00eeles d\u2019Yeu et de Noirmoutier), une filiale d\u2019Ocean Winds, elle-m\u00eame coentreprise cr\u00e9\u00e9e par Engie et EDPR. Valemo \u00ab a d\u00e9j\u00e0 accompagn\u00e9 les Chantiers de l\u2019Atlantique pour le suivi de la sous-station de Yeu-Noirmoutier depuis son installation en mer. Cette nouvelle mission s\u2019inscrit dans la continuit\u00e9 des collaborations pr\u00e9c\u00e9dentes autour des OSS [ndlr, sous-stations \u00e9lectriques] de Saint-Nazaire, F\u00e9camp et Courseulles, \u00e9galement fournies par les Chantiers de l\u2019Atlantique pour le compte d\u2019EDF Renouvelables \u00bb, pr\u00e9cise le communiqu\u00e9. Fond\u00e9e en 2011, Valemo est une filiale du groupe Valorem, bas\u00e9 \u00e0 B\u00e8gles.  <\/p>\n","protected":false},"excerpt":{"rendered":"Le futur parc \u00e9olien en mer de Yeu-Noirmoutier devrait entrer en service d&rsquo;ici la fin de l&rsquo;ann\u00e9e. Cr\u00e9dits&hellip;\n","protected":false},"author":2,"featured_media":345445,"comment_status":"","ping_status":"","sticky":false,"template":"","format":"standard","meta":{"footnotes":""},"categories":[2817],"tags":[1111,11,1997,1777,674,1011,27,12,2219,5645,25],"class_list":{"0":"post-345444","1":"post","2":"type-post","3":"status-publish","4":"format-standard","5":"has-post-thumbnail","7":"category-bordeaux","8":"tag-actu","9":"tag-actualites","10":"tag-bordeaux","11":"tag-eu","12":"tag-europe","13":"tag-fr","14":"tag-france","15":"tag-news","16":"tag-nouvelle-aquitaine","17":"tag-placco-placeco","18":"tag-republique-francaise"},"share_on_mastodon":{"url":"https:\/\/pubeurope.com\/@fr\/115095739234917303","error":""},"_links":{"self":[{"href":"https:\/\/www.europesays.com\/fr\/wp-json\/wp\/v2\/posts\/345444","targetHints":{"allow":["GET"]}}],"collection":[{"href":"https:\/\/www.europesays.com\/fr\/wp-json\/wp\/v2\/posts"}],"about":[{"href":"https:\/\/www.europesays.com\/fr\/wp-json\/wp\/v2\/types\/post"}],"author":[{"embeddable":true,"href":"https:\/\/www.europesays.com\/fr\/wp-json\/wp\/v2\/users\/2"}],"replies":[{"embeddable":true,"href":"https:\/\/www.europesays.com\/fr\/wp-json\/wp\/v2\/comments?post=345444"}],"version-history":[{"count":0,"href":"https:\/\/www.europesays.com\/fr\/wp-json\/wp\/v2\/posts\/345444\/revisions"}],"wp:featuredmedia":[{"embeddable":true,"href":"https:\/\/www.europesays.com\/fr\/wp-json\/wp\/v2\/media\/345445"}],"wp:attachment":[{"href":"https:\/\/www.europesays.com\/fr\/wp-json\/wp\/v2\/media?parent=345444"}],"wp:term":[{"taxonomy":"category","embeddable":true,"href":"https:\/\/www.europesays.com\/fr\/wp-json\/wp\/v2\/categories?post=345444"},{"taxonomy":"post_tag","embeddable":true,"href":"https:\/\/www.europesays.com\/fr\/wp-json\/wp\/v2\/tags?post=345444"}],"curies":[{"name":"wp","href":"https:\/\/api.w.org\/{rel}","templated":true}]}}