{"id":345446,"date":"2025-08-26T15:19:11","date_gmt":"2025-08-26T15:19:11","guid":{"rendered":"https:\/\/www.europesays.com\/fr\/345446\/"},"modified":"2025-08-26T15:19:11","modified_gmt":"2025-08-26T15:19:11","slug":"de-beaux-bordeaux-a-prix-accessibles-nos-coups-de-coeur-de-la-foire-aux-vins","status":"publish","type":"post","link":"https:\/\/www.europesays.com\/fr\/345446\/","title":{"rendered":"de beaux bordeaux \u00e0 prix accessibles, nos coups de c\u0153ur de la foire aux vins"},"content":{"rendered":"\n<p>    Une s\u00e9lection \u00e9clectique mais qui reste accessible avec 58 % des vins \u00e0 moins de 20 \u20ac.<br \/>\n                Kaspars Grinvalds &#8211; stock.adobe.com<\/p>\n<p class=\"fig-standfirst\">Une s\u00e9lection \u00e9clectique \u00e0 prix tr\u00e8s accessibles, qui fait la part belle \u00e0 Bordeaux\u00a0: la foire aux vins du caviste en ligne Wine and Co d\u00e9marre ce 27 ao\u00fbt, voici nos coups de c\u0153ur.<\/p>\n<p>                                    <a class=\"fig-a11y-skip a11y-hidden\" href=\"#fig-a11y-skip-main-native_atf\"><br \/>\n        Passer la publicit\u00e9<br \/>\n    <\/a><\/p>\n<p>                                    <a class=\"fig-a11y-skip a11y-hidden\" href=\"#fig-a11y-skip-main-pave_atf\"><br \/>\n        Passer la publicit\u00e9<br \/>\n    <\/a><\/p>\n<p class=\"fig-paragraph\">Que les amateurs de\u00a0<a href=\"https:\/\/avis-vin.lefigaro.fr\/connaitre-deguster\/tout-savoir-sur-le-vin\/guide-des-regions-et-des-appellations\/bordeaux\" target=\"_blank\" rel=\"noopener\" data-gtm-custom-categorie=\"navigation\" data-gtm-custom-action=\"crossclick\" data-gtm-custom-label=\"Contextuel\" data-gtm-event=\"customEventSPE\">bordeaux<\/a>\u00a0pr\u00eats \u00e0 boire se tiennent pr\u00eats\u00a0: Wine and Co a s\u00e9lectionn\u00e9 une cinquantaine de r\u00e9f\u00e9rences bordelaises dans un tr\u00e8s joli mill\u00e9sime, 2015. Avec la certitude de pouvoir acqu\u00e9rir des flacons qui ont patient\u00e9 dans d\u2019excellentes conditions, dans les chais de l\u2019enseigne de vente en ligne. Si Bordeaux domine la large s\u00e9lection, la\u00a0<a href=\"https:\/\/avis-vin.lefigaro.fr\/connaitre-deguster\/tout-savoir-sur-le-vin\/guide-des-regions-et-des-appellations\/vallee-du-rhone\" target=\"_blank\" rel=\"noopener\" data-gtm-custom-categorie=\"navigation\" data-gtm-custom-action=\"crossclick\" data-gtm-custom-label=\"Contextuel\" data-gtm-event=\"customEventSPE\">vall\u00e9e du Rh\u00f4ne<\/a>\u00a0et la\u00a0<a href=\"https:\/\/avis-vin.lefigaro.fr\/connaitre-deguster\/tout-savoir-sur-le-vin\/guide-des-regions-et-des-appellations\/bourgogne\" target=\"_blank\" rel=\"noopener\" data-gtm-custom-categorie=\"navigation\" data-gtm-custom-action=\"crossclick\" data-gtm-custom-label=\"Contextuel\" data-gtm-event=\"customEventSPE\">Bourgogne<\/a>\u00a0sont \u00e9galement bien repr\u00e9sent\u00e9es, sans oublier le\u00a0<a href=\"https:\/\/avis-vin.lefigaro.fr\/connaitre-deguster\/tout-savoir-sur-le-vin\/guide-des-regions-et-des-appellations\/vallee-de-la-loire\" target=\"_blank\" rel=\"noopener\" data-gtm-custom-categorie=\"navigation\" data-gtm-custom-action=\"crossclick\" data-gtm-custom-label=\"Contextuel\" data-gtm-event=\"customEventSPE\">Val de Loire<\/a>\u00a0et la\u00a0<a href=\"https:\/\/avis-vin.lefigaro.fr\/connaitre-deguster\/tout-savoir-sur-le-vin\/guide-des-regions-et-des-appellations\/champagne\" target=\"_blank\" rel=\"noopener\" data-gtm-custom-categorie=\"navigation\" data-gtm-custom-action=\"crossclick\" data-gtm-custom-label=\"Contextuel\" data-gtm-event=\"customEventSPE\">Champagne<\/a>, ainsi que des p\u00e9pites de l\u2019\u00e9tranger. Une s\u00e9lection \u00e9clectique donc, mais qui reste accessible avec 58 % des vins \u00e0 moins de 20 \u20ac et trente magnums d\u00e8s 14,90 \u20ac pour voir les choses en grand sans se ruiner.<\/p>\n<p class=\"fig-body-link\">\n            \u00c0 lire aussi<br \/>\n        <a class=\"fig-body-link__link\" href=\"http:\/\/avis-vin.lefigaro.fr\/foire-aux-vins\/foires-aux-vins-2025-leclerc-carrefour-decouvrez-les-dates-de-chaque-enseigne-20250704\" target=\"_blank\" data-fig-type=\"Article\" rel=\"noopener\" data-gtm-custom-categorie=\"navigation\" data-gtm-custom-action=\"crossclick\" data-gtm-custom-label=\"Contextuel\" data-gtm-event=\"customEventSPE\" data-fig-domain=\"AVIS_VIN\">D\u00e9couvrez toutes les dates des foires aux vins d\u2019automne 2025<br \/>\n    <\/a>\n<\/p>\n<p>Notre s\u00e9lection<\/p>\n<p class=\"fig-paragraph\">632 r\u00e9f\u00e9rences de 4,90 \u20ac \u00e0 670 \u20ac\u00a0<br \/>Du 27 ao\u00fbt au 30 septembre\u00a0<\/p>\n<p>                                    <a class=\"fig-a11y-skip a11y-hidden\" href=\"#fig-a11y-skip-right-pave_atf\"><br \/>\n        Passer la publicit\u00e9<br \/>\n    <\/a><\/p>\n<p class=\"fig-headline-tabbar\">\n        Wineandco\u00a0: de beaux bordeaux \u00e0 prix accessibles, nos coups de c\u0153ur de la foire aux vins\n    <\/p>\n<p>            <a href=\"https:\/\/abonnement.lefigaro.fr\/abonnement-premium-figaro-vente-flash?app=Figaro&amp;source=sticky-mobile&amp;redirect_uri=https%3A%2F%2Favis-vin.lefigaro.fr%2Ffoire-aux-vins%2Fwineandco-de-beaux-bordeaux-a-prix-accessibles-nos-coups-de-coeur-de-la-foire-aux-vins-20250826\" class=\"fig-subscription-button fig-subscription-button--mobile\" data-gtm=\"{&quot;customCategorie&quot;: &quot;conversion&quot;, &quot;customAction&quot;: &quot;before_Landing_Premium_Tapbar&quot;, &quot;customLabel&quot;: &quot;YXZpcy12aW4ubGVmaWdhcm8uZnJfXzFmMDY4NzQxLTEzYzgtNjJiNi1iYjU0LTU1ZTIzOGYzNTRmOF9fQXJ0aWNsZQ==_wineandco_de_beaux_bordeaux_a_prix_accessibles_nos_coups_de_coeur_de_la_foire_aux_vins&quot;, &quot;customIDSPE&quot;: &quot;YXZpcy12aW4ubGVmaWdhcm8uZnJfXzFmMDY4NzQxLTEzYzgtNjJiNi1iYjU0LTU1ZTIzOGYzNTRmOF9fQXJ0aWNsZQ==&quot;, &quot;event&quot;: &quot;customEventSPE&quot;}\" referrerpolicy=\"unsafe-url\" target=\"_blank\" rel=\"noopener\"><br \/>\n    S&rsquo;ABONNER<br \/>\n<\/a><\/p>\n<p>        Fermer<\/p>\n<p>            <a href=\"https:\/\/abonnement.lefigaro.fr\/abonnement-premium-figaro-vente-flash?app=Figaro&amp;source=sticky-desktop&amp;redirect_uri=https%3A%2F%2Favis-vin.lefigaro.fr%2Ffoire-aux-vins%2Fwineandco-de-beaux-bordeaux-a-prix-accessibles-nos-coups-de-coeur-de-la-foire-aux-vins-20250826\" class=\"fig-subscription-button fig-subscription-button--desktop\" data-gtm=\"{&quot;customCategorie&quot;: &quot;conversion&quot;, &quot;customAction&quot;: &quot;before_Landing_Premium_Tapbar&quot;, &quot;customLabel&quot;: &quot;YXZpcy12aW4ubGVmaWdhcm8uZnJfXzFmMDY4NzQxLTEzYzgtNjJiNi1iYjU0LTU1ZTIzOGYzNTRmOF9fQXJ0aWNsZQ==_wineandco_de_beaux_bordeaux_a_prix_accessibles_nos_coups_de_coeur_de_la_foire_aux_vins&quot;, &quot;customIDSPE&quot;: &quot;YXZpcy12aW4ubGVmaWdhcm8uZnJfXzFmMDY4NzQxLTEzYzgtNjJiNi1iYjU0LTU1ZTIzOGYzNTRmOF9fQXJ0aWNsZQ==&quot;, &quot;event&quot;: &quot;customEventSPE&quot;}\" referrerpolicy=\"unsafe-url\" target=\"_blank\" rel=\"noopener\"><br \/>\n    S&rsquo;abonner<br \/>\n<\/a><\/p>\n<p>        <a class=\"fig-a11y-skip a11y-hidden\" href=\"#fig-a11y-skip-bottom-taboola-below-article-thumbnails\"><br \/>\n        Passer la publicit\u00e9<br \/>\n    <\/a><\/p>\n<p>        <a class=\"fig-a11y-skip a11y-hidden\" href=\"#fig-a11y-skip-bottom-taboola-mobile-article-feed\"><br \/>\n        Passer la publicit\u00e9<br \/>\n    <\/a><\/p>\n<ol class=\"fig-related-content__list\">\n<li class=\"fig-related-content__item\">\n<p>            <a href=\"https:\/\/avis-vin.lefigaro.fr\/foire-aux-vins\/jusqu-a-40-de-remise-sur-de-grandes-appellations-voici-les-vraies-bonnes-affaires-de-la-foire-aux-vins-de-rentree-20250823\" class=\"fig-ranking-profile-link\" aria-label=\"Jusqu\u2019\u00e0 40% de remise sur de grandes appellations\u00a0: voici les vraies bonnes affaires de la foire aux vins de rentr\u00e9e (article Premium)\" title=\"Jusqu\u2019\u00e0 40% de remise sur de grandes appellations\u00a0: voici les vraies bonnes affaires de la foire aux vins de rentr\u00e9e (article Premium)\" data-gtm=\"{&quot;event&quot;:&quot;customEventGA4&quot;,&quot;eventName&quot;:&quot;click_navigation&quot;,&quot;location&quot;:&quot;bloc_sur_lememe_theme&quot;,&quot;feature&quot;:&quot;new_article_blocs&quot;,&quot;feature_details&quot;:&quot;Sur le m\\u00eame th\\u00e8me&quot;,&quot;button_action&quot;:&quot;crossclick&quot;}\" data-fig-domain=\"LEFIGARO\" target=\"_blank\" rel=\"noopener\"><\/p>\n<p>        Jusqu\u2019\u00e0 40% de remise sur de grandes appellations\u00a0: voici les vraies bonnes affaires de la foire aux vins de rentr\u00e9e<\/p>\n<p>                                                <\/a><\/p>\n<p>        <img   class=\"fig-img fig-ranking-profile-media-small-picture__photo\" alt=\"Jusqu\u2019\u00e0 40% de remise sur de grandes appellations\u00a0: voici les vraies bonnes affaires de la foire aux vins de rentr\u00e9e\" height=\"2000\" width=\"3000\"\/><\/p>\n<p class=\"fig-ranking-profile-standfirst\">\n    <strong>NOTRE S\u00c9LECTION &#8211;<\/strong> \u00c0 l\u2019occasion du retour de la foire aux vins, Le Figaro a d\u00e9gust\u00e9 des centaines de cuv\u00e9es pour ne retenir que les vraies bonnes affaires, sur quelques-unes des plus belles appellations de Bordeaux, de Bourgogne, du Rh\u00f4ne&#8230;\n<\/p>\n<\/li>\n<li class=\"fig-related-content__item\">\n<p>            <a href=\"https:\/\/avis-vin.lefigaro.fr\/primeurs\/les-20-vins-de-bordeaux-2024-au-rapport-qualite-prix-exceptionnel-entre-9-et-25-euros-20250628\" class=\"fig-ranking-profile-link\" aria-label=\"Notre s\u00e9lection des 20 vins de Bordeaux 2024 au rapport qualit\u00e9-prix exceptionnel, entre 9 et 25 euros (article Premium)\" title=\"Notre s\u00e9lection des 20 vins de Bordeaux 2024 au rapport qualit\u00e9-prix exceptionnel, entre 9 et 25 euros (article Premium)\" data-gtm=\"{&quot;event&quot;:&quot;customEventGA4&quot;,&quot;eventName&quot;:&quot;click_navigation&quot;,&quot;location&quot;:&quot;bloc_sur_lememe_theme&quot;,&quot;feature&quot;:&quot;new_article_blocs&quot;,&quot;feature_details&quot;:&quot;Sur le m\\u00eame th\\u00e8me&quot;,&quot;button_action&quot;:&quot;crossclick&quot;}\" data-fig-domain=\"LEFIGARO\" target=\"_blank\" rel=\"noopener\"><\/p>\n<p>        Notre s\u00e9lection des 20 vins de Bordeaux 2024 au rapport qualit\u00e9-prix exceptionnel, entre 9 et 25 euros<\/p>\n<p>                                                <\/a><\/p>\n<p>        <img   class=\"fig-img fig-ranking-profile-media-small-picture__photo\" alt=\"Notre s\u00e9lection des 20 vins de Bordeaux 2024 au rapport qualit\u00e9-prix exceptionnel, entre 9 et 25 euros\" height=\"1697\" width=\"2358\"\/><\/p>\n<p class=\"fig-ranking-profile-standfirst\">\n    <strong>NOS CONSEILS &#8211; <\/strong>Parmi pr\u00e8s de 600 bordeaux 2024 d\u00e9gust\u00e9s par Le Figaro, voici 20 cuv\u00e9es \u2013 rouges et blancs confondus \u2013 qui pr\u00e9sentent un rapport qualit\u00e9 prix exceptionnel, \u00e0 partir de 9 euros.\n<\/p>\n<\/li>\n<li class=\"fig-related-content__item\">\n<p>            <a href=\"https:\/\/avis-vin.lefigaro.fr\/foire-aux-vins\/foire-aux-vins-de-printemps-chez-intermarche-les-bons-plans-a-petits-prix-selectionnes-par-la-redaction-20250518\" class=\"fig-ranking-profile-link\" data-gtm=\"{&quot;event&quot;:&quot;customEventGA4&quot;,&quot;eventName&quot;:&quot;click_navigation&quot;,&quot;location&quot;:&quot;bloc_sur_lememe_theme&quot;,&quot;feature&quot;:&quot;new_article_blocs&quot;,&quot;feature_details&quot;:&quot;Sur le m\\u00eame th\\u00e8me&quot;,&quot;button_action&quot;:&quot;crossclick&quot;}\" data-fig-domain=\"LEFIGARO\" target=\"_blank\" rel=\"noopener\"><\/p>\n<p>        Foire aux vins de printemps chez Intermarch\u00e9\u00a0: les bons plans \u00e0 petits prix s\u00e9lectionn\u00e9s par la r\u00e9daction<\/p>\n<p>                                                <\/a><\/p>\n<p>        <img   class=\"fig-img fig-ranking-profile-media-small-picture__photo\" alt=\"Foire aux vins de printemps chez Intermarch\u00e9\u00a0: les bons plans \u00e0 petits prix s\u00e9lectionn\u00e9s par la r\u00e9daction\" height=\"2001\" width=\"3000\"\/><\/p>\n<p class=\"fig-ranking-profile-standfirst\">\n    Pas de catalogue sp\u00e9cifique pour l\u2019op\u00e9ration de printemps chez Intermarch\u00e9, mais une mise en avant de cuv\u00e9es fra\u00eeches et croquantes pour s\u00e9duire une client\u00e8le plus large. L\u2019op\u00e9ration d\u00e9bute ce 20 mai, voici une s\u00e9lection de cuv\u00e9es \u00e0 petits prix.\n<\/p>\n<\/li>\n<li class=\"fig-related-content__item\">\n<p>            <a href=\"https:\/\/avis-vin.lefigaro.fr\/foire-aux-vins\/foire-aux-vins-dans-les-magasins-u-notre-selection-des-cuvees-a-prix-tres-serres-20250423\" class=\"fig-ranking-profile-link\" data-gtm=\"{&quot;event&quot;:&quot;customEventGA4&quot;,&quot;eventName&quot;:&quot;click_navigation&quot;,&quot;location&quot;:&quot;bloc_sur_lememe_theme&quot;,&quot;feature&quot;:&quot;new_article_blocs&quot;,&quot;feature_details&quot;:&quot;Sur le m\\u00eame th\\u00e8me&quot;,&quot;button_action&quot;:&quot;crossclick&quot;}\" data-fig-domain=\"LEFIGARO\" target=\"_blank\" rel=\"noopener\"><\/p>\n<p>        Foire aux vins dans les magasins U\u00a0: notre s\u00e9lection des cuv\u00e9es \u00e0 prix tr\u00e8s serr\u00e9s<\/p>\n<p>                                                <\/a><\/p>\n<p>        <img   class=\"fig-img fig-ranking-profile-media-small-picture__photo\" alt=\"Foire aux vins dans les magasins U\u00a0: notre s\u00e9lection des cuv\u00e9es \u00e0 prix tr\u00e8s serr\u00e9s\" height=\"2000\" width=\"3000\"\/><\/p>\n<p class=\"fig-ranking-profile-standfirst\">\n    Pour cette foire aux vins de printemps qui d\u00e9bute le 29 avril, la coop\u00e9rative valorise son fond de rayon et les p\u00e9pites d\u00e9nich\u00e9es tout au long de l\u2019ann\u00e9e, avec des prix tr\u00e8s attractifs. D\u00e9couvrez notre s\u00e9lection.\n<\/p>\n<\/li>\n<li class=\"fig-related-content__item\">\n<p>            <a href=\"https:\/\/avis-vin.lefigaro.fr\/foire-aux-vins\/foire-aux-vins-chez-e-leclerc-ces-dix-cuvees-a-tres-petits-prix-qu-il-faut-retenir-de-la-selection-20250327\" class=\"fig-ranking-profile-link\" data-gtm=\"{&quot;event&quot;:&quot;customEventGA4&quot;,&quot;eventName&quot;:&quot;click_navigation&quot;,&quot;location&quot;:&quot;bloc_sur_lememe_theme&quot;,&quot;feature&quot;:&quot;new_article_blocs&quot;,&quot;feature_details&quot;:&quot;Sur le m\\u00eame th\\u00e8me&quot;,&quot;button_action&quot;:&quot;crossclick&quot;}\" data-fig-domain=\"LEFIGARO\" target=\"_blank\" rel=\"noopener\"><\/p>\n<p>        Foire aux vins chez E.Leclerc\u00a0: ces 10 cuv\u00e9es \u00e0 tr\u00e8s petits prix qu\u2019il faut retenir de la s\u00e9lection<\/p>\n<p>                                                <\/a><\/p>\n<p>        <img   class=\"fig-img fig-ranking-profile-media-small-picture__photo\" alt=\"Foire aux vins chez E.Leclerc\u00a0: ces 10 cuv\u00e9es \u00e0 tr\u00e8s petits prix qu\u2019il faut retenir de la s\u00e9lection\" height=\"2001\" width=\"3000\"\/><\/p>\n<p class=\"fig-ranking-profile-standfirst\">\n    Pionnier des foires aux vins, E.Leclerc s\u2019adapte aux nouveaux modes de consommation avec une s\u00e9lection de cuv\u00e9es tr\u00e8s abordables, faciles \u00e0 boire et destin\u00e9es \u00e0 une client\u00e8le plus jeune. Son \u00e9dition de printemps commence ce 1er avril, voici notre s\u00e9lection.\n<\/p>\n<\/li>\n<li class=\"fig-related-content__item\">\n<p>            <a href=\"https:\/\/avis-vin.lefigaro.fr\/spiritueux\/notre-selection-d-excellents-armagnacs-a-offrir-aux-amateurs-pour-noel-20241215\" class=\"fig-ranking-profile-link\" data-gtm=\"{&quot;event&quot;:&quot;customEventGA4&quot;,&quot;eventName&quot;:&quot;click_navigation&quot;,&quot;location&quot;:&quot;bloc_sur_lememe_theme&quot;,&quot;feature&quot;:&quot;new_article_blocs&quot;,&quot;feature_details&quot;:&quot;Sur le m\\u00eame th\\u00e8me&quot;,&quot;button_action&quot;:&quot;crossclick&quot;}\" data-fig-domain=\"LEFIGARO\" target=\"_blank\" rel=\"noopener\"><\/p>\n<p>        Notre s\u00e9lection d\u2019excellents armagnacs \u00e0 offrir aux amateurs pour No\u00ebl<\/p>\n<p>                                                <\/a><\/p>\n<p>        <img   class=\"fig-img fig-ranking-profile-media-small-picture__photo\" alt=\"Notre s\u00e9lection d\u2019excellents armagnacs \u00e0 offrir aux amateurs pour No\u00ebl\" height=\"1364\" width=\"2015\"\/><\/p>\n<p class=\"fig-ranking-profile-standfirst\">\n    L\u2019armagnac, qui n\u2019a pas (encore) l\u2019aura du cognac, a ses aficionados. Voici notre s\u00e9lection pour ravir ces derniers \u00e0 No\u00ebl.\n<\/p>\n<\/li>\n<li class=\"fig-related-content__item\">\n<p>            <a href=\"https:\/\/avis-vin.lefigaro.fr\/tops-selections-vins-spiritueux\/notre-selection-de-12-champagnes-confidentiels-de-vignerons-a-moins-de-35-euros-20241207\" class=\"fig-ranking-profile-link\" aria-label=\"Notre s\u00e9lection de 12 champagnes confidentiels de vignerons, \u00e0 moins de 35 euros (article Premium)\" title=\"Notre s\u00e9lection de 12 champagnes confidentiels de vignerons, \u00e0 moins de 35 euros (article Premium)\" data-gtm=\"{&quot;event&quot;:&quot;customEventGA4&quot;,&quot;eventName&quot;:&quot;click_navigation&quot;,&quot;location&quot;:&quot;bloc_sur_lememe_theme&quot;,&quot;feature&quot;:&quot;new_article_blocs&quot;,&quot;feature_details&quot;:&quot;Sur le m\\u00eame th\\u00e8me&quot;,&quot;button_action&quot;:&quot;crossclick&quot;}\" data-fig-domain=\"LEFIGARO\" target=\"_blank\" rel=\"noopener\"><\/p>\n<p>        Notre s\u00e9lection de 12 champagnes confidentiels de vignerons, \u00e0 moins de 35 euros<\/p>\n<p>                                                <\/a><\/p>\n<p>        <img   class=\"fig-img fig-ranking-profile-media-small-picture__photo\" alt=\"Notre s\u00e9lection de 12 champagnes confidentiels de vignerons, \u00e0 moins de 35 euros\" height=\"2000\" width=\"3000\"\/><\/p>\n<p class=\"fig-ranking-profile-standfirst\">\n    <strong>NOS CONSEILS &#8211; <\/strong>Au-del\u00e0 des rassurantes cuv\u00e9es de grandes maisons, la Champagne cache de plus discr\u00e8tes p\u00e9pites de vignerons, \u00e0 des prix moindres que certains cr\u00e9mants bourguignons. Voici nos favorites \u00e0 s\u2019offrir pour les f\u00eates, en bio et biodynamie, disponibles en ligne.\n<\/p>\n<\/li>\n<li class=\"fig-related-content__item\">\n<p>            <a href=\"https:\/\/avis-vin.lefigaro.fr\/foire-aux-vins\/foire-aux-vins-e-leclerc-le-grand-classement-des-35-vins-selectionnes-par-la-redaction-20240927\" class=\"fig-ranking-profile-link\" data-gtm=\"{&quot;event&quot;:&quot;customEventGA4&quot;,&quot;eventName&quot;:&quot;click_navigation&quot;,&quot;location&quot;:&quot;bloc_sur_lememe_theme&quot;,&quot;feature&quot;:&quot;new_article_blocs&quot;,&quot;feature_details&quot;:&quot;Sur le m\\u00eame th\\u00e8me&quot;,&quot;button_action&quot;:&quot;crossclick&quot;}\" data-fig-domain=\"LEFIGARO\" target=\"_blank\" rel=\"noopener\"><\/p>\n<p>        Foire aux vins E.Leclerc\u00a0: le grand classement des 35 vins s\u00e9lectionn\u00e9s par la r\u00e9daction<\/p>\n<p>                                                <\/a><\/p>\n<p>        <img   class=\"fig-img fig-ranking-profile-media-small-picture__photo\" alt=\"Foire aux vins E.Leclerc\u00a0: le grand classement des 35 vins s\u00e9lectionn\u00e9s par la r\u00e9daction\" height=\"2002\" width=\"3000\"\/><\/p>\n<p class=\"fig-ranking-profile-standfirst\">\n    \u00c0 partir du 1er octobre, E.Leclerc propose une vaste s\u00e9lection de cuv\u00e9es pour sa foire aux vins. Nous en avons retenu 35, \u00e0 partir de 5 euros.\n<\/p>\n<\/li>\n<li class=\"fig-related-content__item\">\n<p>            <a href=\"https:\/\/avis-vin.lefigaro.fr\/foire-aux-vins\/foire-aux-vins-carrefour-quels-sont-les-vins-a-mettre-absolument-dans-son-caddie-20240922\" class=\"fig-ranking-profile-link\" data-gtm=\"{&quot;event&quot;:&quot;customEventGA4&quot;,&quot;eventName&quot;:&quot;click_navigation&quot;,&quot;location&quot;:&quot;bloc_sur_lememe_theme&quot;,&quot;feature&quot;:&quot;new_article_blocs&quot;,&quot;feature_details&quot;:&quot;Sur le m\\u00eame th\\u00e8me&quot;,&quot;button_action&quot;:&quot;crossclick&quot;}\" data-fig-domain=\"LEFIGARO\" target=\"_blank\" rel=\"noopener\"><\/p>\n<p>        Foire aux vins Carrefour\u00a0: quelles sont les cuv\u00e9es \u00e0 mettre absolument dans son caddie\u00a0?<\/p>\n<p>                                                <\/a><\/p>\n<p>        <img   class=\"fig-img fig-ranking-profile-media-small-picture__photo\" alt=\"Foire aux vins Carrefour\u00a0: quelles sont les cuv\u00e9es \u00e0 mettre absolument dans son caddie\u00a0?\" height=\"2008\" width=\"3000\"\/><\/p>\n<p class=\"fig-ranking-profile-standfirst\">\n    Rouge, blanc, bulles, vins \u00e9trangers&#8230; Les hypermarch\u00e9s Carrefour proposent cette ann\u00e9e une foire aux vins riche et vari\u00e9e. D\u00e9couvrez les cuv\u00e9es s\u00e9lectionn\u00e9es par la r\u00e9daction.\n<\/p>\n<\/li>\n<li class=\"fig-related-content__item\">\n<p>            <a href=\"https:\/\/avis-vin.lefigaro.fr\/foire-aux-vins\/foire-aux-vins-aldi-les-dix-cuvees-a-retenir-chez-le-hard-discounter-20240920\" class=\"fig-ranking-profile-link\" data-gtm=\"{&quot;event&quot;:&quot;customEventGA4&quot;,&quot;eventName&quot;:&quot;click_navigation&quot;,&quot;location&quot;:&quot;bloc_sur_lememe_theme&quot;,&quot;feature&quot;:&quot;new_article_blocs&quot;,&quot;feature_details&quot;:&quot;Sur le m\\u00eame th\\u00e8me&quot;,&quot;button_action&quot;:&quot;crossclick&quot;}\" data-fig-domain=\"LEFIGARO\" target=\"_blank\" rel=\"noopener\"><\/p>\n<p>        Foire aux vins Aldi\u00a0: les dix cuv\u00e9es \u00e0 retenir chez le hard discounter<\/p>\n<p>                                                <\/a><\/p>\n<p>        <img   class=\"fig-img fig-ranking-profile-media-small-picture__photo\" alt=\"Foire aux vins Aldi\u00a0: les dix cuv\u00e9es \u00e0 retenir chez le hard discounter\" height=\"2003\" width=\"3000\"\/><\/p>\n<p class=\"fig-ranking-profile-standfirst\">\n    Comme le veut le cr\u00e9neau occup\u00e9 par Aldi, l\u2019enseigne propose nombre de petits prix \u00e0 l\u2019occasion de cette foire aux vins. Voici les cuv\u00e9es \u00e0 retenir.\n<\/p>\n<\/li>\n<\/ol>\n<p>                                    <a class=\"fig-a11y-skip a11y-hidden\" href=\"#fig-a11y-skip-bottom-pave_btf\"><br \/>\n        Passer la publicit\u00e9<br \/>\n    <\/a><\/p>\n<p>\n                Vous avez choisi de refuser les cookies\n            <\/p>\n<p>                Et pourtant, la publicit\u00e9 personnalis\u00e9e est un moyen de soutenir le travail de notre r\u00e9daction qui s\u2019engage \u00e0 vous proposer chaque jour une information de qualit\u00e9. <strong>En acceptant les cookies, vous pourrez acc\u00e9der aux contenus et fonctionnalit\u00e9s gratuites que propose notre site.<\/strong><\/p>\n<p class=\"fig-consent-banner__content-modify\">\u00c0 tout moment, vous pouvez modifier vos choix via le bouton \u201cparam\u00e9trer les cookies\u201d en bas de page.<\/p>\n","protected":false},"excerpt":{"rendered":"Une s\u00e9lection \u00e9clectique mais qui reste accessible avec 58 % des vins \u00e0 moins de 20 \u20ac. Kaspars&hellip;\n","protected":false},"author":2,"featured_media":345447,"comment_status":"","ping_status":"","sticky":false,"template":"","format":"standard","meta":{"footnotes":""},"categories":[2817],"tags":[1111,11,1997,1777,674,1011,27,12,2219,25,1650],"class_list":{"0":"post-345446","1":"post","2":"type-post","3":"status-publish","4":"format-standard","5":"has-post-thumbnail","7":"category-bordeaux","8":"tag-actu","9":"tag-actualites","10":"tag-bordeaux","11":"tag-eu","12":"tag-europe","13":"tag-fr","14":"tag-france","15":"tag-news","16":"tag-nouvelle-aquitaine","17":"tag-republique-francaise","18":"tag-selection"},"share_on_mastodon":{"url":"https:\/\/pubeurope.com\/@fr\/115095742995704672","error":""},"_links":{"self":[{"href":"https:\/\/www.europesays.com\/fr\/wp-json\/wp\/v2\/posts\/345446","targetHints":{"allow":["GET"]}}],"collection":[{"href":"https:\/\/www.europesays.com\/fr\/wp-json\/wp\/v2\/posts"}],"about":[{"href":"https:\/\/www.europesays.com\/fr\/wp-json\/wp\/v2\/types\/post"}],"author":[{"embeddable":true,"href":"https:\/\/www.europesays.com\/fr\/wp-json\/wp\/v2\/users\/2"}],"replies":[{"embeddable":true,"href":"https:\/\/www.europesays.com\/fr\/wp-json\/wp\/v2\/comments?post=345446"}],"version-history":[{"count":0,"href":"https:\/\/www.europesays.com\/fr\/wp-json\/wp\/v2\/posts\/345446\/revisions"}],"wp:featuredmedia":[{"embeddable":true,"href":"https:\/\/www.europesays.com\/fr\/wp-json\/wp\/v2\/media\/345447"}],"wp:attachment":[{"href":"https:\/\/www.europesays.com\/fr\/wp-json\/wp\/v2\/media?parent=345446"}],"wp:term":[{"taxonomy":"category","embeddable":true,"href":"https:\/\/www.europesays.com\/fr\/wp-json\/wp\/v2\/categories?post=345446"},{"taxonomy":"post_tag","embeddable":true,"href":"https:\/\/www.europesays.com\/fr\/wp-json\/wp\/v2\/tags?post=345446"}],"curies":[{"name":"wp","href":"https:\/\/api.w.org\/{rel}","templated":true}]}}