{"id":345450,"date":"2025-08-26T15:21:10","date_gmt":"2025-08-26T15:21:10","guid":{"rendered":"https:\/\/www.europesays.com\/fr\/345450\/"},"modified":"2025-08-26T15:21:10","modified_gmt":"2025-08-26T15:21:10","slug":"cest-habituellement-tres-calme-ici-un-pavillon-crible-de-balles-en-pleine-nuit-pres-de-toulouse","status":"publish","type":"post","link":"https:\/\/www.europesays.com\/fr\/345450\/","title":{"rendered":"\u00ab\u00a0C\u2019est habituellement tr\u00e8s calme ici\u00a0\u00bb\u00a0: un pavillon cribl\u00e9 de balles en pleine nuit, pr\u00e8s de Toulouse"},"content":{"rendered":"<p>\n                                                                    l&rsquo;essentiel<br \/>\n                                                                Dans la nuit de lundi \u00e0 mardi, vers 2\u00a0h\u00a040, un pavillon de la place du Cabournas \u00e0 Colomiers a \u00e9t\u00e9 la cible de huit tirs de pistolet de calibre 7,65. Une femme\u00a0et sa fille, pr\u00e9sentes \u00e0 l\u2019int\u00e9rieur, n\u2019ont pas \u00e9t\u00e9 bless\u00e9es\n                            <\/p>\n<p data-end=\"752\" data-start=\"223\">Le pavillon se fond d\u2019ordinaire dans le d\u00e9cor tranquille de la place du Cabournas, \u00e0 Colomiers, en banlieue de Toulouse. Ses murs en cr\u00e9pi couleur brique et son toit bas\u00a0lui donnent des allures de maison anonyme, semblable aux autres qui bordent le quartier. Mais, dans la nuit de lundi \u00e0 mardi, huit balles de calibre 7.65 ont fait vol\u00e9 en \u00e9clat la qui\u00e9tude de cette placette.\u00a0Les projectiles ont perc\u00e9 un des volets blancs.<\/p>\n<p data-end=\"1223\" data-start=\"754\">Il est 2\u00a0h\u00a040. La r\u00e9sidente, r\u00e9veill\u00e9e par les d\u00e9tonations, appelle imm\u00e9diatement les forces de l\u2019ordre. \u00c0 leur arriv\u00e9e, les policiers d\u00e9couvrent huit \u00e9tuis de calibre 7,65 au sol et constatent que plusieurs projectiles ont travers\u00e9 le volet, une vitre puis un mur int\u00e9rieur. \u00c0 l\u2019int\u00e9rieur du pavillon, la victime et sa fille \u00e9chappent de peu aux balles. Aucune n\u2019est bless\u00e9e.<\/p>\n<p>\u00ab\u00a0Sur la place il n\u2019y a que des personnes \u00e2g\u00e9es\u2026\u00a0\u00bb<\/p>\n<p data-end=\"1731\" data-start=\"1225\">Dans les barres d\u2019immeubles qui surplombent la place, personne n\u2019affirme avoir entendu les coups de feu. \u00ab\u00a0Je dormais. Je n\u2019ai pas \u00e9t\u00e9 r\u00e9veill\u00e9e. \u00c7a m\u2019\u00e9tonne, c\u2019est calme ici\u2026\u00a0\u00bb, glisse une riveraine. \u00ab\u00a0Sur la place, ce n\u2019est que des personnes \u00e2g\u00e9es qui vivent l\u00e0\u00a0\u00bb, rench\u00e9rit une proche d\u2019une r\u00e9sidence. Une tranquillit\u00e9 en trompe-l\u2019\u0153il\u00a0: selon une source proche de l\u2019enqu\u00eate, un membre de la famille, qui aurait v\u00e9cu un temps dans la maison, est connu des services de police pour trafic de stup\u00e9fiants.<\/p>\n<p class=\"std-elt__inline\">\n        <strong>\u00c0 lire aussi :<\/strong><br \/>\n        <a href=\"https:\/\/www.ladepeche.fr\/2025\/07\/08\/un-inconnu-tire-au-fusil-de-chasse-sur-leur-maison-les-projectiles-se-fichent-dans-le-mur-de-la-chambre-12813281.php\" rel=\"nofollow noopener\" target=\"_blank\">Un inconnu tire au fusil de chasse sur leur maison\u00a0: les projectiles se fichent dans le mur de la chambre<\/a>\n    <\/p>\n<p data-end=\"2121\" data-start=\"1733\">Ce n\u2019est pas la premi\u00e8re fois que cette maisonnette est vis\u00e9e. Dans la nuit du 7 au 8\u00a0juillet dernier, un coup de fusil de chasse avait d\u00e9j\u00e0 travers\u00e9 les volets et la fen\u00eatre, avant de venir se ficher dans le mur de la chambre, alors que cinq personnes se trouvaient \u00e0 l\u2019int\u00e9rieur. Les enqu\u00eateurs avaient retrouv\u00e9 un \u00e9tui de chevrotine sur place. L\u00e0 encore, personne n\u2019avait \u00e9t\u00e9 bless\u00e9.<\/p>\n<p data-end=\"2398\" data-start=\"2123\">Les techniciens de la police scientifique ont proc\u00e9d\u00e9 aux constatations et les auditions du voisinage se poursuivent. Une enqu\u00eate a \u00e9t\u00e9 ouverte pour tenter de comprendre pourquoi ce pavillon de Colomiers, au c\u0153ur d\u2019un quartier r\u00e9put\u00e9 paisible, est la cible r\u00e9p\u00e9t\u00e9e de tirs.<\/p>\n","protected":false},"excerpt":{"rendered":"l&rsquo;essentiel Dans la nuit de lundi \u00e0 mardi, vers 2\u00a0h\u00a040, un pavillon de la place du Cabournas \u00e0&hellip;\n","protected":false},"author":2,"featured_media":345451,"comment_status":"","ping_status":"","sticky":false,"template":"","format":"standard","meta":{"footnotes":""},"categories":[2816],"tags":[1111,11,1777,674,1011,27,12,2680,25,2312],"class_list":{"0":"post-345450","1":"post","2":"type-post","3":"status-publish","4":"format-standard","5":"has-post-thumbnail","7":"category-toulouse","8":"tag-actu","9":"tag-actualites","10":"tag-eu","11":"tag-europe","12":"tag-fr","13":"tag-france","14":"tag-news","15":"tag-occitanie","16":"tag-republique-francaise","17":"tag-toulouse"},"share_on_mastodon":{"url":"https:\/\/pubeurope.com\/@fr\/115095750950579189","error":""},"_links":{"self":[{"href":"https:\/\/www.europesays.com\/fr\/wp-json\/wp\/v2\/posts\/345450","targetHints":{"allow":["GET"]}}],"collection":[{"href":"https:\/\/www.europesays.com\/fr\/wp-json\/wp\/v2\/posts"}],"about":[{"href":"https:\/\/www.europesays.com\/fr\/wp-json\/wp\/v2\/types\/post"}],"author":[{"embeddable":true,"href":"https:\/\/www.europesays.com\/fr\/wp-json\/wp\/v2\/users\/2"}],"replies":[{"embeddable":true,"href":"https:\/\/www.europesays.com\/fr\/wp-json\/wp\/v2\/comments?post=345450"}],"version-history":[{"count":0,"href":"https:\/\/www.europesays.com\/fr\/wp-json\/wp\/v2\/posts\/345450\/revisions"}],"wp:featuredmedia":[{"embeddable":true,"href":"https:\/\/www.europesays.com\/fr\/wp-json\/wp\/v2\/media\/345451"}],"wp:attachment":[{"href":"https:\/\/www.europesays.com\/fr\/wp-json\/wp\/v2\/media?parent=345450"}],"wp:term":[{"taxonomy":"category","embeddable":true,"href":"https:\/\/www.europesays.com\/fr\/wp-json\/wp\/v2\/categories?post=345450"},{"taxonomy":"post_tag","embeddable":true,"href":"https:\/\/www.europesays.com\/fr\/wp-json\/wp\/v2\/tags?post=345450"}],"curies":[{"name":"wp","href":"https:\/\/api.w.org\/{rel}","templated":true}]}}