{"id":345452,"date":"2025-08-26T15:22:09","date_gmt":"2025-08-26T15:22:09","guid":{"rendered":"https:\/\/www.europesays.com\/fr\/345452\/"},"modified":"2025-08-26T15:22:09","modified_gmt":"2025-08-26T15:22:09","slug":"lomme-grand-spectacle-et-mapping-gratuits-proposes-ce-vendredi","status":"publish","type":"post","link":"https:\/\/www.europesays.com\/fr\/345452\/","title":{"rendered":"Lomme. Grand spectacle et mapping gratuits propos\u00e9s ce vendredi"},"content":{"rendered":"<p>            Par<br \/>\n        <strong><br \/>\n            <a href=\"https:\/\/actu.fr\/auteur\/nicolas-demollien\" title=\"Consulter tous les articles de Nicolas Demollien\" target=\"_blank\" rel=\"noopener\">Nicolas Demollien<\/a><br \/>\n        <\/strong><\/p>\n<p>        Publi\u00e9 le<\/p>\n<p>            26 ao\u00fbt 2025 \u00e0 17h00        <\/p>\n<p>C\u2019est toujours un bon moment, d\u2019autant plus que c\u2019est <b>gratuit<\/b> ! Ce vendredi 29 ao\u00fbt 2025, un <b>grand mapping<\/b> sera diffus\u00e9 \u00e0 <a href=\"https:\/\/actu.fr\/tag\/lomme\" target=\"_blank\" rel=\"noopener\">Lomme<\/a>, ville associ\u00e9e \u00e0 <a href=\"https:\/\/actu.fr\/hauts-de-france\/lille_59350\" target=\"_blank\" rel=\"noopener\">Lille<\/a> (Nord). Avant cela, un <b>joli spectacle<\/b> sera \u00e9galement propos\u00e9.<\/p>\n<p>Un grand mapping apr\u00e8s le spectacle<\/p>\n<p class=\" wall-content\">Le mapping sera diffus\u00e9 en boucle de 21h \u00e0 23h, sur la <b>fa\u00e7ade de l\u2019h\u00f4tel de ville<\/b> (72, avenue de la R\u00e9publique). Vous pourrez d\u00e9couvrir une <b>succession de trois cr\u00e9ations<\/b> r\u00e9alis\u00e9es avec et par les Rencontres audiovisuelles.<br \/>Notons qu\u2019il s\u2019agit de la rediffusion de l\u2019\u00e9v\u00e9nement <a href=\"https:\/\/actu.fr\/hauts-de-france\/lille_59350\/mapping-defile-un-carnaval-geant-vous-attend-ce-week-end-a-lomme_62739093.html\" target=\"_blank\" rel=\"noopener\">propos\u00e9 en juin dernier lors du carnaval<\/a>, mais qui avait \u00e9t\u00e9 largement perturb\u00e9 par les mauvaises conditions m\u00e9t\u00e9o.<\/p>\n<p>    <a href=\"https:\/\/www.facebook.com\/plugins\/post.php?href=https%3A%2F%2Fwww.facebook.com%2Fvilledelomme%2Fposts%2Fpfbid025DGULSesfmxR7rPjvmBMwQ6sANAAXefab8x7nkgfQsaCxmU3N6K3VKnJYCxTHKGMl&amp;show_text=true&amp;width=350\" title=\"Ouvrie le lien\" target=\"_blank\" rel=\"noopener\">Cliquez ici pour visualiser le contenu<\/a><\/p>\n<p class=\" wall-content\">Avant cela, au m\u00eame endroit d\u00e8s 19h45, vous pourrez assister au <b>spectacle \u00ab\u00a0Tectonique\u00a0\u00bb<\/b>. Une <b>performance chor\u00e9graphique et musicale<\/b> \u00ab\u00a0o\u00f9 trois corps en vibration explorent l\u2019ancrage comme point de d\u00e9part du mouvement\u00a0\u00bb, d\u00e9crit la Ville.<\/p>\n<p class=\" wall-content\">Scheherazade Zambrano, Leonardo Robayo et Val\u00e9rie Guirao signent leur premi\u00e8re \u00e9criture collective avec ce spectacle. \u00ab\u00a0Nourrie de leurs parcours personnels, de la richesse de leurs voyages et de leurs d\u00e9placements, cette cr\u00e9ation fait vibrer leurs certitudes et interroge leurs ancrages, dans un dialogue sensible entre danse et musique\u00a0\u00bb.<\/p>\n<p class=\" wall-content\">Notons que des foodtrucks seront pr\u00e9sents sur place afin de vous permettre de vous restaurer.<\/p>\n<p class=\" wall-content\">Plus d\u2019infos sur le site <a href=\"https:\/\/www.ville-lomme.fr\/Evenements\/Rediffusion-du-Video-Mapping-du-Carnaval\" target=\"_blank\" rel=\"noopener\">ville-lomme.fr<\/a><\/p>\n<p class=\" wall-content\">Personnalisez votre actualit\u00e9 en ajoutant vos villes et m\u00e9dias en favori avec <a href=\"https:\/\/moncompte.actu.fr\" title=\"D\u00e9couvez Mon Actu\" rel=\"nofollow noopener\" data-trk=\"{&quot;cta&quot;:{&quot;action&quot;:&quot;https:\\\/\\\/moncompte.actu.fr&quot;,&quot;category&quot;:&quot;mon compte&quot;,&quot;from&quot;:&quot;article footer&quot;,&quot;name&quot;:&quot;Mon actu&quot;,&quot;type&quot;:&quot;cta&quot;}}\" target=\"_blank\">Mon Actu<\/a>.<\/p>\n","protected":false},"excerpt":{"rendered":"Par Nicolas Demollien Publi\u00e9 le 26 ao\u00fbt 2025 \u00e0 17h00 C\u2019est toujours un bon moment, d\u2019autant plus que&hellip;\n","protected":false},"author":2,"featured_media":345453,"comment_status":"","ping_status":"","sticky":false,"template":"","format":"standard","meta":{"footnotes":""},"categories":[2815],"tags":[1111,11,1777,674,1011,27,811,1307,1652,13882,12,25,853],"class_list":{"0":"post-345452","1":"post","2":"type-post","3":"status-publish","4":"format-standard","5":"has-post-thumbnail","7":"category-lille","8":"tag-actu","9":"tag-actualites","10":"tag-eu","11":"tag-europe","12":"tag-fr","13":"tag-france","14":"tag-hauts-de-france","15":"tag-lille","16":"tag-loisirs-culture","17":"tag-lomme","18":"tag-news","19":"tag-republique-francaise","20":"tag-spectacles"},"share_on_mastodon":{"url":"https:\/\/pubeurope.com\/@fr\/115095754805682835","error":""},"_links":{"self":[{"href":"https:\/\/www.europesays.com\/fr\/wp-json\/wp\/v2\/posts\/345452","targetHints":{"allow":["GET"]}}],"collection":[{"href":"https:\/\/www.europesays.com\/fr\/wp-json\/wp\/v2\/posts"}],"about":[{"href":"https:\/\/www.europesays.com\/fr\/wp-json\/wp\/v2\/types\/post"}],"author":[{"embeddable":true,"href":"https:\/\/www.europesays.com\/fr\/wp-json\/wp\/v2\/users\/2"}],"replies":[{"embeddable":true,"href":"https:\/\/www.europesays.com\/fr\/wp-json\/wp\/v2\/comments?post=345452"}],"version-history":[{"count":0,"href":"https:\/\/www.europesays.com\/fr\/wp-json\/wp\/v2\/posts\/345452\/revisions"}],"wp:featuredmedia":[{"embeddable":true,"href":"https:\/\/www.europesays.com\/fr\/wp-json\/wp\/v2\/media\/345453"}],"wp:attachment":[{"href":"https:\/\/www.europesays.com\/fr\/wp-json\/wp\/v2\/media?parent=345452"}],"wp:term":[{"taxonomy":"category","embeddable":true,"href":"https:\/\/www.europesays.com\/fr\/wp-json\/wp\/v2\/categories?post=345452"},{"taxonomy":"post_tag","embeddable":true,"href":"https:\/\/www.europesays.com\/fr\/wp-json\/wp\/v2\/tags?post=345452"}],"curies":[{"name":"wp","href":"https:\/\/api.w.org\/{rel}","templated":true}]}}