{"id":345456,"date":"2025-08-26T15:24:10","date_gmt":"2025-08-26T15:24:10","guid":{"rendered":"https:\/\/www.europesays.com\/fr\/345456\/"},"modified":"2025-08-26T15:24:10","modified_gmt":"2025-08-26T15:24:10","slug":"une-enquete-theatrale-et-decalee-au-chateau-dif-du-31-08-2025-au-06-09-2025-marseille","status":"publish","type":"post","link":"https:\/\/www.europesays.com\/fr\/345456\/","title":{"rendered":"Une enqu\u00eate th\u00e9\u00e2trale et d\u00e9cal\u00e9e au Ch\u00e2teau d&rsquo;If &#8211; Du 31\/08\/2025 au 06\/09\/2025 &#8211; Marseille"},"content":{"rendered":"<p>Et si les myst\u00e8res du ch\u00e2teau d\u2019If n\u2019existaient pas ? C\u2019est le point de d\u00e9part de cette visite th\u00e9\u00e2tralis\u00e9e in\u00e9dite. Les G.P.S.* \u2014 pour Guides Parfois S\u00e9rieux \u2014 embarquent le public dans une enqu\u00eate o\u00f9 la <strong data-start=\"865\" data-end=\"881\">pataphysique<\/strong>, cette science absurde qui propose des solutions \u00e0 des probl\u00e8mes qui n\u2019existent pas, devient la cl\u00e9.<\/p>\n<p>&#13;<br \/>\nUne exploration insolite&#13;<\/p>\n<p data-start=\"710\" data-end=\"1088\">Les com\u00e9diens guident<strong> \u00e0 travers l\u2019histoire et les l\u00e9gendes du monument<\/strong>. Leur credo : chercher, douter, d\u00e9duire\u2026 et trouver des secrets insoup\u00e7onn\u00e9s. Entre th\u00e9\u00e2tre, humour absurde et patrimoine, l\u2019exp\u00e9rience promet une autre mani\u00e8re de <strong>d\u00e9couvrir l\u2019illustre forteresse marseillaise<\/strong>, c\u00e9l\u00e8bre pour avoir abrit\u00e9 le prisonnier du Comte de Monte-Cristo.<\/p>\n<p>&#13;<br \/>\nInfos pratiques&#13;<\/p>\n<p data-start=\"1090\" data-end=\"1111\"><strong style=\"font-family: Verdana, Arial, Helvetica, sans-serif; font-size: 12px; letter-spacing: 0.01em;\" data-start=\"1114\" data-end=\"1123\">Dates<\/strong> : dimanche <strong style=\"font-family: Verdana, Arial, Helvetica, sans-serif; font-size: 12px; letter-spacing: 0.01em;\" data-start=\"1135\" data-end=\"1146\">31 ao\u00fbt<\/strong> et samedi <strong style=\"font-family: Verdana, Arial, Helvetica, sans-serif; font-size: 12px; letter-spacing: 0.01em;\" data-start=\"1157\" data-end=\"1172\">6 septembre<\/strong> \u00e0 15h15<br \/><strong style=\"letter-spacing: 0.01em;\" data-start=\"1185\" data-end=\"1194\">Tarif<\/strong> : 11 \u20ac (hors travers\u00e9e maritime)<br \/><strong style=\"letter-spacing: 0.01em;\" data-start=\"1232\" data-end=\"1241\">Dur\u00e9e<\/strong> : 1h<br \/><strong style=\"letter-spacing: 0.01em;\" data-start=\"1251\" data-end=\"1280\">R\u00e9servations obligatoires<\/strong> : <a class=\"decorated-link\" style=\"letter-spacing: 0.01em;\" href=\"http:\/\/www.chateau-if.fr\" rel=\"noopener nofollow\" target=\"_new\" data-start=\"1283\" data-end=\"1328\">www.chateau-if.fr<\/a><\/p>\n<p>&#13;<\/p>\n<p data-start=\"1332\" data-end=\"1397\">\u26a0\ufe0f En cas d\u2019intemp\u00e9ries, la repr\u00e9sentation pourra \u00eatre annul\u00e9e.<\/p>\n","protected":false},"excerpt":{"rendered":"Et si les myst\u00e8res du ch\u00e2teau d\u2019If n\u2019existaient pas ? C\u2019est le point de d\u00e9part de cette visite&hellip;\n","protected":false},"author":2,"featured_media":345457,"comment_status":"","ping_status":"","sticky":false,"template":"","format":"standard","meta":{"footnotes":""},"categories":[2814],"tags":[1111,11,1777,674,1011,27,884,12,882,25],"class_list":{"0":"post-345456","1":"post","2":"type-post","3":"status-publish","4":"format-standard","5":"has-post-thumbnail","7":"category-marseille","8":"tag-actu","9":"tag-actualites","10":"tag-eu","11":"tag-europe","12":"tag-fr","13":"tag-france","14":"tag-marseille","15":"tag-news","16":"tag-provence-alpes-cote-dazur","17":"tag-republique-francaise"},"share_on_mastodon":{"url":"https:\/\/pubeurope.com\/@fr\/115095762624532060","error":""},"_links":{"self":[{"href":"https:\/\/www.europesays.com\/fr\/wp-json\/wp\/v2\/posts\/345456","targetHints":{"allow":["GET"]}}],"collection":[{"href":"https:\/\/www.europesays.com\/fr\/wp-json\/wp\/v2\/posts"}],"about":[{"href":"https:\/\/www.europesays.com\/fr\/wp-json\/wp\/v2\/types\/post"}],"author":[{"embeddable":true,"href":"https:\/\/www.europesays.com\/fr\/wp-json\/wp\/v2\/users\/2"}],"replies":[{"embeddable":true,"href":"https:\/\/www.europesays.com\/fr\/wp-json\/wp\/v2\/comments?post=345456"}],"version-history":[{"count":0,"href":"https:\/\/www.europesays.com\/fr\/wp-json\/wp\/v2\/posts\/345456\/revisions"}],"wp:featuredmedia":[{"embeddable":true,"href":"https:\/\/www.europesays.com\/fr\/wp-json\/wp\/v2\/media\/345457"}],"wp:attachment":[{"href":"https:\/\/www.europesays.com\/fr\/wp-json\/wp\/v2\/media?parent=345456"}],"wp:term":[{"taxonomy":"category","embeddable":true,"href":"https:\/\/www.europesays.com\/fr\/wp-json\/wp\/v2\/categories?post=345456"},{"taxonomy":"post_tag","embeddable":true,"href":"https:\/\/www.europesays.com\/fr\/wp-json\/wp\/v2\/tags?post=345456"}],"curies":[{"name":"wp","href":"https:\/\/api.w.org\/{rel}","templated":true}]}}