{"id":345462,"date":"2025-08-26T15:27:11","date_gmt":"2025-08-26T15:27:11","guid":{"rendered":"https:\/\/www.europesays.com\/fr\/345462\/"},"modified":"2025-08-26T15:27:11","modified_gmt":"2025-08-26T15:27:11","slug":"la-place-bellecour-aux-couleurs-du-maroc-pour-easyjet","status":"publish","type":"post","link":"https:\/\/www.europesays.com\/fr\/345462\/","title":{"rendered":"la place Bellecour aux couleurs du Maroc pour easyJet"},"content":{"rendered":"<p>                            <img loading=\"lazy\" width=\"1200\" height=\"750\" class=\"attachment-article size-article wp-post-image lazyload\" alt=\"place bellecour lyon\" decoding=\"async\" src=\"https:\/\/www.europesays.com\/fr\/wp-content\/uploads\/2025\/08\/IMG_7145-e1733156437246.jpg\" data-eio-rwidth=\"1200\" data-eio-rheight=\"750\"\/><\/p>\n<p>La nouvelle grande roue sur la place Bellecour \u00e0 Lyon. (@NC)<\/p>\n<p class=\"content\" style=\"font-size:1.2em;font-weight:700\">Du 14 ao\u00fbt au 15 septembre, la fa\u00e7ade d\u2019un immeuble embl\u00e9matique de la place Bellecour se transforme en palais marocain. Une op\u00e9ration de la compagnie a\u00e9rienne easyJet et de l\u2019Office National Marocain du Tourisme pour c\u00e9l\u00e9brer les liaisons entre Lyon et le Maroc.<\/p>\n<p>Les Lyonnais ou touristes qui ont travers\u00e9 la place Bellecour ces derniers jours ont d\u00e9j\u00e0 pu l&rsquo;apercevoir : un trompe-l\u2019\u0153il monumental aux allures de palais marocain. Sur 196 m\u00b2, la fa\u00e7ade d\u2019un b\u00e2timent iconique a \u00e9t\u00e9 recouverte d\u2019une fresque immersive.<\/p>\n<p><strong>A lire aussi<\/strong> : <a href=\"https:\/\/www.lyoncapitale.fr\/actualite\/easyjet-annonce-quatre-nouvelles-lignes-au-depart-de-lyon\" target=\"_blank\" rel=\"noreferrer noopener nofollow\">Easyjet annonce quatre nouvelles lignes au d\u00e9part de Lyon<\/a><\/p>\n<p>Cette campagne in\u00e9dite, imagin\u00e9e par easyJet en partenariat avec l\u2019Office National Marocain du Tourisme, vise \u00e0 mettre en lumi\u00e8re les cinq destinations desservies depuis Lyon par la compagnie a\u00e9rienne low cost  : Marrakech, Essaouira, Agadir, Rabat et, d\u00e8s octobre 2025, Tanger. Premi\u00e8re compagnie sur la plateforme lyonnaise, easyJet entend marquer les esprits gr\u00e2ce \u00e0 cette installation spectaculaire, d\u00e9ploy\u00e9e avec les agences T&amp;P France et Quartier M.<\/p>\n<p>Visible jusqu\u2019au 15 septembre, l\u2019initiative m\u00eale patrimoine lyonnais et culture marocaine pour s\u00e9duire les passants et leur donner un avant-go\u00fbt d\u2019\u00e9vasion.<\/p>\n<p><strong>A lire aussi\u00a0<\/strong>:\u00a0<a href=\"https:\/\/www.lyoncapitale.fr\/actualite\/implantee-a-lyon-depuis-15-ans-easyjet-veut-maintenir-son-leadership\" target=\"_blank\" rel=\"noreferrer noopener nofollow\">Implant\u00e9e \u00e0 Lyon depuis 15 ans, EasyJet veut maintenir son leadership<\/a><\/p>\n","protected":false},"excerpt":{"rendered":"La nouvelle grande roue sur la place Bellecour \u00e0 Lyon. (@NC) Du 14 ao\u00fbt au 15 septembre, la&hellip;\n","protected":false},"author":2,"featured_media":345463,"comment_status":"","ping_status":"","sticky":false,"template":"","format":"standard","meta":{"footnotes":""},"categories":[1889],"tags":[1111,11,2430,1777,674,1011,27,2428,12,25],"class_list":{"0":"post-345462","1":"post","2":"type-post","3":"status-publish","4":"format-standard","5":"has-post-thumbnail","7":"category-lyon","8":"tag-actu","9":"tag-actualites","10":"tag-auvergne-rhone-alpes","11":"tag-eu","12":"tag-europe","13":"tag-fr","14":"tag-france","15":"tag-lyon","16":"tag-news","17":"tag-republique-francaise"},"share_on_mastodon":{"url":"https:\/\/pubeurope.com\/@fr\/115095774398170101","error":""},"_links":{"self":[{"href":"https:\/\/www.europesays.com\/fr\/wp-json\/wp\/v2\/posts\/345462","targetHints":{"allow":["GET"]}}],"collection":[{"href":"https:\/\/www.europesays.com\/fr\/wp-json\/wp\/v2\/posts"}],"about":[{"href":"https:\/\/www.europesays.com\/fr\/wp-json\/wp\/v2\/types\/post"}],"author":[{"embeddable":true,"href":"https:\/\/www.europesays.com\/fr\/wp-json\/wp\/v2\/users\/2"}],"replies":[{"embeddable":true,"href":"https:\/\/www.europesays.com\/fr\/wp-json\/wp\/v2\/comments?post=345462"}],"version-history":[{"count":0,"href":"https:\/\/www.europesays.com\/fr\/wp-json\/wp\/v2\/posts\/345462\/revisions"}],"wp:featuredmedia":[{"embeddable":true,"href":"https:\/\/www.europesays.com\/fr\/wp-json\/wp\/v2\/media\/345463"}],"wp:attachment":[{"href":"https:\/\/www.europesays.com\/fr\/wp-json\/wp\/v2\/media?parent=345462"}],"wp:term":[{"taxonomy":"category","embeddable":true,"href":"https:\/\/www.europesays.com\/fr\/wp-json\/wp\/v2\/categories?post=345462"},{"taxonomy":"post_tag","embeddable":true,"href":"https:\/\/www.europesays.com\/fr\/wp-json\/wp\/v2\/tags?post=345462"}],"curies":[{"name":"wp","href":"https:\/\/api.w.org\/{rel}","templated":true}]}}