{"id":345466,"date":"2025-08-26T15:30:11","date_gmt":"2025-08-26T15:30:11","guid":{"rendered":"https:\/\/www.europesays.com\/fr\/345466\/"},"modified":"2025-08-26T15:30:11","modified_gmt":"2025-08-26T15:30:11","slug":"pour-la-premiere-fois-de-son-histoire-le-crazy-horse-se-laisse-seduire-par-une-star-sud-americaine","status":"publish","type":"post","link":"https:\/\/www.europesays.com\/fr\/345466\/","title":{"rendered":"pour la premi\u00e8re fois de son histoire, le Crazy Horse se laisse s\u00e9duire par une star sud-am\u00e9ricaine"},"content":{"rendered":"<p>            Par<br \/>\n        <strong><br \/>\n            <a href=\"https:\/\/actu.fr\/auteur\/sarah-coulet\" title=\"Consulter tous les articles de Sarah Coulet\" rel=\"nofollow noopener\" target=\"_blank\">Sarah Coulet<\/a><br \/>\n        <\/strong><\/p>\n<p>        Publi\u00e9 le<\/p>\n<p>            26 ao\u00fbt 2025 \u00e0 16h22        <\/p>\n<p>Apr\u00e8s Dita Von Teese, Viktoria Modesta ou Violet Chachki, le Crazy Horse accueillera pour la premi\u00e8re fois de son histoire une invit\u00e9e latino-am\u00e9ricaine. Du 25 au 28 septembre 2025, <strong>Karol G<\/strong> se produira sur la sc\u00e8ne du c\u00e9l\u00e8bre cabaret parisien lors de huit repr\u00e9sentations in\u00e9dites.<\/p>\n<p>\u00ab\u00a0Du merengue, de la bachata et du mambo\u00a0\u00bb<\/p>\n<p class=\" wall-content\">Des shows pens\u00e9s comme \u00ab une s\u00e9rie de tableaux cr\u00e9\u00e9s sur mesure \u00e0 partir des tubes de son tout nouvel album Tropicoqueta\u00a0\u00bb qui m\u00ealeront \u00ab\u00a0l\u2019h\u00e9ritage du cabaret avec <strong>les sonorit\u00e9s ensoleill\u00e9es<\/strong> du merengue, de la bachata et du mambo dans un cocktail visuel et sonore aussi explosif que sensuel\u00a0\u00bb, signale le Crazy Horse.\u00a0<\/p>\n<p class=\" wall-content\">\u00ab Je suis impatiente de plonger dans cet univers unique. Je veux faire rayonner sur cette sc\u00e8ne la m\u00eame confiance et la <strong>m\u00eame \u00e9nergie positive<\/strong> que je mets dans ma musique. Ce spectacle est un hommage \u00e0 toutes les femmes, et particuli\u00e8rement \u00e0 mes Latinas \u00bb, a r\u00e9v\u00e9l\u00e9 la chanteuse colombienne.<\/p>\n<p class=\" wall-content\">La d\u00e9cision d\u2019ouvrir la sc\u00e8ne \u00e0 de nouvelles influences a \u00e9t\u00e9 prise sans h\u00e9sitation par <strong>Andr\u00e9e Deissenberg<\/strong>, directrice g\u00e9n\u00e9rale en charge de la cr\u00e9ation et des marques de l\u2019institution. \u00ab Elle incarne un vrai girl power et cela nous a imm\u00e9diatement rapproch\u00e9es. Retrouver des beats latino au Crazy Horse, c\u2019est totalement in\u00e9dit en plus de soixante-dix ans d\u2019histoire. \u00bb<\/p>\n<p>INFORMATIONS PRATIQUES :\u00a0<br \/>\nDu 25 au 28 septembre 2025<br \/>\nPlaces \u00e0 r\u00e9server sur <a href=\"https:\/\/reservation.lecrazy.com\/fr\/manifestation\/KAROL-G\" rel=\"nofollow noopener\" target=\"_blank\">reservation.lecrazy.com<\/a>.<\/p>\n<p class=\" wall-content\">Personnalisez votre actualit\u00e9 en ajoutant vos villes et m\u00e9dias en favori avec <a href=\"https:\/\/moncompte.actu.fr\" title=\"D\u00e9couvez Mon Actu\" rel=\"nofollow noopener\" data-trk=\"{&quot;cta&quot;:{&quot;action&quot;:&quot;https:\\\/\\\/moncompte.actu.fr&quot;,&quot;category&quot;:&quot;mon compte&quot;,&quot;from&quot;:&quot;article footer&quot;,&quot;name&quot;:&quot;Mon actu&quot;,&quot;type&quot;:&quot;cta&quot;}}\" target=\"_blank\">Mon Actu<\/a>.<\/p>\n","protected":false},"excerpt":{"rendered":"Par Sarah Coulet Publi\u00e9 le 26 ao\u00fbt 2025 \u00e0 16h22 Apr\u00e8s Dita Von Teese, Viktoria Modesta ou Violet&hellip;\n","protected":false},"author":2,"featured_media":345467,"comment_status":"","ping_status":"","sticky":false,"template":"","format":"standard","meta":{"footnotes":""},"categories":[1888],"tags":[1111,1928,11,1927,1777,674,1011,27,1652,12,1926,626,1925,25,853],"class_list":{"0":"post-345466","1":"post","2":"type-post","3":"status-publish","4":"format-standard","5":"has-post-thumbnail","7":"category-paris","8":"tag-actu","9":"tag-actu-paris","10":"tag-actualites","11":"tag-actualites-paris","12":"tag-eu","13":"tag-europe","14":"tag-fr","15":"tag-france","16":"tag-loisirs-culture","17":"tag-news","18":"tag-news-paris","19":"tag-paris","20":"tag-paris-news","21":"tag-republique-francaise","22":"tag-spectacles"},"share_on_mastodon":{"url":"https:\/\/pubeurope.com\/@fr\/115095786227815744","error":""},"_links":{"self":[{"href":"https:\/\/www.europesays.com\/fr\/wp-json\/wp\/v2\/posts\/345466","targetHints":{"allow":["GET"]}}],"collection":[{"href":"https:\/\/www.europesays.com\/fr\/wp-json\/wp\/v2\/posts"}],"about":[{"href":"https:\/\/www.europesays.com\/fr\/wp-json\/wp\/v2\/types\/post"}],"author":[{"embeddable":true,"href":"https:\/\/www.europesays.com\/fr\/wp-json\/wp\/v2\/users\/2"}],"replies":[{"embeddable":true,"href":"https:\/\/www.europesays.com\/fr\/wp-json\/wp\/v2\/comments?post=345466"}],"version-history":[{"count":0,"href":"https:\/\/www.europesays.com\/fr\/wp-json\/wp\/v2\/posts\/345466\/revisions"}],"wp:featuredmedia":[{"embeddable":true,"href":"https:\/\/www.europesays.com\/fr\/wp-json\/wp\/v2\/media\/345467"}],"wp:attachment":[{"href":"https:\/\/www.europesays.com\/fr\/wp-json\/wp\/v2\/media?parent=345466"}],"wp:term":[{"taxonomy":"category","embeddable":true,"href":"https:\/\/www.europesays.com\/fr\/wp-json\/wp\/v2\/categories?post=345466"},{"taxonomy":"post_tag","embeddable":true,"href":"https:\/\/www.europesays.com\/fr\/wp-json\/wp\/v2\/tags?post=345466"}],"curies":[{"name":"wp","href":"https:\/\/api.w.org\/{rel}","templated":true}]}}