{"id":345485,"date":"2025-08-26T15:41:11","date_gmt":"2025-08-26T15:41:11","guid":{"rendered":"https:\/\/www.europesays.com\/fr\/345485\/"},"modified":"2025-08-26T15:41:11","modified_gmt":"2025-08-26T15:41:11","slug":"laccord-entre-lue-et-les-etats-unis-apporte-de-la-stabilite","status":"publish","type":"post","link":"https:\/\/www.europesays.com\/fr\/345485\/","title":{"rendered":"L&rsquo;accord entre l&rsquo;UE et les \u00c9tats-Unis apporte de la \u00ab stabilit\u00e9 \u00bb"},"content":{"rendered":"<p><strong>L\u2019accord commercial entre l\u2019Union europ\u00e9enne et les \u00c9tats-Unis a \u00e9t\u00e9 qualifi\u00e9 par la pr\u00e9sidente de la Commission europ\u00e9enne de mesure \u00ab d\u00e9lib\u00e9r\u00e9e \u00bb visant \u00e0 \u00e9viter une guerre commerciale de grande ampleur. Dans un article publi\u00e9 lundi 25 ao\u00fbt dans les journaux allemand Frankfurter Allgemeine Zeitung et espagnol El Mundo, Ursula von der Leyen a d\u00e9fendu l\u2019accord qui a abouti \u00e0 l\u2019imposition de droits de douane de 15 % sur les exportations europ\u00e9ennes vers les \u00c9tats-Unis.<\/strong><\/p>\n<p>Elle a m\u00eame affirm\u00e9 que les rivaux g\u00e9opolitiques de l\u2019UE, la Russie et la Chine, se seraient r\u00e9jouis si l\u2019Union s\u2019\u00e9tait retrouv\u00e9e en conflit commercial avec les \u00c9tats-Unis. C\u2019est pourquoi elle estime que l\u2019accord conclu \u00e9tait le meilleur r\u00e9sultat possible. \u00ab\u00a0Cet accord refl\u00e8te un choix d\u00e9lib\u00e9r\u00e9\u00a0: stabilit\u00e9 et pr\u00e9visibilit\u00e9 plut\u00f4t que l\u2019escalade et le conflit\u00a0\u00bb, a soulign\u00e9 la pr\u00e9sidente de la Commission.<\/p>\n<p><strong>Tarif unique<\/strong><\/p>\n<p>Jeudi 21 ao\u00fbt, la d\u00e9claration conjointe UE-\u00c9tats-Unis a d\u00e9voil\u00e9 les d\u00e9tails de l\u2019accord conclu fin juillet entre Ursula von der Leyen et Donald Trump. Pour la pr\u00e9sidente de la Commission, l\u2019accord garantit \u00ab clairement \u00bb un taux de droit unique de 15 % pour la quasi-totalit\u00e9 des produits europ\u00e9ens \u2013 y compris les automobiles et les produits pharmaceutiques \u2013, tout en excluant les m\u00e9dicaments g\u00e9n\u00e9riques et les pi\u00e8ces d\u00e9tach\u00e9es a\u00e9ronautiques.<\/p>\n<p>Tout en admettant que l\u2019accord n\u2019est \u00ab pas parfait \u00bb, elle a n\u00e9anmoins d\u00e9fendu sa signature comme un r\u00e9sultat \u00ab stable \u00bb, puisque l\u2019UE est finalement devenue le seul acteur mondial \u00e0 obtenir un taux tarifaire maximal unique, au lieu de tarifs \u00e0 plusieurs niveaux.<\/p>\n<p>Ursula von der Leyen a \u00e9galement pr\u00e9cis\u00e9 que l\u2019UE sera encore renforc\u00e9e par la signature d\u2019autres accords commerciaux avec des pays tiers tels que le Mexique, le Royaume-Uni et la Suisse, ainsi que par l\u2019accord commercial avec les pays d\u2019Am\u00e9rique latine (Mercosur).<\/p>\n<p>Les critiques de Draghi<\/p>\n<p>L\u2019accord conclu entre les deux partenaires commerciaux a toutefois suscit\u00e9 des critiques, notamment de la part de l\u2019ancien pr\u00e9sident de la Banque centrale europ\u00e9enne, Mario Draghi. Lors d\u2019une r\u00e9cente conf\u00e9rence \u00e0 Rimini, l\u2019ancien responsable italien a d\u00e9clar\u00e9 que 2025 restera dans l\u2019histoire comme l\u2019ann\u00e9e o\u00f9 l\u2019\u00ab illusion \u00bb de l\u2019UE en tant qu\u2019acteur mondial s\u2019est \u00ab \u00e9vanouie \u00bb, soulignant que le bloc n\u2019aurait pas d\u00fb accepter les droits de douane am\u00e9ricains.<\/p>\n<p>\u00ab Pendant des ann\u00e9es, l\u2019UE a cru que sa taille \u00e9conomique, avec 450 millions de consommateurs, s\u2019accompagnait d\u2019une puissance g\u00e9opolitique et d\u2019une influence dans les relations commerciales internationales. Cette ann\u00e9e restera dans l\u2019histoire comme celle o\u00f9 cette illusion a vol\u00e9 en \u00e9clats. Nous aurions d\u00fb renoncer aux droits de douane impos\u00e9s par notre principal partenaire commercial et alli\u00e9 de longue date, les \u00c9tats-Unis \u00bb.<\/p>\n","protected":false},"excerpt":{"rendered":"L\u2019accord commercial entre l\u2019Union europ\u00e9enne et les \u00c9tats-Unis a \u00e9t\u00e9 qualifi\u00e9 par la pr\u00e9sidente de la Commission europ\u00e9enne&hellip;\n","protected":false},"author":2,"featured_media":345486,"comment_status":"","ping_status":"","sticky":false,"template":"","format":"standard","meta":{"footnotes":""},"categories":[1586],"tags":[11,1777,674,1779,1011,27,12,25,1778,364],"class_list":{"0":"post-345485","1":"post","2":"type-post","3":"status-publish","4":"format-standard","5":"has-post-thumbnail","7":"category-europe","8":"tag-actualites","9":"tag-eu","10":"tag-europe","11":"tag-european-union","12":"tag-fr","13":"tag-france","14":"tag-news","15":"tag-republique-francaise","16":"tag-ue","17":"tag-union-europeenne"},"share_on_mastodon":{"url":"https:\/\/pubeurope.com\/@fr\/115095829457649631","error":""},"_links":{"self":[{"href":"https:\/\/www.europesays.com\/fr\/wp-json\/wp\/v2\/posts\/345485","targetHints":{"allow":["GET"]}}],"collection":[{"href":"https:\/\/www.europesays.com\/fr\/wp-json\/wp\/v2\/posts"}],"about":[{"href":"https:\/\/www.europesays.com\/fr\/wp-json\/wp\/v2\/types\/post"}],"author":[{"embeddable":true,"href":"https:\/\/www.europesays.com\/fr\/wp-json\/wp\/v2\/users\/2"}],"replies":[{"embeddable":true,"href":"https:\/\/www.europesays.com\/fr\/wp-json\/wp\/v2\/comments?post=345485"}],"version-history":[{"count":0,"href":"https:\/\/www.europesays.com\/fr\/wp-json\/wp\/v2\/posts\/345485\/revisions"}],"wp:featuredmedia":[{"embeddable":true,"href":"https:\/\/www.europesays.com\/fr\/wp-json\/wp\/v2\/media\/345486"}],"wp:attachment":[{"href":"https:\/\/www.europesays.com\/fr\/wp-json\/wp\/v2\/media?parent=345485"}],"wp:term":[{"taxonomy":"category","embeddable":true,"href":"https:\/\/www.europesays.com\/fr\/wp-json\/wp\/v2\/categories?post=345485"},{"taxonomy":"post_tag","embeddable":true,"href":"https:\/\/www.europesays.com\/fr\/wp-json\/wp\/v2\/tags?post=345485"}],"curies":[{"name":"wp","href":"https:\/\/api.w.org\/{rel}","templated":true}]}}