{"id":345493,"date":"2025-08-26T15:46:10","date_gmt":"2025-08-26T15:46:10","guid":{"rendered":"https:\/\/www.europesays.com\/fr\/345493\/"},"modified":"2025-08-26T15:46:10","modified_gmt":"2025-08-26T15:46:10","slug":"beach-volley-coupe-de-developpement-des-jeunes-2025-u-18-le-senegal-present-a-banjul-du-2-au-7-septembre","status":"publish","type":"post","link":"https:\/\/www.europesays.com\/fr\/345493\/","title":{"rendered":"Beach Volley \u2013 Coupe de D\u00e9veloppement des Jeunes 2025 (U-18) : Le S\u00e9n\u00e9gal pr\u00e9sent \u00e0 Banjul du 2 au 7 septembre"},"content":{"rendered":"<p>La CAVB organise, du 2 au 7 septembre 2025, \u00e0 Banjul en Gambie, la Coupe de D\u00e9veloppement des Jeunes U18 en Beach Volley. L\u2019\u00e9quipe nationale U18 du S\u00e9n\u00e9gal de beach volley prendra part \u00e0 ce tournoi.<\/p>\n<p>Sur invitation de la F\u00e9d\u00e9ration Gambienne de Volleyball, la d\u00e9l\u00e9gation quittera Dakar ce lundi 25 ao\u00fbt 2025, dans l\u2019apr\u00e8s-midi, soit une semaine avant le d\u00e9but de la comp\u00e9tition. Ce choix permettra \u00e0 l\u2019\u00e9quipe s\u00e9n\u00e9galaise de poursuivre sa pr\u00e9paration en terre gambienne, en collaboration avec la f\u00e9d\u00e9ration h\u00f4te.<\/p>\n<p>Ce rendez-vous constitue une \u00e9tape majeure pour le d\u00e9veloppement et la promotion du beach volley africain, en perspective des Jeux Olympiques de la Jeunesse Dakar 2025 notamment avec la petite cat\u00e9gorie.<\/p>\n<p><img loading=\"lazy\" decoding=\"async\" class=\"aligncenter wp-image-438965 size-full\" src=\"data:image\/svg+xml;base64,PHN2ZyB4bWxucz0iaHR0cDovL3d3dy53My5vcmcvMjAwMC9zdmciIHZpZXdCb3g9IjAgMCA3ODAgMTA4MCIgd2lkdGg9Ijc4MCIgaGVpZ2h0PSIxMDgwIiBkYXRhLXU9Imh0dHBzJTNBJTJGJTJGd2l3c3BvcnQuY29tJTJGd3AtY29udGVudCUyRnVwbG9hZHMlMkYyMDI1JTJGMDglMkZDT01NVU5JUVVFLVBSRVNTRS5qcGciIGRhdGEtdz0iNzgwIiBkYXRhLWg9IjEwODAiIGRhdGEtYmlwPSIiPjwvc3ZnPg==\" data-spai=\"1\" alt=\"Beach Volley \u2013 Coupe de D\u00e9veloppement des Jeunes 2025 (U-18) : Le S\u00e9n\u00e9gal pr\u00e9sent \u00e0 Banjul du 2 au 7 septembre - wiwsport\" width=\"780\" height=\"1080\" title=\"Beach Volley \u2013 Coupe de D\u00e9veloppement des Jeunes 2025 (U-18) : Le S\u00e9n\u00e9gal pr\u00e9sent \u00e0 Banjul du 2 au 7 septembre - wiwsport\"\/><\/p>\n<p>wiwsport.com<\/p>\n","protected":false},"excerpt":{"rendered":"La CAVB organise, du 2 au 7 septembre 2025, \u00e0 Banjul en Gambie, la Coupe de D\u00e9veloppement des&hellip;\n","protected":false},"author":2,"featured_media":345494,"comment_status":"","ping_status":"","sticky":false,"template":"","format":"standard","meta":{"footnotes":""},"categories":[1417],"tags":[1011,27,60,1470,1469],"class_list":{"0":"post-345493","1":"post","2":"type-post","3":"status-publish","4":"format-standard","5":"has-post-thumbnail","7":"category-volley","8":"tag-fr","9":"tag-france","10":"tag-sports","11":"tag-volley","12":"tag-volleyball"},"share_on_mastodon":{"url":"https:\/\/pubeurope.com\/@fr\/115095849079290434","error":""},"_links":{"self":[{"href":"https:\/\/www.europesays.com\/fr\/wp-json\/wp\/v2\/posts\/345493","targetHints":{"allow":["GET"]}}],"collection":[{"href":"https:\/\/www.europesays.com\/fr\/wp-json\/wp\/v2\/posts"}],"about":[{"href":"https:\/\/www.europesays.com\/fr\/wp-json\/wp\/v2\/types\/post"}],"author":[{"embeddable":true,"href":"https:\/\/www.europesays.com\/fr\/wp-json\/wp\/v2\/users\/2"}],"replies":[{"embeddable":true,"href":"https:\/\/www.europesays.com\/fr\/wp-json\/wp\/v2\/comments?post=345493"}],"version-history":[{"count":0,"href":"https:\/\/www.europesays.com\/fr\/wp-json\/wp\/v2\/posts\/345493\/revisions"}],"wp:featuredmedia":[{"embeddable":true,"href":"https:\/\/www.europesays.com\/fr\/wp-json\/wp\/v2\/media\/345494"}],"wp:attachment":[{"href":"https:\/\/www.europesays.com\/fr\/wp-json\/wp\/v2\/media?parent=345493"}],"wp:term":[{"taxonomy":"category","embeddable":true,"href":"https:\/\/www.europesays.com\/fr\/wp-json\/wp\/v2\/categories?post=345493"},{"taxonomy":"post_tag","embeddable":true,"href":"https:\/\/www.europesays.com\/fr\/wp-json\/wp\/v2\/tags?post=345493"}],"curies":[{"name":"wp","href":"https:\/\/api.w.org\/{rel}","templated":true}]}}