{"id":345497,"date":"2025-08-26T15:48:11","date_gmt":"2025-08-26T15:48:11","guid":{"rendered":"https:\/\/www.europesays.com\/fr\/345497\/"},"modified":"2025-08-26T15:48:11","modified_gmt":"2025-08-26T15:48:11","slug":"us-open-jack-draper-change-de-tenue-et-de-look-jai-grandi-en-regardant-rafael-nadal-il-y-a-quelques-annees-javais-lair-affreux-mais-maintenant-ca-se-met-en-place","status":"publish","type":"post","link":"https:\/\/www.europesays.com\/fr\/345497\/","title":{"rendered":"US Open > Jack Draper change de tenue et de look : \u00ab\u00a0J&rsquo;ai grandi en regardant Rafael Nadal. Il y a quelques ann\u00e9es, j&rsquo;avais l&rsquo;air affreux mais maintenant \u00e7a se met en place\u00a0\u00bb"},"content":{"rendered":"<p>Qualifi\u00e9 pour le deuxi\u00e8me tour de l\u2019US Open apr\u00e8s une victoire en quatre sets contre l\u2019Argentin Gomez, Jack Draper s\u2019est exprim\u00e9 sur son nouveau look lors de l\u2019in\u00adter\u00adview d\u2019apr\u00e8s match.<\/p>\n<p>Le Britannique, autre\u00adfois \u00e9quip\u00e9 par Nike, a chang\u00e9 d\u2019\u00e9qui\u00adpe\u00admen\u00adtier en passant chez Vuori, une marque am\u00e9ri\u00adcaine qui lui a confec\u00adtionn\u00e9 un tee\u2010shirt sans manche pour le dernier Grand Chelem de la saison. Un style qui rappelle forc\u00e9\u00adment celui de Rafael Nadal, son\u00a0idole.<\/p>\n<p><strong>\u00ab\u202fJ\u2019ai grandi en regar\u00addant Rafa. J\u2019ai toujours voulu porter le maillot sans manche un jour. Il y a quelques ann\u00e9es, je n\u2019avais pas les bras pour \u00e7a. J\u2019avais l\u2019air affreux mais main\u00adte\u00adnant \u00e7a se met en\u00a0place.\u202f\u00bb<\/strong><\/p>\n<p class=\"post-published-date\" style=\"color: silver; font-size: 75%; text-align: left;\">Publi\u00e9 le mardi 26 ao\u00fbt 2025 \u00e0 16:16<\/p>\n","protected":false},"excerpt":{"rendered":"Qualifi\u00e9 pour le deuxi\u00e8me tour de l\u2019US Open apr\u00e8s une victoire en quatre sets contre l\u2019Argentin Gomez, Jack&hellip;\n","protected":false},"author":2,"featured_media":345498,"comment_status":"","ping_status":"","sticky":false,"template":"","format":"standard","meta":{"footnotes":""},"categories":[1415],"tags":[4388,1011,27,1960,60,1467],"class_list":{"0":"post-345497","1":"post","2":"type-post","3":"status-publish","4":"format-standard","5":"has-post-thumbnail","7":"category-tennis","8":"tag-draper","9":"tag-fr","10":"tag-france","11":"tag-nadal","12":"tag-sports","13":"tag-tennis"},"share_on_mastodon":{"url":"https:\/\/pubeurope.com\/@fr\/115095856914994495","error":""},"_links":{"self":[{"href":"https:\/\/www.europesays.com\/fr\/wp-json\/wp\/v2\/posts\/345497","targetHints":{"allow":["GET"]}}],"collection":[{"href":"https:\/\/www.europesays.com\/fr\/wp-json\/wp\/v2\/posts"}],"about":[{"href":"https:\/\/www.europesays.com\/fr\/wp-json\/wp\/v2\/types\/post"}],"author":[{"embeddable":true,"href":"https:\/\/www.europesays.com\/fr\/wp-json\/wp\/v2\/users\/2"}],"replies":[{"embeddable":true,"href":"https:\/\/www.europesays.com\/fr\/wp-json\/wp\/v2\/comments?post=345497"}],"version-history":[{"count":0,"href":"https:\/\/www.europesays.com\/fr\/wp-json\/wp\/v2\/posts\/345497\/revisions"}],"wp:featuredmedia":[{"embeddable":true,"href":"https:\/\/www.europesays.com\/fr\/wp-json\/wp\/v2\/media\/345498"}],"wp:attachment":[{"href":"https:\/\/www.europesays.com\/fr\/wp-json\/wp\/v2\/media?parent=345497"}],"wp:term":[{"taxonomy":"category","embeddable":true,"href":"https:\/\/www.europesays.com\/fr\/wp-json\/wp\/v2\/categories?post=345497"},{"taxonomy":"post_tag","embeddable":true,"href":"https:\/\/www.europesays.com\/fr\/wp-json\/wp\/v2\/tags?post=345497"}],"curies":[{"name":"wp","href":"https:\/\/api.w.org\/{rel}","templated":true}]}}