{"id":345499,"date":"2025-08-26T15:50:11","date_gmt":"2025-08-26T15:50:11","guid":{"rendered":"https:\/\/www.europesays.com\/fr\/345499\/"},"modified":"2025-08-26T15:50:11","modified_gmt":"2025-08-26T15:50:11","slug":"les-dates-des-essais-hivernaux-liees-a-levenement-de-lancement-de-la-saison","status":"publish","type":"post","link":"https:\/\/www.europesays.com\/fr\/345499\/","title":{"rendered":"Les dates des essais hivernaux li\u00e9es \u00e0 l&rsquo;\u00e9v\u00e9nement de lancement de la saison"},"content":{"rendered":"<p>Cela fait un peu plus d&rsquo;un mois d\u00e9sormais que l&rsquo;on conna\u00eet le calendrier de la saison MotoGP 2026. On sait que le championnat se d\u00e9roulera en 22 Grands Prix, avec un nouveau d\u00e9placement au Br\u00e9sil d\u00e8s le printemps. En revanche, et alors qu&rsquo;approchent les deux derni\u00e8res manches pr\u00e9c\u00e9dant la grande tourn\u00e9e outre-mer, on ignore pour le moment comment se d\u00e9rouleront les essais hivernaux.<\/p>\n<p><a class=\"widget-link-button\" href=\"https:\/\/fr.motorsport.com\/motogp\/schedule\/2026\/?all_event_types=0\" target=\"_self\" rel=\"nofollow noopener\">Calendrier MotoGP 2026<\/a><\/p>\n<p>Les dates mais aussi les circuits choisis pour accueillir ces tests n&rsquo;ont pas encore \u00e9t\u00e9 d\u00e9voil\u00e9s. D&rsquo;apr\u00e8s les informations de <strong>Motorsport.com<\/strong>, ce retard dans l&rsquo;officialisation de ce programme du d\u00e9but de l&rsquo;ann\u00e9e prochaine est d\u00fb au doute qui entoure encore le choix de la ville dans laquelle se tiendra l&rsquo;\u00e9v\u00e9nement de lancement du championnat. Il s&rsquo;agit d&rsquo;un format \u00e9trenn\u00e9 cette ann\u00e9e \u00e0 Bangkok, avec une grande pr\u00e9sentation en public r\u00e9unissant toutes les \u00e9quipes et tous les pilotes.<\/p>\n<p>Trois options ont tout de suite \u00e9t\u00e9 envisag\u00e9es pour l&rsquo;\u00e9dition 2026 de cet \u00e9v\u00e9nement : Kuala Lumpur (Malaisie), Melbourne (Australie) et Singapour. La premi\u00e8re avait la pr\u00e9f\u00e9rence de la plupart des \u00e9quipes, pour des raisons essentiellement logistiques et budg\u00e9taires. Organiser cette pr\u00e9sentation dans la capitale malaisienne serait certainement tr\u00e8s pratique puisqu&rsquo;elle se tiendrait tr\u00e8s probablement entre les deux tests d&rsquo;avant-saison, le premier pouvant \u00eatre organis\u00e9 \u00e0 Sepang, tout pr\u00e8s de l\u00e0, la premi\u00e8re semaine de f\u00e9vrier.<\/p>\n<p>Toujours d&rsquo;apr\u00e8s nos informations, si ce lancement devait avoir lieu \u00e0 Kuala Lumpur, le deuxi\u00e8me test de pr\u00e9-saison pourrait alors \u00eatre organis\u00e9 en Tha\u00eflande, l\u00e0 o\u00f9 se tiendra le premier Grand Prix de la saison, d\u00e9but mars, ou alors \u00e0 nouveau \u00e0 Sepang qui concentrerait alors l&rsquo;ensemble du programme pr\u00e9c\u00e9dant le championnat.<\/p>\n<p>Si la Malaisie figure effectivement en place de favorite, il ne faut pas exclure l&rsquo;\u00e9ventualit\u00e9 d&rsquo;un d\u00e9placement en Australie, plus pr\u00e9cis\u00e9ment \u00e0 Melbourne, entre les deux tests de d\u00e9but d&rsquo;ann\u00e9e. Dans ce cas, l&rsquo;option la plus sens\u00e9e serait de se passer des MotoGP et de les remplacer par d&rsquo;autres motos aux couleurs des diff\u00e9rentes \u00e9quipes compte tenu des risques et des complications qu&rsquo;impliquerait un tel voyage dans une p\u00e9riode de l&rsquo;ann\u00e9e si charg\u00e9e.<\/p>\n<p>Enfin, l&rsquo;option de Singapour poss\u00e8de \u00e9galement des atouts. Positionn\u00e9e juste au sud de la Malaisie, il s&rsquo;agit d&rsquo;une destination attractive, r\u00e9pondant \u00e0 certaines des exigences de la Dorna, promoteur du championnat.<\/p>\n<p>Les \u00e9quipes MotoGP et les repr\u00e9sentants de l&rsquo;IRTA se sont r\u00e9unis \u00e0 la veille du GP d&rsquo;Autriche, il y a moins de deux semaines, sans toutefois qu&rsquo;aucune feuille de route n&rsquo;ait \u00e9t\u00e9 \u00e9tablie. Toujours selon nos informations, la prochaine rencontre aura lieu en pr\u00e9sence \u00e9galement de certains repr\u00e9sentants de la Dorna jeudi prochain, \u00e0 la veille du GP de Catalogne. Le calendrier des essais hivernaux devrait alors \u00eatre d\u00e9fini, avec les pr\u00e9cisions n\u00e9cessaires quant aux tests qui feront suite au rendez-vous traditionnel de Valence, organis\u00e9 le 18 novembre prochain, au surlendemain du dernier Grand Prix de la saison.<\/p>\n<p>Lire aussi :<\/p>\n<p>Le lancement de la saison MotoGP 2025 \u00e0 Bangkok<\/p>\n<p>Dans cet article<\/p>\n<p>Soyez le premier inform\u00e9 et souscrivez aux alertes mails pour recevoir les infos en temps r\u00e9el<\/p>\n<p>    S&rsquo;abonner aux alertes de news<\/p>\n","protected":false},"excerpt":{"rendered":"Cela fait un peu plus d&rsquo;un mois d\u00e9sormais que l&rsquo;on conna\u00eet le calendrier de la saison MotoGP 2026.&hellip;\n","protected":false},"author":2,"featured_media":345500,"comment_status":"","ping_status":"","sticky":false,"template":"","format":"standard","meta":{"footnotes":""},"categories":[1413],"tags":[1011,27,48164,1457,1456,1458,60],"class_list":{"0":"post-345499","1":"post","2":"type-post","3":"status-publish","4":"format-standard","5":"has-post-thumbnail","7":"category-moto","8":"tag-fr","9":"tag-france","10":"tag-les-dates-des-essais-hivernaux-liu00e9es-u00e0-lu00e9vu00e9nement-de-lancement-de-la-saison","11":"tag-moto","12":"tag-motocycle","13":"tag-motogp","14":"tag-sports"},"share_on_mastodon":{"url":"https:\/\/pubeurope.com\/@fr\/115095864830850569","error":""},"_links":{"self":[{"href":"https:\/\/www.europesays.com\/fr\/wp-json\/wp\/v2\/posts\/345499","targetHints":{"allow":["GET"]}}],"collection":[{"href":"https:\/\/www.europesays.com\/fr\/wp-json\/wp\/v2\/posts"}],"about":[{"href":"https:\/\/www.europesays.com\/fr\/wp-json\/wp\/v2\/types\/post"}],"author":[{"embeddable":true,"href":"https:\/\/www.europesays.com\/fr\/wp-json\/wp\/v2\/users\/2"}],"replies":[{"embeddable":true,"href":"https:\/\/www.europesays.com\/fr\/wp-json\/wp\/v2\/comments?post=345499"}],"version-history":[{"count":0,"href":"https:\/\/www.europesays.com\/fr\/wp-json\/wp\/v2\/posts\/345499\/revisions"}],"wp:featuredmedia":[{"embeddable":true,"href":"https:\/\/www.europesays.com\/fr\/wp-json\/wp\/v2\/media\/345500"}],"wp:attachment":[{"href":"https:\/\/www.europesays.com\/fr\/wp-json\/wp\/v2\/media?parent=345499"}],"wp:term":[{"taxonomy":"category","embeddable":true,"href":"https:\/\/www.europesays.com\/fr\/wp-json\/wp\/v2\/categories?post=345499"},{"taxonomy":"post_tag","embeddable":true,"href":"https:\/\/www.europesays.com\/fr\/wp-json\/wp\/v2\/tags?post=345499"}],"curies":[{"name":"wp","href":"https:\/\/api.w.org\/{rel}","templated":true}]}}