{"id":34550,"date":"2025-04-18T17:20:15","date_gmt":"2025-04-18T17:20:15","guid":{"rendered":"https:\/\/www.europesays.com\/fr\/34550\/"},"modified":"2025-04-18T17:20:15","modified_gmt":"2025-04-18T17:20:15","slug":"ladministration-trump-veut-revoir-la-definition-du-mal-fait-aux-especes-en-danger","status":"publish","type":"post","link":"https:\/\/www.europesays.com\/fr\/34550\/","title":{"rendered":"l&rsquo;administration Trump veut revoir la d\u00e9finition du \u00abmal\u00bb fait aux esp\u00e8ces en danger"},"content":{"rendered":"<p>\u00abCette proposition permettrait aux industries foresti\u00e8res, p\u00e9troli\u00e8re et mini\u00e8re ainsi qu\u2019\u00e0 l\u2019\u00c9tat ou aux particuliers, de d\u00e9truire l\u2019habitat d\u2019esp\u00e8ces prot\u00e9g\u00e9es, m\u00eame si les d\u00e9g\u00e2ts font du mal \u00e0 ces esp\u00e8ces\u00bb, a d\u00e9nonc\u00e9 l\u2019association \u00e9cologiste Earthjustice.<\/p>\n<p class=\"fig-paragraph\">L&rsquo;administration Trump a propos\u00e9 mercredi d&rsquo;assouplir la d\u00e9finition du \u00abmal\u00bb fait aux\u00a0<a href=\"http:\/\/www.lefigaro.fr\/animaux\/amiens-deux-tigres-de-sumatra-espece-en-danger-naissent-en-captivite-20240412\" target=\"_blank\" data-fig-type=\"NewsFlash\" rel=\"noopener\" data-gtm-custom-categorie=\"navigation\" data-gtm-custom-action=\"crossclick\" data-gtm-custom-label=\"Contextuel\" data-gtm-event=\"customEventSPE\" data-fig-domain=\"LEFIGARO\">esp\u00e8ces en danger<\/a>\u00a0en excluant la protection de leur habitat, une mesure aussit\u00f4t contest\u00e9e par les organisations \u00e9cologistes. La loi am\u00e9ricaine sur les esp\u00e8ces en danger, vot\u00e9e en 1973, interdit de faire du \u00abmal\u00bb aux plantes ou animaux menac\u00e9s d&rsquo;extinction. Mais \u00abla d\u00e9finition r\u00e9glementaire actuelle du mot &lsquo;mal&rsquo; comprend aussi la modification de l&rsquo;habitat\u00bb, explique le minist\u00e8re de l&rsquo;Int\u00e9rieur, charg\u00e9 aux\u00a0<a href=\"http:\/\/www.lefigaro.fr\/societes\/etats-unis-donald-trump-veut-faire-baisser-le-prix-des-medicaments-20250416\" target=\"_blank\" data-fig-type=\"Article\" rel=\"noopener\" data-gtm-custom-categorie=\"navigation\" data-gtm-custom-action=\"crossclick\" data-gtm-custom-label=\"Contextuel\" data-gtm-event=\"customEventSPE\" data-fig-domain=\"LEFIGARO\">\u00c9tats-Unis<\/a>\u00a0des questions d&rsquo;environnement. Cette d\u00e9finition \u00e9largie a \u00e9t\u00e9 confirm\u00e9e en 1995 par la Cour supr\u00eame.<\/p>\n<p class=\"fig-paragraph\">Mais dans une proposition publi\u00e9e mercredi, le minist\u00e8re sugg\u00e8re de modifier cette d\u00e9finition pour la cantonner au seul fait de tuer ou blesser intentionnellement un animal, sans tenir compte de la d\u00e9gradation ou de la destruction de son habitat naturel.<\/p>\n<p class=\"fig-body-link\">\n            \u00c0 lire aussi<br \/>\n        <a class=\"fig-body-link__link fig-premium-mark\" href=\"http:\/\/www.lefigaro.fr\/sciences\/la-situation-s-est-beaucoup-aggravee-en-quinze-ans-pres-de-la-moitie-des-900-especes-de-coraux-sont-menacees-d-extinction-20241113\" target=\"_blank\" data-fig-type=\"Article\" rel=\"noopener\" data-gtm-custom-categorie=\"navigation\" data-gtm-custom-action=\"crossclick\" data-gtm-custom-label=\"Contextuel\" data-gtm-event=\"customEventSPE\" data-fig-domain=\"LEFIGARO\">\u00ab La situation s\u2019est beaucoup aggrav\u00e9e en quinze ans\u00a0\u00bb\u00a0: pr\u00e8s de la moiti\u00e9 des 900 esp\u00e8ces de coraux d\u2019eau chaude sont menac\u00e9es d\u2019extinction<br \/>\n    <\/a>\n<\/p>\n<p>\u00abR\u00e9\u00e9crire la biologie fondamentale\u00bb<\/p>\n<p class=\"fig-paragraph\">Cette proposition a \u00e9t\u00e9 contest\u00e9e par l&rsquo;association \u00e9cologiste Earthjustice, qui a fait valoir qu&rsquo;un propri\u00e9taire qui viderait une mare sur son terrain ne pourrait plus \u00eatre poursuivi pour la mort de poissons appartenant \u00e0 une esp\u00e8ce prot\u00e9g\u00e9e. \u00abCette proposition permettrait aux industries foresti\u00e8res, p\u00e9troli\u00e8re et mini\u00e8re ainsi qu&rsquo;\u00e0 l&rsquo;\u00c9tat ou aux particuliers, de d\u00e9truire l&rsquo;habitat d&rsquo;esp\u00e8ces prot\u00e9g\u00e9es, m\u00eame si les d\u00e9g\u00e2ts font du mal \u00e0 ces esp\u00e8ces\u00bb, a d\u00e9nonc\u00e9 l&rsquo;association dans un communiqu\u00e9.<\/p>\n<p class=\"fig-paragraph\">\u00abL&rsquo;administration Trump tente de r\u00e9\u00e9crire la biologie fondamentale\u00bb, selon Earthjustice. \u00abComme chacun de nous, les esp\u00e8ces en danger ont besoin d&rsquo;un endroit s\u00fbr pour vivre\u00bb. Les citoyens ont un d\u00e9lai de 30 jours pour soumettre leurs commentaires avant que la proposition ne soit finalis\u00e9e. \u00abNous sommes pr\u00eats \u00e0 engager des poursuites pour faire en sorte que l&rsquo;Am\u00e9rique n&rsquo;abandonne pas sa faune en danger\u00bb, a pr\u00e9venu Earthjustice.<\/p>\n<p class=\"fig-paragraph\"><a href=\"http:\/\/www.lefigaro.fr\/international\/age-d-or-de-l-amerique-immigration-conquete-de-mars-ce-qu-il-faut-retenir-du-discours-d-investiture-de-donald-trump-20250120\" target=\"_blank\" data-fig-type=\"NewsFlash\" rel=\"noopener\" data-gtm-custom-categorie=\"navigation\" data-gtm-custom-action=\"crossclick\" data-gtm-custom-label=\"Contextuel\" data-gtm-event=\"customEventSPE\" data-fig-domain=\"LEFIGARO\">Depuis son retour \u00e0 la Maison Blanche le 20 janvier<\/a>, Donald Trump a rompu avec la politique de son pr\u00e9d\u00e9cesseur en mati\u00e8re d&rsquo;environnement, disant ainsi vouloir red\u00e9marrer un projet d&rsquo;ol\u00e9oduc entre le Canada et les \u00c9tats-Unis. La semaine derni\u00e8re, il a sign\u00e9 des d\u00e9crets destin\u00e9s \u00e0 \u00abdoper\u00bb l&rsquo;extraction de charbon.<\/p>\n<p>\u00a0\u00bb<br \/>\n        data-script=\u00a0\u00bbhttps:\/\/static.lefigaro.fr\/widget-video\/short-ttl\/video\/index.js\u00a0\u00bb<br \/>\n    &gt;<\/p>\n","protected":false},"excerpt":{"rendered":"\u00abCette proposition permettrait aux industries foresti\u00e8res, p\u00e9troli\u00e8re et mini\u00e8re ainsi qu\u2019\u00e0 l\u2019\u00c9tat ou aux particuliers, de d\u00e9truire l\u2019habitat&hellip;\n","protected":false},"author":2,"featured_media":34551,"comment_status":"","ping_status":"","sticky":false,"template":"","format":"standard","meta":{"footnotes":""},"categories":[5],"tags":[47,49,11,48,75,51,7442,54,1011,27,14,12,52,41,50,28,53],"class_list":{"0":"post-34550","1":"post","2":"type-post","3":"status-publish","4":"format-standard","5":"has-post-thumbnail","7":"category-international","8":"tag-actualite","9":"tag-actualite-scientifique","10":"tag-actualites","11":"tag-astronomie","12":"tag-donald-trump","13":"tag-ecologie","14":"tag-especes-menacees","15":"tag-faune-et-flore","16":"tag-fr","17":"tag-france","18":"tag-international","19":"tag-news","20":"tag-planete","21":"tag-sciences","22":"tag-sciences-humaines","23":"tag-world","24":"tag-zoologie"},"share_on_mastodon":{"url":"https:\/\/pubeurope.com\/@fr\/114360118486442613","error":""},"_links":{"self":[{"href":"https:\/\/www.europesays.com\/fr\/wp-json\/wp\/v2\/posts\/34550","targetHints":{"allow":["GET"]}}],"collection":[{"href":"https:\/\/www.europesays.com\/fr\/wp-json\/wp\/v2\/posts"}],"about":[{"href":"https:\/\/www.europesays.com\/fr\/wp-json\/wp\/v2\/types\/post"}],"author":[{"embeddable":true,"href":"https:\/\/www.europesays.com\/fr\/wp-json\/wp\/v2\/users\/2"}],"replies":[{"embeddable":true,"href":"https:\/\/www.europesays.com\/fr\/wp-json\/wp\/v2\/comments?post=34550"}],"version-history":[{"count":0,"href":"https:\/\/www.europesays.com\/fr\/wp-json\/wp\/v2\/posts\/34550\/revisions"}],"wp:featuredmedia":[{"embeddable":true,"href":"https:\/\/www.europesays.com\/fr\/wp-json\/wp\/v2\/media\/34551"}],"wp:attachment":[{"href":"https:\/\/www.europesays.com\/fr\/wp-json\/wp\/v2\/media?parent=34550"}],"wp:term":[{"taxonomy":"category","embeddable":true,"href":"https:\/\/www.europesays.com\/fr\/wp-json\/wp\/v2\/categories?post=34550"},{"taxonomy":"post_tag","embeddable":true,"href":"https:\/\/www.europesays.com\/fr\/wp-json\/wp\/v2\/tags?post=34550"}],"curies":[{"name":"wp","href":"https:\/\/api.w.org\/{rel}","templated":true}]}}