{"id":345501,"date":"2025-08-26T15:51:09","date_gmt":"2025-08-26T15:51:09","guid":{"rendered":"https:\/\/www.europesays.com\/fr\/345501\/"},"modified":"2025-08-26T15:51:09","modified_gmt":"2025-08-26T15:51:09","slug":"lol-securise-le-contrat-de-sa-pepite-khalis-merah-18-ans","status":"publish","type":"post","link":"https:\/\/www.europesays.com\/fr\/345501\/","title":{"rendered":"l&rsquo;OL s\u00e9curise le contrat de sa p\u00e9pite Khalis Merah, 18 ans"},"content":{"rendered":"<p>R\u00e9v\u00e9lation de l\u2019\u00e9t\u00e9 \u00e0 Lyon, le jeune milieu de terrain a sign\u00e9 un nouveau contrat jusqu\u2019en 2029 avec son club formateur.<\/p>\n<p class=\"fig-paragraph\"><a href=\"http:\/\/www.lefigaro.fr\/sports\/football\/ligue-1\/ligue-1-seduisant-vainqueur-de-metz-lyon-confirme-son-bon-debut-de-saison-20250823\" target=\"_blank\" data-fig-type=\"NewsFlash\" rel=\"noopener\" data-gtm-custom-categorie=\"navigation\" data-gtm-custom-action=\"crossclick\" data-gtm-custom-label=\"Contextuel\" data-gtm-event=\"customEventSPE\" data-fig-domain=\"LEFIGARO\">L&rsquo;Olympique lyonnais<\/a>\u00a0a annonc\u00e9 mardi la prolongation de deux ans, jusqu&rsquo;en 2029, du contrat de son jeune milieu de terrain offensif Khalis Merah, r\u00e9v\u00e9lation de la pr\u00e9saison de l&rsquo;OL.<\/p>\n<p class=\"fig-paragraph\">Le joueur \u00e2g\u00e9 de 18 ans a particip\u00e9 aux deux premiers matches de championnat de Lyon apr\u00e8s de bons matches amicaux. Il \u00e9tait sous contrat jusqu&rsquo;en 2027. Originaire de la r\u00e9gion lyonnaise, Khalis Merah, joueur tr\u00e8s technique, est arriv\u00e9 au centre de formation de l&rsquo;OL en 2016, \u00e0 l&rsquo;\u00e2ge de neuf ans.<\/p>\n<p>                                    <a class=\"fig-a11y-skip a11y-hidden\" href=\"#fig-a11y-skip-main-inarticle\"><br \/>\n        Passer la publicit\u00e9<br \/>\n    <\/a><\/p>\n<p class=\"fig-paragraph\">Il a sign\u00e9 son premier contrat professionnel \u00e0 l&rsquo;Olympique lyonnais en f\u00e9vrier 2025, le jour de ses 18 ans.<\/p>\n","protected":false},"excerpt":{"rendered":"R\u00e9v\u00e9lation de l\u2019\u00e9t\u00e9 \u00e0 Lyon, le jeune milieu de terrain a sign\u00e9 un nouveau contrat jusqu\u2019en 2029 avec&hellip;\n","protected":false},"author":2,"featured_media":345502,"comment_status":"","ping_status":"","sticky":false,"template":"","format":"standard","meta":{"footnotes":""},"categories":[1412],"tags":[1451,1452,1453,1454,1455,1011,27,978,60],"class_list":{"0":"post-345501","1":"post","2":"type-post","3":"status-publish","4":"format-standard","5":"has-post-thumbnail","7":"category-f1","8":"tag-f1","9":"tag-formula-1","10":"tag-formula1","11":"tag-formule-1","12":"tag-formule1","13":"tag-fr","14":"tag-france","15":"tag-olympique-lyonnais","16":"tag-sports"},"share_on_mastodon":{"url":"https:\/\/pubeurope.com\/@fr\/115095868778057894","error":""},"_links":{"self":[{"href":"https:\/\/www.europesays.com\/fr\/wp-json\/wp\/v2\/posts\/345501","targetHints":{"allow":["GET"]}}],"collection":[{"href":"https:\/\/www.europesays.com\/fr\/wp-json\/wp\/v2\/posts"}],"about":[{"href":"https:\/\/www.europesays.com\/fr\/wp-json\/wp\/v2\/types\/post"}],"author":[{"embeddable":true,"href":"https:\/\/www.europesays.com\/fr\/wp-json\/wp\/v2\/users\/2"}],"replies":[{"embeddable":true,"href":"https:\/\/www.europesays.com\/fr\/wp-json\/wp\/v2\/comments?post=345501"}],"version-history":[{"count":0,"href":"https:\/\/www.europesays.com\/fr\/wp-json\/wp\/v2\/posts\/345501\/revisions"}],"wp:featuredmedia":[{"embeddable":true,"href":"https:\/\/www.europesays.com\/fr\/wp-json\/wp\/v2\/media\/345502"}],"wp:attachment":[{"href":"https:\/\/www.europesays.com\/fr\/wp-json\/wp\/v2\/media?parent=345501"}],"wp:term":[{"taxonomy":"category","embeddable":true,"href":"https:\/\/www.europesays.com\/fr\/wp-json\/wp\/v2\/categories?post=345501"},{"taxonomy":"post_tag","embeddable":true,"href":"https:\/\/www.europesays.com\/fr\/wp-json\/wp\/v2\/tags?post=345501"}],"curies":[{"name":"wp","href":"https:\/\/api.w.org\/{rel}","templated":true}]}}