{"id":345507,"date":"2025-08-26T15:54:12","date_gmt":"2025-08-26T15:54:12","guid":{"rendered":"https:\/\/www.europesays.com\/fr\/345507\/"},"modified":"2025-08-26T15:54:12","modified_gmt":"2025-08-26T15:54:12","slug":"epoustouflante-claudia-schiffer-celebre-ses-55-ans-en-maillot-de-bain","status":"publish","type":"post","link":"https:\/\/www.europesays.com\/fr\/345507\/","title":{"rendered":"\u00e9poustouflante, Claudia Schiffer c\u00e9l\u00e8bre ses 55 ans en maillot de bain"},"content":{"rendered":"<p>Ic\u00f4ne de la mode et du style depuis ses d\u00e9buts dans le mannequinat \u00e0 l&rsquo;\u00e2ge de 17 ans, <strong>Claudia Schiffer<\/strong> est toujours au top de sa beaut\u00e9. La belle Allemande l&rsquo;a prouv\u00e9 en partageant sur Instagram des photos de ses vacances en Gr\u00e8ce o\u00f9 elle a f\u00eat\u00e9 ses&#8230; 55 ans. Oui, d\u00e9j\u00e0, c&rsquo;est fou comme le temps passe vite. Surtout, elle n&rsquo;a quasiment pas chang\u00e9 ! Au programme pour Claudia ? Un d\u00e9cor de r\u00eave donc, une partie de backgammon&#8230; et un <strong>maillot de bain<\/strong> tr\u00e8s particulier.<\/p>\n<p>Claudia Schiffer, ensorcelante en maillot de bain<\/p>\n<p>Sur les clich\u00e9s, la muse des ann\u00e9es 90 pose au bord d&rsquo;une piscine, cheveux l\u00e2ch\u00e9s, souriante, et surtout radieuse dans un maillot <strong>une-pi\u00e8ce blanc<\/strong> sign\u00e9 Chlo\u00e9, un mod\u00e8le ultra-chic avec d\u00e9collet\u00e9 plongeant, volants d\u00e9licats et broderies fleuries. Avec une petite touche personnalis\u00e9e : le nom de la marque est en effet brod\u00e9 en or sur le c\u00f4t\u00e9. Sur une des photos, sa serviette sert accessoirement de par\u00e9o improvis\u00e9 \u00e0 Claudia. C\u00f4t\u00e9 accessoires, elle a opt\u00e9 pour des lunettes de soleil oversize, et elle porte quelques discrets bijoux, deux colliers et une bague dor\u00e9s, et m\u00eame un bracelet fa\u00e7on coquillage. Claudia fait aussi discr\u00e8tement la promo de Rhode, la marque de skincare fond\u00e9e par Hailey Bieber dont elle est une ambassadrice.<\/p>\n<p>Un top toujours au top<\/p>\n<p>\u00ab\u00a055 ans aujourd&rsquo;hui\u2026 tellement reconnaissante de pouvoir f\u00eater \u00e7a en pleine forme et avec le sourire !\u00a0\u00bb, a comment\u00e9 Claudia Schiffer. Christy Turlington, Naomi Campbell, (&#8230;)<\/p>\n<p><a href=\"https:\/\/www.grazia.fr\/people\/tellement-belle-et-inspirante-epoustouflante-claudia-schiffer-celebre-ses-55-ans-en-maillot-de-bain-1181836.html?utm_campaign=partenariat&amp;utm_source=yahoo-articles&amp;utm_medium=flux\" rel=\"nofollow noopener\" target=\"_blank\" data-ylk=\"slk:Lire la suite sur Grazia;elm:context_link;itc:0;sec:content-canvas\" class=\"link \">Lire la suite sur Grazia<\/a><\/p>\n<p><a href=\"https:\/\/www.grazia.fr\/beaute\/forme-minceur\/je-suis-cardiologue-et-cet-aliment-que-tous-les-francais-adorent-est-a-eviter-pour-un-coeur-en-bonne-sante-1106483.html?utm_campaign=partenariat&amp;utm_source=yahoo-articles&amp;utm_medium=flux\" rel=\"nofollow noopener\" target=\"_blank\" data-ylk=\"slk:&quot;Je suis cardiologue et cet aliment que tous les Fran\u00e7ais adorent au petit-d\u00e9jeuner est \u00e0 \u00e9viter pour un c\u0153ur en bonne sant\u00e9&quot;;elm:context_link;itc:0;sec:content-canvas\" class=\"link \">\u00ab\u00a0Je suis cardiologue et cet aliment que tous les Fran\u00e7ais adorent au petit-d\u00e9jeuner est \u00e0 \u00e9viter pour un c\u0153ur en bonne sant\u00e9\u00a0\u00bb<\/a><br \/><a href=\"https:\/\/www.grazia.fr\/people\/ils-sembrassaient-comme-des-ados-zoe-kravitz-et-harry-styles-pris-en-flagrant-delit-seront-ils-le-couple-de-la-rentree-1181864.html?utm_campaign=partenariat&amp;utm_source=yahoo-articles&amp;utm_medium=flux\" rel=\"nofollow noopener\" target=\"_blank\" data-ylk=\"slk:&quot;Ils s&#039;embrassaient comme des ados&quot; : Zo\u00eb Kravitz et Harry Styles pris en flagrant d\u00e9lit, seront-ils le couple de la rentr\u00e9e ?;elm:context_link;itc:0;sec:content-canvas\" class=\"link \">\u00ab\u00a0Ils s&#8217;embrassaient comme des ados\u00a0\u00bb : Zo\u00eb Kravitz et Harry Styles pris en flagrant d\u00e9lit, seront-ils le couple de la rentr\u00e9e ?<\/a><br \/><a href=\"https:\/\/www.grazia.fr\/beaute\/maquillage\/cindy-crawford-sans-maquillage-59-ans-supermodel-affiche-beaute-naturelle-bras-mari-vieillit-avec-grace-1181865.html?utm_campaign=partenariat&amp;utm_source=yahoo-articles&amp;utm_medium=flux\" rel=\"nofollow noopener\" target=\"_blank\" data-ylk=\"slk:Cindy Crawford sans maquillage : \u00e0 59 ans, la supermodel affiche sa beaut\u00e9 naturelle au bras de son mari, \u201cElle vieillit avec gr\u00e2ce\u201d;elm:context_link;itc:0;sec:content-canvas\" class=\"link \">Cindy Crawford sans maquillage : \u00e0 59 ans, la supermodel affiche sa beaut\u00e9 naturelle au bras de son mari, \u201cElle vieillit avec gr\u00e2ce\u201d<\/a><br \/><a href=\"https:\/\/www.grazia.fr\/mode\/shopping\/9-pieces-zara-a-porter-sans-moderation-a-la-rentree-1181761.html?utm_campaign=partenariat&amp;utm_source=yahoo-articles&amp;utm_medium=flux\" rel=\"nofollow noopener\" target=\"_blank\" data-ylk=\"slk:9 pi\u00e8ces Zara \u00e0 porter sans mod\u00e9ration \u00e0 la rentr\u00e9e;elm:context_link;itc:0;sec:content-canvas\" class=\"link \">9 pi\u00e8ces Zara \u00e0 porter sans mod\u00e9ration \u00e0 la rentr\u00e9e<\/a><br \/><a href=\"https:\/\/www.grazia.fr\/mode\/looks-de-stars\/isabelle-huppert-porte-la-tendance-pantalon-parfaite-pour-rajeunir-la-silhouette-a-la-rentree-meme-apres-70-ans-1181793.html?utm_campaign=partenariat&amp;utm_source=yahoo-articles&amp;utm_medium=flux\" rel=\"nofollow noopener\" target=\"_blank\" data-ylk=\"slk:Isabelle Huppert porte la tendance pantalon parfaite pour rajeunir la silhouette \u00e0 la rentr\u00e9e, m\u00eame apr\u00e8s 70 ans;elm:context_link;itc:0;sec:content-canvas\" class=\"link \">Isabelle Huppert porte la tendance pantalon parfaite pour rajeunir la silhouette \u00e0 la rentr\u00e9e, m\u00eame apr\u00e8s 70 ans<\/a><\/p>\n","protected":false},"excerpt":{"rendered":"Ic\u00f4ne de la mode et du style depuis ses d\u00e9buts dans le mannequinat \u00e0 l&rsquo;\u00e2ge de 17 ans,&hellip;\n","protected":false},"author":2,"featured_media":345508,"comment_status":"","ping_status":"","sticky":false,"template":"","format":"standard","meta":{"footnotes":""},"categories":[1359],"tags":[48165,58,59,1011,27,24404,973,48166],"class_list":{"0":"post-345507","1":"post","2":"type-post","3":"status-publish","4":"format-standard","5":"has-post-thumbnail","7":"category-people","8":"tag-claudia-schiffer","9":"tag-divertissement","10":"tag-entertainment","11":"tag-fr","12":"tag-france","13":"tag-maillot-de-bain","14":"tag-people","15":"tag-vacances-en-grece"},"share_on_mastodon":{"url":"https:\/\/pubeurope.com\/@fr\/115095880785277072","error":""},"_links":{"self":[{"href":"https:\/\/www.europesays.com\/fr\/wp-json\/wp\/v2\/posts\/345507","targetHints":{"allow":["GET"]}}],"collection":[{"href":"https:\/\/www.europesays.com\/fr\/wp-json\/wp\/v2\/posts"}],"about":[{"href":"https:\/\/www.europesays.com\/fr\/wp-json\/wp\/v2\/types\/post"}],"author":[{"embeddable":true,"href":"https:\/\/www.europesays.com\/fr\/wp-json\/wp\/v2\/users\/2"}],"replies":[{"embeddable":true,"href":"https:\/\/www.europesays.com\/fr\/wp-json\/wp\/v2\/comments?post=345507"}],"version-history":[{"count":0,"href":"https:\/\/www.europesays.com\/fr\/wp-json\/wp\/v2\/posts\/345507\/revisions"}],"wp:featuredmedia":[{"embeddable":true,"href":"https:\/\/www.europesays.com\/fr\/wp-json\/wp\/v2\/media\/345508"}],"wp:attachment":[{"href":"https:\/\/www.europesays.com\/fr\/wp-json\/wp\/v2\/media?parent=345507"}],"wp:term":[{"taxonomy":"category","embeddable":true,"href":"https:\/\/www.europesays.com\/fr\/wp-json\/wp\/v2\/categories?post=345507"},{"taxonomy":"post_tag","embeddable":true,"href":"https:\/\/www.europesays.com\/fr\/wp-json\/wp\/v2\/tags?post=345507"}],"curies":[{"name":"wp","href":"https:\/\/api.w.org\/{rel}","templated":true}]}}