{"id":345509,"date":"2025-08-26T15:55:22","date_gmt":"2025-08-26T15:55:22","guid":{"rendered":"https:\/\/www.europesays.com\/fr\/345509\/"},"modified":"2025-08-26T15:55:22","modified_gmt":"2025-08-26T15:55:22","slug":"ces-peintures-dans-une-grotte-francaise-suggerent-un-perilleux-rite-initiatique-prehistorique","status":"publish","type":"post","link":"https:\/\/www.europesays.com\/fr\/345509\/","title":{"rendered":"Ces peintures dans une grotte fran\u00e7aise sugg\u00e8rent un p\u00e9rilleux rite initiatique pr\u00e9historique"},"content":{"rendered":"<p><img fetchpriority=\"high\" decoding=\"async\" width=\"1024\" height=\"576\" src=\"https:\/\/www.europesays.com\/fr\/wp-content\/uploads\/2025\/08\/une-grotte-entree-1024x576.jpg\" alt=\"grotte\" class=\"wp-image-850306\"  \/>Image d\u2019illustration \u2014 Ksenia_MA \/ Shutterstock.com<\/p>\n<p><strong>Situ\u00e9e dans les Pyr\u00e9n\u00e9es-Atlantiques, la grotte d\u2019Etxeberri est connue pour abriter une s\u00e9rie d\u2019oeuvres pari\u00e9tales comprenant repr\u00e9sentations d\u2019animaux, de figures humaines et motifs abstraits. Selon de r\u00e9centes recherches, elle aurait potentiellement permis \u00e0 d\u2019apprentis chamans de prouver leur valeur.<\/strong><\/p>\n<p><strong>La grotte d\u2019Etxeberri<\/strong><\/p>\n<p>Vieilles d\u2019environ 16 000 ans et r\u00e9alis\u00e9es \u00e0 l\u2019aide de diff\u00e9rents pigments (ocre rouge, charbon et agrile brune), bon nombre de ces peintures sont concentr\u00e9es dans les sections les plus recul\u00e9es de la <strong><a href=\"https:\/\/dailygeekshow.com\/tag\/grotte\" target=\"_blank\" rel=\"noreferrer noopener\">grotte<\/a><\/strong>. En d\u00e9cortiquant les itin\u00e9raires suivis par nos anc\u00eatres pour les atteindre, les chercheurs ont obtenu un aper\u00e7u sans pr\u00e9c\u00e9dent des d\u00e9fis qu\u2019ils avaient d\u00fb surmonter.<\/p>\n<p>Lire aussi <a href=\"https:\/\/dailygeekshow.com\/des-scientifiques-decouvrent-une-canalisation-vieille-de-1-500-ans-a-65-m-daltitude-un-tresor-dingeniosite-oublie\/\" target=\"_blank\" rel=\"noopener\">Des scientifiques d\u00e9couvrent une canalisation vieille de 1\u202f500 ans \u00e0 65\u202fm d\u2019altitude : un tr\u00e9sor d\u2019ing\u00e9niosit\u00e9 oubli\u00e9<\/a><\/p>\n<p>En plus de devoir se faufiler dans des passages tr\u00e8s \u00e9troits et de d\u00e9sescalader une s\u00e9rie de parois verticales, ces individus d\u00e9finitivement t\u00e9m\u00e9raires devaient emprunter une corniche remarquablement fine surplombant un pr\u00e9cipice de plusieurs dizaines de m\u00e8tres de profondeur, connu sous le nom de \u00ab Gouffre de l\u2019ange \u00bb.<\/p>\n<p>Selon I\u00f1aki Intxaurbe, auteur principal de l\u2019\u00e9tude, publi\u00e9e dans le <a href=\"https:\/\/www.tandfonline.com\/doi\/full\/10.1080\/00934690.2025.2526916\" target=\"_blank\" rel=\"noreferrer noopener\">Journal of Field Archaeology<\/a>, sans encordement, le moindre faux pas aurait \u00e9t\u00e9 fatal. Les mati\u00e8res v\u00e9g\u00e9tales ayant tendance \u00e0 se d\u00e9composer assez rapidement, il est impossible de d\u00e9terminer si de tels \u00e9quipements ont \u00e9t\u00e9 utilis\u00e9s.<\/p>\n<blockquote class=\"twitter-tweet\">\n<p lang=\"tr\" dir=\"ltr\">Fransa\u2019daki Etxeberri Ma\u011faras\u0131\u2019n\u0131n derinliklerinde bulunan 16.000 y\u0131ll\u0131k duvar resimleri, tehlikeli rit\u00fcellerle yap\u0131lan \u015faman ayinlerini i\u015faret ediyor.<a href=\"https:\/\/t.co\/EHurQ2loQc\">https:\/\/t.co\/EHurQ2loQc<\/a><\/p>\n<p>\u2014 Kay\u0131p R\u0131ht\u0131m (@KayipRihtim) <a href=\"https:\/\/twitter.com\/KayipRihtim\/status\/1958219509057114458?ref_src=twsrc%5Etfw\" target=\"_blank\" rel=\"noopener\">August 20, 2025<\/a><\/p><\/blockquote>\n<p>Pour s\u2019\u00e9clairer, ces sp\u00e9l\u00e9ologues de la toute fin du <a href=\"https:\/\/dailygeekshow.com\/metissage-homo-sapiens-neandertal\/\" target=\"_blank\" rel=\"noreferrer noopener\">Pl\u00e9istoc\u00e8ne<\/a> br\u00fblaient du bois de conif\u00e8res, des os, ainsi que de la graisse animale, qui pouvait \u00eatre appliqu\u00e9e \u00e0 l\u2019extr\u00e9mit\u00e9 de torches, ou remplir de petites pierres \u00e9vid\u00e9es. Les autres d\u00e9couvertes incluent des outils en silex. Utilis\u00e9s pour \u00e9largir des passages \u00e9troits ou d\u00e9gager des obstacles, ils ont \u00e9t\u00e9 d\u00e9crits comme des versions <strong><a href=\"https:\/\/dailygeekshow.com\/tag\/paleolithique\" target=\"_blank\" rel=\"noreferrer noopener\">pal\u00e9olithiques<\/a> <\/strong>de ceux utilis\u00e9s par les sp\u00e9l\u00e9ologues modernes.<\/p>\n<p>Lire aussi <a href=\"https:\/\/dailygeekshow.com\/dinosaure-griffes-geantes\/\" target=\"_blank\" rel=\"noopener\">Petit mais l\u00e9tal : d\u00e9couverte d\u2019une nouvelle esp\u00e8ce de dinosaure v\u00e9loce aux griffes surdimensionn\u00e9es<\/a><\/p>\n<p><strong>De potentiels apprentis chamans<\/strong><\/p>\n<p>Le fait que la partie facilement accessible de la grotte recense les oeuvres les plus imposantes et raffin\u00e9es sugg\u00e8re qu\u2019elle aurait accueilli des c\u00e9r\u00e9monies chamaniques. Rappelant qu\u2019il ne s\u2019agit que d\u2019une hypoth\u00e8se, Intxaurbe estime qu\u2019atteindre les sections \u00e9tudi\u00e9es et y laisser une trace aurait potentiellement constitu\u00e9 un rite initiatique pour les aspirants \u00e0 cette fonction.<\/p>\n<p>En d\u00e9pit du caract\u00e8re risqu\u00e9 d\u2019une telle entreprise, il semble qu\u2019aucun de ces potentiels apprentis chamans pr\u00e9historiques n\u2019y ait laiss\u00e9 la vie. \u00ab Nous n\u2019avons trouv\u00e9 aucun reste humain \u00e0 l\u2019int\u00e9rieur d\u2019Etxeberri \u00bb, souligne Intxaurbe.<\/p>\n<p>Par ailleurs, voici <a href=\"https:\/\/dailygeekshow.com\/grottes-france\/\" target=\"_blank\" rel=\"noreferrer noopener\">10 grottes majestueuses qui t\u00e9moignent de la beaut\u00e9 extraordinaire de la France<\/a>.<\/p>\n<p>Lire aussi <a href=\"https:\/\/dailygeekshow.com\/fossile-trilobite-empire-romain\/\" target=\"_blank\" rel=\"noopener\">Les Romains utilisaient ces cr\u00e9atures vieilles de 450 millions d\u2019ann\u00e9es comme amulettes<\/a><br \/>\n<script async src=\"https:\/\/platform.twitter.com\/widgets.js\" charset=\"utf-8\"><\/script><\/p>\n","protected":false},"excerpt":{"rendered":"Image d\u2019illustration \u2014 Ksenia_MA \/ Shutterstock.com Situ\u00e9e dans les Pyr\u00e9n\u00e9es-Atlantiques, la grotte d\u2019Etxeberri est connue pour abriter une&hellip;\n","protected":false},"author":2,"featured_media":345510,"comment_status":"","ping_status":"","sticky":false,"template":"","format":"standard","meta":{"footnotes":""},"categories":[1358],"tags":[1348,1384,1385,1386,58,59,1011,27,31006,48167],"class_list":{"0":"post-345509","1":"post","2":"type-post","3":"status-publish","4":"format-standard","5":"has-post-thumbnail","7":"category-arts-et-design","8":"tag-arts","9":"tag-arts-and-design","10":"tag-arts-et-design","11":"tag-design","12":"tag-divertissement","13":"tag-entertainment","14":"tag-fr","15":"tag-france","16":"tag-grotte","17":"tag-paleolithique"},"share_on_mastodon":{"url":"https:\/\/pubeurope.com\/@fr\/115095884871191246","error":""},"_links":{"self":[{"href":"https:\/\/www.europesays.com\/fr\/wp-json\/wp\/v2\/posts\/345509","targetHints":{"allow":["GET"]}}],"collection":[{"href":"https:\/\/www.europesays.com\/fr\/wp-json\/wp\/v2\/posts"}],"about":[{"href":"https:\/\/www.europesays.com\/fr\/wp-json\/wp\/v2\/types\/post"}],"author":[{"embeddable":true,"href":"https:\/\/www.europesays.com\/fr\/wp-json\/wp\/v2\/users\/2"}],"replies":[{"embeddable":true,"href":"https:\/\/www.europesays.com\/fr\/wp-json\/wp\/v2\/comments?post=345509"}],"version-history":[{"count":0,"href":"https:\/\/www.europesays.com\/fr\/wp-json\/wp\/v2\/posts\/345509\/revisions"}],"wp:featuredmedia":[{"embeddable":true,"href":"https:\/\/www.europesays.com\/fr\/wp-json\/wp\/v2\/media\/345510"}],"wp:attachment":[{"href":"https:\/\/www.europesays.com\/fr\/wp-json\/wp\/v2\/media?parent=345509"}],"wp:term":[{"taxonomy":"category","embeddable":true,"href":"https:\/\/www.europesays.com\/fr\/wp-json\/wp\/v2\/categories?post=345509"},{"taxonomy":"post_tag","embeddable":true,"href":"https:\/\/www.europesays.com\/fr\/wp-json\/wp\/v2\/tags?post=345509"}],"curies":[{"name":"wp","href":"https:\/\/api.w.org\/{rel}","templated":true}]}}