{"id":345513,"date":"2025-08-26T15:57:11","date_gmt":"2025-08-26T15:57:11","guid":{"rendered":"https:\/\/www.europesays.com\/fr\/345513\/"},"modified":"2025-08-26T15:57:11","modified_gmt":"2025-08-26T15:57:11","slug":"cyril-hanouna-chez-lestheticienne-cette-video-tournee-en-catimini-avant-la-reprise","status":"publish","type":"post","link":"https:\/\/www.europesays.com\/fr\/345513\/","title":{"rendered":"Cyril Hanouna chez l&rsquo;esth\u00e9ticienne : cette vid\u00e9o tourn\u00e9e en catimini avant la reprise"},"content":{"rendered":"<p>Le retour de <a href=\"https:\/\/www.closermag.fr\/people\/cyril-hanouna-pas-la-pour-clasher-lheure-de-la-metamorphose-pour-lanimateur-3573438\" target=\"_blank\" rel=\"noopener\"><br \/>\nCyril Hanouna<\/a> \u00e0 l&rsquo;antenne se pr\u00e9cise. R\u00e9cemment l&rsquo;animateur a<br \/>\ntourn\u00e9 avec ses \u00e9quipes une bande-annonce pour <strong>annoncer son<br \/>\narriv\u00e9e sur l&rsquo;antenne de W9<\/strong>. La vid\u00e9o en question a \u00e9t\u00e9<br \/>\ndiffus\u00e9e sur les r\u00e9seaux sociaux de l&rsquo;ancien pr\u00e9sentateur il y a<br \/>\nquelques jours. Dans celle-ci, <a href=\"https:\/\/www.closermag.fr\/people\/valerie-benaim-operee-en-secret-toujours-absente-aupres-de-cyril-hanouna-mais-au-coeur-dun-imbroglio-ridicule-3511771\" target=\"_blank\" rel=\"noopener\"><br \/>\nVal\u00e9rie B\u00e9na\u00efm<\/a> travaille dans un salon d&rsquo;esth\u00e9tique. Lorsque<br \/>\nCyril Hanouna et <a href=\"https:\/\/www.closermag.fr\/tv_tele_realite\/ca-chauffe-entre-sarah-saldman-et-raymond-aabou-on-ne-sait-plus-ou-se-cacher-meme-cyril-hanouna-est-gene-3522768\" target=\"_blank\" rel=\"noopener\"><br \/>\nRaymond Aabou<\/a> font irruption au sein de sa boutique.<\/p>\n<p>Le magazine Closer \u00e9tait pr\u00e9sent sur place lors du<br \/>\ntournage de cette fameuse bande-annonce. Une vid\u00e9o des coulisses de<br \/>\nl&rsquo;enregistrement a m\u00eame \u00e9t\u00e9 d\u00e9voil\u00e9e sur la page Instagram du<br \/>\njournal. \u00ab\u00a0\u00c0 quelques jours de la rentr\u00e9e. <strong>Immersion<br \/>\ndans les coulisses du tournage du teaser<\/strong> de Cyril Hanouna.<br \/>\nEt de sa nouvelle \u00e9mission\u00a0\u00bb, \u00e9tait-il \u00e9crit en guise de<br \/>\nl\u00e9gende.<\/p>\n<blockquote class=\"instagram-media\" style=\"background: #ffffff;border: 0;margin: 1px;width: 100%;padding: 0;max-width: 500px;\" data-instgrm-permalink=\"https:\/\/www.instagram.com\/p\/DNnQg4CoIZ0\/\" data-instgrm-version=\"14\"\/><p>\nLe nouvel animateur de W9 a r\u00e9uni toute sa bande pour annoncer<br \/>\nle lancement de son nouveau talk-show<\/p>\n<p>\u00ab\u00a0Tout beau, tout neuf. Cyril Hanouna d\u00e9voile les coulisses<br \/>\ndu tournage du teaser de sa prochaine \u00e9mission. Tr\u00e8s attendue pour<br \/>\nla rentr\u00e9e. \u00c0 ses c\u00f4t\u00e9s, ses complices fid\u00e8les. <strong>Raymond<br \/>\nAabou, Val\u00e9rie B\u00e9na\u00efm et toute la bande.<\/strong> R\u00e9unis dans une<br \/>\nambiance complice et festive avant le grand retour\u00a0\u00bb, ont<br \/>\n\u00e9galement ajout\u00e9 nos confr\u00e8res. Outre W9, l&rsquo;animateur fera aussi<br \/>\nson arriv\u00e9e sur <a href=\"https:\/\/www.closermag.fr\/people\/il-faudrait-que-cyril-hanouna-me-fasse-peur-bruno-guillon-enclenche-la-deuxieme-lambiance-est-electrique-3558372\" target=\"_blank\" rel=\"noopener\"><br \/>\nFun Radio<\/a> dans quelques jours.<\/p>\n<p>En effet, Cyril Hanouna a accept\u00e9 de rejoindre le groupe M6 pour<br \/>\npr\u00e9senter deux \u00e9missions quotidiennes. La premi\u00e8re, baptis\u00e9e Tout<br \/>\nbeau tout Fun, sera diffus\u00e9e chaque jour entre 15h et 18h sur Fun<br \/>\nRadio. \u00c0 partir du mardi 2 septembre 2025. La seconde, intitul\u00e9e<br \/>\nTout beau tout N9uf, sera <strong>programm\u00e9e du lundi au vendredi<br \/>\nentre 18h45 et 21h15 sur W9.<\/strong>\u00a0\u00c0 partir du lundi 1er<br \/>\nseptembre 2025.<\/p>\n<blockquote class=\"instagram-media\" style=\"background: #ffffff;border: 0;margin: 1px;width: 100%;padding: 0;max-width: 500px;\" data-instgrm-permalink=\"https:\/\/www.instagram.com\/p\/DN0WL762Ct8\/\" data-instgrm-version=\"14\"\/><p>\nCyril Hanouna : \u00ab\u00a0Je veux surprendre<br \/>\nautrement\u00a0\u00bb<\/p>\n<p>Ces deux nouveaux programmes devraient largement s&rsquo;inspirer de<br \/>\n<a href=\"https:\/\/www.telestar.fr\/actu-tv\/tpmp\" target=\"_blank\" rel=\"noopener\">Touche pas \u00e0 mon<br \/>\nposte<\/a>. \u00ab\u00a0Pas question de changer une formule qui marche. \u00c7a<br \/>\nva ressembler \u00e9norm\u00e9ment \u00e0 ce que l&rsquo;on faisait avant.<br \/>\n<strong>Avec beaucoup de divertissement, de d\u00e9bats, de<br \/>\nrigolade.<\/strong> Je veux surprendre autrement. Je ne<br \/>\nsuis pas l\u00e0 pour clasher. Mais pour rassembler\u00a0\u00bb, a notamment<br \/>\nindiqu\u00e9 Cyril Hanouna \u00e0 ses \u00e9quipes, selon des propos rapport\u00e9s par<br \/>\nVSD.<\/p>\n<p>Les deux nouvelles \u00e9missions de l&rsquo;animateur devraient \u00eatre<br \/>\nenregistr\u00e9es. Et <strong>diffus\u00e9s avec un d\u00e9calage de 10 \u00e0 15<br \/>\nminutes<\/strong>. Afin de pr\u00e9venir les d\u00e9bordements en direct. Il<br \/>\ns&rsquo;agit l\u00e0 d&rsquo;une condition impos\u00e9e par la direction de M6. \u00ab\u00a0Nous<br \/>\navons \u00e9tabli des limites claires \u00e0 ne pas franchir. Pas de<br \/>\npromotion des fake news. Pas de discours politis\u00e9. Et pas<br \/>\nd&rsquo;attaques ad hominem\u00a0\u00bb, a notamment d\u00e9clar\u00e9 le pr\u00e9sident du<br \/>\ndirectoire du groupe M6, David Larramendy.<\/p>\n<p><script async src=\"\/\/www.instagram.com\/embed.js\"><\/script><\/p>\n","protected":false},"excerpt":{"rendered":"Le retour de Cyril Hanouna \u00e0 l&rsquo;antenne se pr\u00e9cise. R\u00e9cemment l&rsquo;animateur a tourn\u00e9 avec ses \u00e9quipes une bande-annonce&hellip;\n","protected":false},"author":2,"featured_media":328208,"comment_status":"","ping_status":"","sticky":false,"template":"","format":"standard","meta":{"footnotes":""},"categories":[1356],"tags":[548,1083,58,59,1011,27,252,1364],"class_list":{"0":"post-345513","1":"post","2":"type-post","3":"status-publish","4":"format-standard","5":"has-post-thumbnail","7":"category-television","8":"tag-article-simple","9":"tag-cyril-hanouna","10":"tag-divertissement","11":"tag-entertainment","12":"tag-fr","13":"tag-france","14":"tag-television","15":"tag-tv"},"share_on_mastodon":{"url":"https:\/\/pubeurope.com\/@fr\/115095892419825534","error":""},"_links":{"self":[{"href":"https:\/\/www.europesays.com\/fr\/wp-json\/wp\/v2\/posts\/345513","targetHints":{"allow":["GET"]}}],"collection":[{"href":"https:\/\/www.europesays.com\/fr\/wp-json\/wp\/v2\/posts"}],"about":[{"href":"https:\/\/www.europesays.com\/fr\/wp-json\/wp\/v2\/types\/post"}],"author":[{"embeddable":true,"href":"https:\/\/www.europesays.com\/fr\/wp-json\/wp\/v2\/users\/2"}],"replies":[{"embeddable":true,"href":"https:\/\/www.europesays.com\/fr\/wp-json\/wp\/v2\/comments?post=345513"}],"version-history":[{"count":0,"href":"https:\/\/www.europesays.com\/fr\/wp-json\/wp\/v2\/posts\/345513\/revisions"}],"wp:featuredmedia":[{"embeddable":true,"href":"https:\/\/www.europesays.com\/fr\/wp-json\/wp\/v2\/media\/328208"}],"wp:attachment":[{"href":"https:\/\/www.europesays.com\/fr\/wp-json\/wp\/v2\/media?parent=345513"}],"wp:term":[{"taxonomy":"category","embeddable":true,"href":"https:\/\/www.europesays.com\/fr\/wp-json\/wp\/v2\/categories?post=345513"},{"taxonomy":"post_tag","embeddable":true,"href":"https:\/\/www.europesays.com\/fr\/wp-json\/wp\/v2\/tags?post=345513"}],"curies":[{"name":"wp","href":"https:\/\/api.w.org\/{rel}","templated":true}]}}