{"id":345522,"date":"2025-08-26T16:02:13","date_gmt":"2025-08-26T16:02:13","guid":{"rendered":"https:\/\/www.europesays.com\/fr\/345522\/"},"modified":"2025-08-26T16:02:13","modified_gmt":"2025-08-26T16:02:13","slug":"cest-tellement-inapproprie-north-west-arbore-un-look-juge-peu-adapte-kim-kardashian-subit-la-foudre-des-internautes-photos","status":"publish","type":"post","link":"https:\/\/www.europesays.com\/fr\/345522\/","title":{"rendered":"\u00ab\u00a0C&rsquo;est tellement inappropri\u00e9\u00a0\u00bb\u00a0: North West arbore un look jug\u00e9 peu adapt\u00e9, Kim Kardashian subit la foudre des internautes (photos)"},"content":{"rendered":"<p class=\"ap-StoryElement ap-StoryElement--mb ap-StoryText\">Quand on a douze ans mais qu&rsquo;on est la fille de Kim Kardashian et Kanye West, on n&rsquo;est pas vraiment une jeune adolescente comme les autres. Et cela, North West ne cesse de le rappeler, \u00e0 travers son comportement ou m\u00eame ses actions, souvent support\u00e9e par son entrepreneuse de maman.<\/p>\n<p class=\"ap-StoryElement ap-StoryElement--mb ap-StoryText\">Ce lundi 25 ao\u00fbt, m\u00e8re et fille ont \u00e9t\u00e9 aper\u00e7ues dans les rues de Rome, probablement en vacances. Rien d&rsquo;anormal a priori, si ce n&rsquo;est que les internautes ont tout de suite relev\u00e9 un \u00e9l\u00e9ment en particulier : la tenue de North. V\u00eatue d&rsquo;un corset noir et d&rsquo;une minijupe \u00e0 volants, l&rsquo;ado avait rehauss\u00e9 le tout avec d&rsquo;imposantes bottes \u00e0 plateforme, et arborait une chevelure extra-longue dans les tons bleus et verts. De quoi susciter de nombreux commentaires, pas toujours positifs.<\/p>\n","protected":false},"excerpt":{"rendered":"Quand on a douze ans mais qu&rsquo;on est la fille de Kim Kardashian et Kanye West, on n&rsquo;est&hellip;\n","protected":false},"author":2,"featured_media":345523,"comment_status":"","ping_status":"","sticky":false,"template":"","format":"standard","meta":{"footnotes":"","_share_on_mastodon":"0"},"categories":[8],"tags":[58,59,1011,27,8932,48168,3499,21126],"class_list":["post-345522","post","type-post","status-publish","format-standard","has-post-thumbnail","category-divertissement","tag-divertissement","tag-entertainment","tag-fr","tag-france","tag-kim-kardashian","tag-north-west","tag-rome","tag-tenue"],"share_on_mastodon":{"url":"https:\/\/pubeurope.com\/@fr\/115095912055418008","error":""},"_links":{"self":[{"href":"https:\/\/www.europesays.com\/fr\/wp-json\/wp\/v2\/posts\/345522","targetHints":{"allow":["GET"]}}],"collection":[{"href":"https:\/\/www.europesays.com\/fr\/wp-json\/wp\/v2\/posts"}],"about":[{"href":"https:\/\/www.europesays.com\/fr\/wp-json\/wp\/v2\/types\/post"}],"author":[{"embeddable":true,"href":"https:\/\/www.europesays.com\/fr\/wp-json\/wp\/v2\/users\/2"}],"replies":[{"embeddable":true,"href":"https:\/\/www.europesays.com\/fr\/wp-json\/wp\/v2\/comments?post=345522"}],"version-history":[{"count":0,"href":"https:\/\/www.europesays.com\/fr\/wp-json\/wp\/v2\/posts\/345522\/revisions"}],"wp:featuredmedia":[{"embeddable":true,"href":"https:\/\/www.europesays.com\/fr\/wp-json\/wp\/v2\/media\/345523"}],"wp:attachment":[{"href":"https:\/\/www.europesays.com\/fr\/wp-json\/wp\/v2\/media?parent=345522"}],"wp:term":[{"taxonomy":"category","embeddable":true,"href":"https:\/\/www.europesays.com\/fr\/wp-json\/wp\/v2\/categories?post=345522"},{"taxonomy":"post_tag","embeddable":true,"href":"https:\/\/www.europesays.com\/fr\/wp-json\/wp\/v2\/tags?post=345522"}],"curies":[{"name":"wp","href":"https:\/\/api.w.org\/{rel}","templated":true}]}}