{"id":345530,"date":"2025-08-26T16:06:11","date_gmt":"2025-08-26T16:06:11","guid":{"rendered":"https:\/\/www.europesays.com\/fr\/345530\/"},"modified":"2025-08-26T16:06:11","modified_gmt":"2025-08-26T16:06:11","slug":"un-cambrioleur-suspecte-dune-dizaine-de-home-jacking-chez-des-personnes-agees-intercepte-par-la-police","status":"publish","type":"post","link":"https:\/\/www.europesays.com\/fr\/345530\/","title":{"rendered":"un cambrioleur suspect\u00e9 d\u2019une dizaine de home-jacking chez des personnes \u00e2g\u00e9es intercept\u00e9 par la police"},"content":{"rendered":"<p><strong>INFO LE FIGARO<\/strong> &#8211; Ce trentenaire originaire de Marseille est soup\u00e7onn\u00e9 par la justice d\u2019avoir particip\u00e9 \u00e0 de nombreux vols avec violence au pr\u00e9judice de personnes \u00e2g\u00e9es. L\u2019homme aurait s\u00e9vi pendant plusieurs mois dans le Var et les Bouches-du-Rh\u00f4ne.<\/p>\n<p class=\"fig-paragraph\">Le dernier cambriolage de Yamine H. cachait-il un parcours criminel d\u2019envergure\u00a0? Ce trentenaire originaire de Marseille, au profil jug\u00e9 \u00abdangereux\u00bb par les enqu\u00eateurs du service local de police judiciaire d\u2019Aix-en-Provence, est aujourd\u2019hui suspect\u00e9 par la justice d\u2019avoir particip\u00e9 \u00e0 une dizaine de violents\u00a0<a href=\"http:\/\/www.lefigaro.fr\/lyon\/deux-suspects-deja-emprisonnes-arretes-pour-45-cambriolages-et-vols-de-voiture-dans-la-campagne-lyonnaise-20250821\" data-fig-type=\"NewsFlash\" data-gtm-custom-categorie=\"navigation\" data-gtm-custom-action=\"crossclick\" data-gtm-custom-label=\"Contextuel\" data-gtm-event=\"customEventSPE\" data-fig-domain=\"LEFIGARO\" rel=\"nofollow noopener\" target=\"_blank\">cambriolages<\/a>\u00a0quasi exclusivement commis sur des personnes \u00e2g\u00e9es domicili\u00e9es dans le Var et les Bouches-du-Rh\u00f4ne.<\/p>\n<p class=\"fig-paragraph\">Selon nos informations, l\u2019homme a \u00e9t\u00e9 interpell\u00e9 le 19 ao\u00fbt dernier alors qu\u2019il venait de regagner la Cit\u00e9 phoc\u00e9enne quelques heures apr\u00e8s un \u00e9ni\u00e8me m\u00e9fait commis au pr\u00e9judice d\u2019une nonag\u00e9naire. D\u2019apr\u00e8s des sources polici\u00e8res concordantes, cette femme n\u00e9e en 1935 a \u00e9t\u00e9 violemment agress\u00e9e puis s\u00e9questr\u00e9e \u00e0 son domicile pour ses bijoux.<\/p>\n<p>                                    <a class=\"fig-a11y-skip a11y-hidden\" href=\"#fig-a11y-skip-main-inarticle\"><br \/>\n        Passer la publicit\u00e9<br \/>\n    <\/a><\/p>\n<p class=\"fig-paragraph\">La victime a \u00e9t\u00e9 enferm\u00e9e dans un placard avec deux bouteilles d\u2019eau comme moyen d\u2019hydratation avant d\u2019\u00eatre abandonn\u00e9e par le ou les malfaiteurs. Elle est finalement parvenue \u00e0 s\u2019extraire du meuble en d\u00e9montant la serrure, avertissant ses voisins puis les forces de l\u2019ordre. Ces derni\u00e8res ont pu remonter jusqu\u2019\u00e0 Yamine H. gr\u00e2ce \u00e0 l\u2019exploitation de la vid\u00e9osurveillance, localisant le suspect \u00e0 Marseille avant de l\u2019interpeller.<\/p>\n<p>Cambrioleur en s\u00e9rie<\/p>\n<p class=\"fig-paragraph\">Muet lors de sa garde \u00e0 vue, selon une source, l\u2019homme a \u00e9t\u00e9 trahi par des perquisitions r\u00e9alis\u00e9es \u00e0 son domicile, r\u00e9v\u00e9lant un butin compos\u00e9 de bijoux et m\u00eame d\u2019un coffre-fort. Des trouvailles qui accr\u00e9ditent la th\u00e8se d\u2019un cambrioleur en s\u00e9rie, qui pourrait avoir s\u00e9vi de nombreux mois dans le sud-est de la France. Des rapprochements ont \u00e9t\u00e9 op\u00e9r\u00e9s, liant le trentenaire \u00e0 une dizaine de\u00a0<a href=\"http:\/\/www.lefigaro.fr\/faits-divers\/oise-grace-a-la-solidarite-des-habitants-d-une-commune-trois-individus-interpelles-apres-un-violent-home-jacking-20250806\" data-fig-type=\"NewsFlash\" data-gtm-custom-categorie=\"navigation\" data-gtm-custom-action=\"crossclick\" data-gtm-custom-label=\"Contextuel\" data-gtm-event=\"customEventSPE\" data-fig-domain=\"LEFIGARO\" rel=\"nofollow noopener\" target=\"_blank\">home-jackings<\/a>\u00a0r\u00e9alis\u00e9s entre le Var et les Bouches-du-Rh\u00f4ne entre le printemps et l\u2019\u00e9t\u00e9 2025.<\/p>\n<p class=\"fig-paragraph\">Contact\u00e9, le procureur de la R\u00e9publique d\u2019Aix-en-Provence, Jean-Luc Blachon, a confirm\u00e9 au Figaro que le suspect va \u00eatre d\u00e9f\u00e9r\u00e9 au parquet ce mardi dans le cadre de l\u2019ouverture d\u2019une information judiciaire des chefs de \u00abvol avec violence\u00bb, \u00abs\u00e9questration avec lib\u00e9ration volontaire\u00bb et \u00abassociation de malfaiteurs\u00bb. Les investigations se poursuivent d\u00e9sormais pour retrouver la trace d\u2019\u00e9ventuels complices.<\/p>\n","protected":false},"excerpt":{"rendered":"INFO LE FIGARO &#8211; Ce trentenaire originaire de Marseille est soup\u00e7onn\u00e9 par la justice d\u2019avoir particip\u00e9 \u00e0 de&hellip;\n","protected":false},"author":2,"featured_media":345531,"comment_status":"","ping_status":"","sticky":false,"template":"","format":"standard","meta":{"footnotes":""},"categories":[4],"tags":[11,1174,1011,27,12,25,1175],"class_list":{"0":"post-345530","1":"post","2":"type-post","3":"status-publish","4":"format-standard","5":"has-post-thumbnail","7":"category-france","8":"tag-actualites","9":"tag-cambriolage","10":"tag-fr","11":"tag-france","12":"tag-news","13":"tag-republique-francaise","14":"tag-vol"},"share_on_mastodon":{"url":"https:\/\/pubeurope.com\/@fr\/115095927717672977","error":""},"_links":{"self":[{"href":"https:\/\/www.europesays.com\/fr\/wp-json\/wp\/v2\/posts\/345530","targetHints":{"allow":["GET"]}}],"collection":[{"href":"https:\/\/www.europesays.com\/fr\/wp-json\/wp\/v2\/posts"}],"about":[{"href":"https:\/\/www.europesays.com\/fr\/wp-json\/wp\/v2\/types\/post"}],"author":[{"embeddable":true,"href":"https:\/\/www.europesays.com\/fr\/wp-json\/wp\/v2\/users\/2"}],"replies":[{"embeddable":true,"href":"https:\/\/www.europesays.com\/fr\/wp-json\/wp\/v2\/comments?post=345530"}],"version-history":[{"count":0,"href":"https:\/\/www.europesays.com\/fr\/wp-json\/wp\/v2\/posts\/345530\/revisions"}],"wp:featuredmedia":[{"embeddable":true,"href":"https:\/\/www.europesays.com\/fr\/wp-json\/wp\/v2\/media\/345531"}],"wp:attachment":[{"href":"https:\/\/www.europesays.com\/fr\/wp-json\/wp\/v2\/media?parent=345530"}],"wp:term":[{"taxonomy":"category","embeddable":true,"href":"https:\/\/www.europesays.com\/fr\/wp-json\/wp\/v2\/categories?post=345530"},{"taxonomy":"post_tag","embeddable":true,"href":"https:\/\/www.europesays.com\/fr\/wp-json\/wp\/v2\/tags?post=345530"}],"curies":[{"name":"wp","href":"https:\/\/api.w.org\/{rel}","templated":true}]}}