{"id":345534,"date":"2025-08-26T16:08:11","date_gmt":"2025-08-26T16:08:11","guid":{"rendered":"https:\/\/www.europesays.com\/fr\/345534\/"},"modified":"2025-08-26T16:08:11","modified_gmt":"2025-08-26T16:08:11","slug":"saint-etienne-sur-un-banal-controle-interpelle-sans-permis-et-avec-des-stupefiants","status":"publish","type":"post","link":"https:\/\/www.europesays.com\/fr\/345534\/","title":{"rendered":"Saint-\u00c9tienne. Sur un banal contr\u00f4le, interpell\u00e9 sans permis et avec des stup\u00e9fiants"},"content":{"rendered":"<p>Le samedi 23\u00a0ao\u00fbt, vers 8 heures, un \u00e9quipage de Police secours proc\u00e8de \u00e0 des contr\u00f4les dans le quartier de Tarentaize \u00e0 Saint-Etienne. C\u2019est alors que passe devant eux un automobiliste au volant d\u2019une Renault Clio qu\u2019ils d\u00e9cident de soumettre aux v\u00e9rifications de s\u00e9curit\u00e9.<\/p>\n<p>Rapidement, les fonctionnaires vont d\u00e9couvrir que le jeune homme, \u00e2g\u00e9 de 33 ans et originaire de Saint-Etienne conduit malgr\u00e9 l\u2019annulation de son permis de conduire.<\/p>\n<p>  De l\u2019herbe et de la r\u00e9sine de cannabis<\/p>\n<p>De plus, les forces de l\u2019ordre ont retrouv\u00e9 dans l\u2019habitacle plusieurs grammes de stup\u00e9fiants\u00a0: de l\u2019herbe et de la r\u00e9sine de cannabis.<\/p>\n<p>Le trentenaire est finalement interpell\u00e9 et plac\u00e9 en garde \u00e0 vue. \u00c0 l\u2019issue, il s\u2019est vu signifier une convocation devant le tribunal correctionnel de Saint-Etienne au cours des prochaines semaines.<\/p>\n","protected":false},"excerpt":{"rendered":"Le samedi 23\u00a0ao\u00fbt, vers 8 heures, un \u00e9quipage de Police secours proc\u00e8de \u00e0 des contr\u00f4les dans le quartier&hellip;\n","protected":false},"author":2,"featured_media":345535,"comment_status":"","ping_status":"","sticky":false,"template":"","format":"standard","meta":{"footnotes":""},"categories":[9653],"tags":[1111,11,2430,271,272,7539,1777,674,274,1011,27,3367,12,25,4001,7538,104],"class_list":{"0":"post-345534","1":"post","2":"type-post","3":"status-publish","4":"format-standard","5":"has-post-thumbnail","7":"category-saint-etienne","8":"tag-actu","9":"tag-actualites","10":"tag-auvergne-rhone-alpes","11":"tag-crime","12":"tag-delit-et-contravention","13":"tag-edition-loire-sud","14":"tag-eu","15":"tag-europe","16":"tag-faits-divers-justice","17":"tag-fr","18":"tag-france","19":"tag-loire","20":"tag-news","21":"tag-republique-francaise","22":"tag-saint-etienne","23":"tag-saint-etienne-ville","24":"tag-societe"},"share_on_mastodon":{"url":"https:\/\/pubeurope.com\/@fr\/115095935593080077","error":""},"_links":{"self":[{"href":"https:\/\/www.europesays.com\/fr\/wp-json\/wp\/v2\/posts\/345534","targetHints":{"allow":["GET"]}}],"collection":[{"href":"https:\/\/www.europesays.com\/fr\/wp-json\/wp\/v2\/posts"}],"about":[{"href":"https:\/\/www.europesays.com\/fr\/wp-json\/wp\/v2\/types\/post"}],"author":[{"embeddable":true,"href":"https:\/\/www.europesays.com\/fr\/wp-json\/wp\/v2\/users\/2"}],"replies":[{"embeddable":true,"href":"https:\/\/www.europesays.com\/fr\/wp-json\/wp\/v2\/comments?post=345534"}],"version-history":[{"count":0,"href":"https:\/\/www.europesays.com\/fr\/wp-json\/wp\/v2\/posts\/345534\/revisions"}],"wp:featuredmedia":[{"embeddable":true,"href":"https:\/\/www.europesays.com\/fr\/wp-json\/wp\/v2\/media\/345535"}],"wp:attachment":[{"href":"https:\/\/www.europesays.com\/fr\/wp-json\/wp\/v2\/media?parent=345534"}],"wp:term":[{"taxonomy":"category","embeddable":true,"href":"https:\/\/www.europesays.com\/fr\/wp-json\/wp\/v2\/categories?post=345534"},{"taxonomy":"post_tag","embeddable":true,"href":"https:\/\/www.europesays.com\/fr\/wp-json\/wp\/v2\/tags?post=345534"}],"curies":[{"name":"wp","href":"https:\/\/api.w.org\/{rel}","templated":true}]}}