{"id":345536,"date":"2025-08-26T16:09:10","date_gmt":"2025-08-26T16:09:10","guid":{"rendered":"https:\/\/www.europesays.com\/fr\/345536\/"},"modified":"2025-08-26T16:09:10","modified_gmt":"2025-08-26T16:09:10","slug":"a-saint-etienne-la-video-dune-intervention-policiere-lors-dun-refus-dobtemperer-enflamme-les-reseaux-sociaux","status":"publish","type":"post","link":"https:\/\/www.europesays.com\/fr\/345536\/","title":{"rendered":"\u00c0 Saint-\u00c9tienne, la vid\u00e9o d\u2019une intervention polici\u00e8re lors d\u2019un refus d\u2019obtemp\u00e9rer enflamme les r\u00e9seaux sociaux"},"content":{"rendered":"<p>Les images film\u00e9es \u00e0 Saint-\u00c9tienne ce mardi 19 ao\u00fbt, montrent un agent ass\u00e9nant des coups de pied \u00e0 un automobiliste qui refuse de se soumettre \u00e0 un contr\u00f4le. La sc\u00e8ne suscite des vagues de commentaires de soutien ou de critique des policiers.<\/p>\n<p class=\"fig-paragraph\">Film\u00e9es mardi dernier, les images ont fait le tour des r\u00e9seaux sociaux depuis. La vid\u00e9o d\u2019une\u00a0<a href=\"http:\/\/www.lefigaro.fr\/lyon\/venissieux-filmee-une-intervention-musclee-de-la-police-locale-suscite-la-polemique-20250526\" data-fig-type=\"NewsFlash\" data-gtm-custom-categorie=\"navigation\" data-gtm-custom-action=\"crossclick\" data-gtm-custom-label=\"Contextuel\" data-gtm-event=\"customEventSPE\" data-fig-domain=\"LEFIGARO\" target=\"_blank\" rel=\"noopener\">intervention polici\u00e8re<\/a>\u00a0tourn\u00e9e dans le centre-ville de\u00a0<a href=\"http:\/\/www.lefigaro.fr\/lyon\/saint-etienne-l-homme-qui-avait-agresse-trois-militaires-au-couteau-condamne-a-trois-ans-de-prison-20250716\" data-fig-type=\"NewsFlash\" data-gtm-custom-categorie=\"navigation\" data-gtm-custom-action=\"crossclick\" data-gtm-custom-label=\"Contextuel\" data-gtm-event=\"customEventSPE\" data-fig-domain=\"LEFIGARO\" target=\"_blank\" rel=\"noopener\">Saint-\u00c9tienne<\/a>\u00a0ce 19 ao\u00fbt montre un agent ass\u00e9nant de violents coups de pied sur le haut du corps d\u2019un automobiliste assis sur son si\u00e8ge conducteur, porti\u00e8re ouverte, \u00e0 l\u2019arr\u00eat, moteur tournant. Ce dernier parvient finalement \u00e0 s\u2019enfuir au volant de son v\u00e9hicule Peugeot blanc malgr\u00e9 les injonctions des policiers.<\/p>\n<p class=\"fig-paragraph\">La sc\u00e8ne a largement fait r\u00e9agir sur les r\u00e9seaux sociaux, suscitant des vagues de commentaires de soutien ou de critique des policiers. La Ligue des droits de l\u2019Homme a ainsi d\u00e9nonc\u00e9 des images \u00abinsoutenables\u00bb demandant \u00abune enqu\u00eate transparente, ind\u00e9pendante et rapide\u00bb. Le directeur de la police de la Loire, lui, bat en br\u00e8che l\u2019\u00e9ventualit\u00e9 d\u2019une proc\u00e9dure IGPN et d\u00e9fend le comportement de ses agents, assurant d\u2019une intervention proportionn\u00e9e parfaitement dans les clous de la l\u00e9galit\u00e9.<\/p>\n<p>                                    <a class=\"fig-a11y-skip a11y-hidden\" href=\"#fig-a11y-skip-main-inarticle\"><br \/>\n        Passer la publicit\u00e9<br \/>\n    <\/a><\/p>\n<p>Course-poursuite et taser arrach\u00e9<\/p>\n<p class=\"fig-paragraph\">\u00abPorter un coup fait partie des gestes techniques d\u2019intervention. L\u2019agent vise les bras de l\u2019individu pour lui faire l\u00e2cher le volant alors que celui-ci n\u2019a pas coup\u00e9 le moteur lors du contr\u00f4le, r\u00e9agit aupr\u00e8s du Figaro Yves Cellier, DIPN de la Loire, n\u2019excluant pas que les coups aient pu atteindre d\u2019autres parties du corps. M\u00eame si la violence mise en image n\u2019est pas tr\u00e8s agr\u00e9able \u00e0 regarder, il ne faut pas renverser les choses car ce sont bien les policiers qui subissent une violence \u00e0 laquelle ils tentent de mettre fin\u00bb.<\/p>\n<p class=\"fig-paragraph\">L\u2019intervention fait suite \u00e0 plusieurs minutes de poursuite entre les agents et le conducteur du v\u00e9hicule Peugeot, ont indiqu\u00e9 plusieurs sources polici\u00e8res au Figaro. \u00abUn d\u00e9lit qui peut avoir des cons\u00e9quences catastrophiques voire funestes, d\u2019autant plus en ville\u00bb, commente Yves Cellier. Le conducteur avait refus\u00e9 de se soumettre \u00e0 un contr\u00f4le dans le centre de Saint-\u00c9tienne avant d\u2019\u00eatre poursuivi, sir\u00e8nes hurlantes, jusque dans la rue du Vernay, o\u00f9 il est repris par les policiers.<\/p>\n<p class=\"fig-paragraph\">Avant les coups de pied, les agents avaient tent\u00e9 d\u2019arr\u00eater le conducteur en utilisant un pistolet \u00e0 impulsion \u00e9lectrique. \u00abIls utilisent le taser mais la personne est surexcit\u00e9e et arrache elle-m\u00eame les dardillons, ce qui est extr\u00eamement douloureux et pourrait laisser penser qu\u2019il \u00e9tait sous produits, commente le syndicat de police Alliance, d\u00e9fendant l\u2019action des agents. L\u2019usage de la force est adapt\u00e9, le coll\u00e8gue reste en s\u00e9curit\u00e9 et tente quelque chose pour pas rentrer dans l\u2019habitacle\u00bb.<\/p>\n<p>En cours d\u2019identification<\/p>\n<p class=\"fig-paragraph\">\u00abQuel que soit le contexte, rien ne peut justifier de tels gestes, attaque en revanche la Ligue des droits de l\u2019Homme. La police, d\u00e9positaire de l\u2019autorit\u00e9 publique, ne peut se permettre de basculer dans la brutalit\u00e9 gratuite sans saper elle-m\u00eame la l\u00e9gitimit\u00e9 de sa mission. Ces violences ne sont pas des \u201cd\u00e9rapages isol\u00e9s\u201d, mais le sympt\u00f4me d\u2019un probl\u00e8me structurel dans le rapport entre police et population. La rh\u00e9torique officielle consistant \u00e0 minimiser en \u00e9voquant une \u201cvid\u00e9o partielle\u201d ne fait qu\u2019accro\u00eetre la d\u00e9fiance.\u00bb<\/p>\n<p class=\"fig-paragraph\">Le jeune homme visible sur les images a finalement r\u00e9ussi \u00e0 s\u2019enfuir en prenant la rue du Vernay en sens interdit. Les policiers n\u2019ont pas fait usage de leur arme l\u00e9tale. \u00abMalgr\u00e9 le danger, ils ont estim\u00e9 qu\u2019ils n\u2019\u00e9taient pas en situation de l\u00e9gitime d\u00e9fense\u00bb, explique Yves Cellier, qui valide la r\u00e9ponse proportionn\u00e9e des fonctionnaires et les d\u00e9fend. Une enqu\u00eate pour refus d\u2019obtemp\u00e9rer et violences aggrav\u00e9es a \u00e9t\u00e9 ouverte pour retrouver le suspect, qui serait en cours d\u2019identification.<\/p>\n<p class=\"fig-body-link\">\n            \u00c0 lire aussi<br \/>\n        <a class=\"fig-body-link__link\" href=\"http:\/\/www.lefigaro.fr\/lyon\/en-cavale-depuis-32-ans-un-meurtrier-recherche-par-interpol-retrouve-en-espagne-par-la-police-lyonnaise-20250711\" data-fig-type=\"NewsFlash\" data-gtm-custom-categorie=\"navigation\" data-gtm-custom-action=\"crossclick\" data-gtm-custom-label=\"Contextuel\" data-gtm-event=\"customEventSPE\" data-fig-domain=\"LEFIGARO\" target=\"_blank\" rel=\"noopener\">En cavale depuis 32 ans, un meurtrier recherch\u00e9 par Interpol retrouv\u00e9 en Espagne par la police lyonnaise<br \/>\n    <\/a>\n<\/p>\n<p>                                    <a class=\"fig-a11y-skip a11y-hidden\" href=\"#fig-a11y-skip-main-inarticle_mtf\"><br \/>\n        Passer la publicit\u00e9<br \/>\n    <\/a><\/p>\n<p class=\"fig-paragraph\">Sollicit\u00e9 par le Figaro, le parquet de Saint-\u00c9tienne n\u2019a pas encore r\u00e9pondu. Selon nos informations aucune interpellation n\u2019a \u00e9t\u00e9 effectu\u00e9e \u00e0 ce jour. Deux des trois policiers intervenants ont \u00e9t\u00e9 bless\u00e9s, se voyant prescrire plusieurs jours d\u2019ITT \u00e0 la suite des faits. Ils ont port\u00e9 plainte, contre X, en attendant l\u2019identification de l\u2019auteur.<\/p>\n","protected":false},"excerpt":{"rendered":"Les images film\u00e9es \u00e0 Saint-\u00c9tienne ce mardi 19 ao\u00fbt, montrent un agent ass\u00e9nant des coups de pied \u00e0&hellip;\n","protected":false},"author":2,"featured_media":345537,"comment_status":"","ping_status":"","sticky":false,"template":"","format":"standard","meta":{"footnotes":""},"categories":[9653],"tags":[1111,11,2430,34484,1777,674,1011,27,12,2852,25,4001],"class_list":{"0":"post-345536","1":"post","2":"type-post","3":"status-publish","4":"format-standard","5":"has-post-thumbnail","7":"category-saint-etienne","8":"tag-actu","9":"tag-actualites","10":"tag-auvergne-rhone-alpes","11":"tag-controle-de-police","12":"tag-eu","13":"tag-europe","14":"tag-fr","15":"tag-france","16":"tag-news","17":"tag-refus-dobtemperer","18":"tag-republique-francaise","19":"tag-saint-etienne"},"share_on_mastodon":{"url":"https:\/\/pubeurope.com\/@fr\/115095939522654595","error":""},"_links":{"self":[{"href":"https:\/\/www.europesays.com\/fr\/wp-json\/wp\/v2\/posts\/345536","targetHints":{"allow":["GET"]}}],"collection":[{"href":"https:\/\/www.europesays.com\/fr\/wp-json\/wp\/v2\/posts"}],"about":[{"href":"https:\/\/www.europesays.com\/fr\/wp-json\/wp\/v2\/types\/post"}],"author":[{"embeddable":true,"href":"https:\/\/www.europesays.com\/fr\/wp-json\/wp\/v2\/users\/2"}],"replies":[{"embeddable":true,"href":"https:\/\/www.europesays.com\/fr\/wp-json\/wp\/v2\/comments?post=345536"}],"version-history":[{"count":0,"href":"https:\/\/www.europesays.com\/fr\/wp-json\/wp\/v2\/posts\/345536\/revisions"}],"wp:featuredmedia":[{"embeddable":true,"href":"https:\/\/www.europesays.com\/fr\/wp-json\/wp\/v2\/media\/345537"}],"wp:attachment":[{"href":"https:\/\/www.europesays.com\/fr\/wp-json\/wp\/v2\/media?parent=345536"}],"wp:term":[{"taxonomy":"category","embeddable":true,"href":"https:\/\/www.europesays.com\/fr\/wp-json\/wp\/v2\/categories?post=345536"},{"taxonomy":"post_tag","embeddable":true,"href":"https:\/\/www.europesays.com\/fr\/wp-json\/wp\/v2\/tags?post=345536"}],"curies":[{"name":"wp","href":"https:\/\/api.w.org\/{rel}","templated":true}]}}