{"id":345538,"date":"2025-08-26T16:10:09","date_gmt":"2025-08-26T16:10:09","guid":{"rendered":"https:\/\/www.europesays.com\/fr\/345538\/"},"modified":"2025-08-26T16:10:09","modified_gmt":"2025-08-26T16:10:09","slug":"il-tente-de-voler-la-caisse-dun-boulanger-le-commercant-ne-se-laisse-pas-faire-et-replique","status":"publish","type":"post","link":"https:\/\/www.europesays.com\/fr\/345538\/","title":{"rendered":"il tente de voler la caisse d&rsquo;un boulanger, le commer\u00e7ant ne se laisse pas faire\u00a0et\u00a0r\u00e9plique"},"content":{"rendered":"<p>            Par<br \/>\n        <strong><br \/>\n            <a href=\"https:\/\/actu.fr\/auteur\/amandine-mehl\" title=\"Consulter tous les articles de Amandine Mehl\" target=\"_blank\" rel=\"noopener\">Amandine Mehl<\/a><br \/>\n        <\/strong><\/p>\n<p>        Publi\u00e9 le<\/p>\n<p>            26 ao\u00fbt 2025 \u00e0 18h04        <\/p>\n<p>Deux hommes <strong>\u00e2g\u00e9s de 31 et 21 ans<\/strong> ont \u00e9t\u00e9 interpell\u00e9s \u00e0 la <strong>gare de Nancy<\/strong>, lundi 25 ao\u00fbt 2025, aux alentours de 10h15.\u00a0<\/p>\n<p class=\" wall-content\">Soup\u00e7onn\u00e9s de <strong>tentative d\u2019extorsion avec arme<\/strong>, ils ont \u00e9t\u00e9 d\u00e9f\u00e9r\u00e9s ce mardi dans le cadre d\u2019une comparution pr\u00e9alable en vue d\u2019une comparution imm\u00e9diate pr\u00e9vue mercredi.<\/p>\n<p>Le boulanger ne se laisse pas faire et se bat avec l\u2019individu<\/p>\n<p class=\" wall-content\">Les faits se sont d\u00e9roul\u00e9s \u00e0 9h30 <strong>rue Charles Sadoul<\/strong>. Alors que l\u2019un des deux hommes surveillait le p\u00e9rim\u00e8tre, le second est entr\u00e9 dans une <strong>boulangerie<\/strong> et s\u2019est gliss\u00e9 derri\u00e8re le comptoir. \u00ab\u00a0Il a fait signe au boulanger de lui donner la caisse. Ce dernier ne s\u2019est pas laiss\u00e9 faire et <strong>a tent\u00e9 de saisir l\u2019individu<\/strong>. Ils ont fini par <strong>se battre<\/strong>\u00ab\u00a0, relate une source polici\u00e8re.<\/p>\n<p class=\" wall-content\">Intrigu\u00e9s par le bruit, <strong>deux voisins ont fini par sortir de chez eux<\/strong> et ont poursuivi les deux individus qui prenaient la fuite tout en <strong>contactant les forces de l\u2019ordre<\/strong>.<\/p>\n<p>Les deux hommes sont connus des services de police<\/p>\n<p class=\" wall-content\">Quarante-cinq minutes plus tard, des policiers ont proc\u00e9d\u00e9 \u00e0 l\u2019<strong>interpellation<\/strong> des deux suspects qui \u00e9taient <strong>alcoolis\u00e9s<\/strong> et <strong>connus des services de police<\/strong>.<\/p>\n<p class=\" wall-content\">Si l\u2019un des deux a reconnu les faits, l\u2019autre a ni\u00e9. S\u2019agissant du boulanger, il a re\u00e7u <strong>un jour d\u2019ITT<\/strong>.<\/p>\n<p class=\" wall-content\">Personnalisez votre actualit\u00e9 en ajoutant vos villes et m\u00e9dias en favori avec <a href=\"https:\/\/moncompte.actu.fr\" title=\"D\u00e9couvez Mon Actu\" rel=\"nofollow noopener\" data-trk=\"{&quot;cta&quot;:{&quot;action&quot;:&quot;https:\\\/\\\/moncompte.actu.fr&quot;,&quot;category&quot;:&quot;mon compte&quot;,&quot;from&quot;:&quot;article footer&quot;,&quot;name&quot;:&quot;Mon actu&quot;,&quot;type&quot;:&quot;cta&quot;}}\" target=\"_blank\">Mon Actu<\/a>.<\/p>\n","protected":false},"excerpt":{"rendered":"Par Amandine Mehl Publi\u00e9 le 26 ao\u00fbt 2025 \u00e0 18h04 Deux hommes \u00e2g\u00e9s de 31 et 21 ans&hellip;\n","protected":false},"author":2,"featured_media":345539,"comment_status":"","ping_status":"","sticky":false,"template":"","format":"standard","meta":{"footnotes":""},"categories":[9635],"tags":[1111,11,1777,674,118,1011,27,775,1702,12,1072,25],"class_list":{"0":"post-345538","1":"post","2":"type-post","3":"status-publish","4":"format-standard","5":"has-post-thumbnail","7":"category-nancy","8":"tag-actu","9":"tag-actualites","10":"tag-eu","11":"tag-europe","12":"tag-faits-divers","13":"tag-fr","14":"tag-france","15":"tag-grand-est","16":"tag-nancy","17":"tag-news","18":"tag-police","19":"tag-republique-francaise"},"share_on_mastodon":{"url":"https:\/\/pubeurope.com\/@fr\/115095943504052209","error":""},"_links":{"self":[{"href":"https:\/\/www.europesays.com\/fr\/wp-json\/wp\/v2\/posts\/345538","targetHints":{"allow":["GET"]}}],"collection":[{"href":"https:\/\/www.europesays.com\/fr\/wp-json\/wp\/v2\/posts"}],"about":[{"href":"https:\/\/www.europesays.com\/fr\/wp-json\/wp\/v2\/types\/post"}],"author":[{"embeddable":true,"href":"https:\/\/www.europesays.com\/fr\/wp-json\/wp\/v2\/users\/2"}],"replies":[{"embeddable":true,"href":"https:\/\/www.europesays.com\/fr\/wp-json\/wp\/v2\/comments?post=345538"}],"version-history":[{"count":0,"href":"https:\/\/www.europesays.com\/fr\/wp-json\/wp\/v2\/posts\/345538\/revisions"}],"wp:featuredmedia":[{"embeddable":true,"href":"https:\/\/www.europesays.com\/fr\/wp-json\/wp\/v2\/media\/345539"}],"wp:attachment":[{"href":"https:\/\/www.europesays.com\/fr\/wp-json\/wp\/v2\/media?parent=345538"}],"wp:term":[{"taxonomy":"category","embeddable":true,"href":"https:\/\/www.europesays.com\/fr\/wp-json\/wp\/v2\/categories?post=345538"},{"taxonomy":"post_tag","embeddable":true,"href":"https:\/\/www.europesays.com\/fr\/wp-json\/wp\/v2\/tags?post=345538"}],"curies":[{"name":"wp","href":"https:\/\/api.w.org\/{rel}","templated":true}]}}