{"id":345540,"date":"2025-08-26T16:11:18","date_gmt":"2025-08-26T16:11:18","guid":{"rendered":"https:\/\/www.europesays.com\/fr\/345540\/"},"modified":"2025-08-26T16:11:18","modified_gmt":"2025-08-26T16:11:18","slug":"une-47e-edition-pour-mieux-comprendre-le-monde-tel-quil-est","status":"publish","type":"post","link":"https:\/\/www.europesays.com\/fr\/345540\/","title":{"rendered":"une 47e \u00e9dition pour mieux comprendre le monde tel qu\u2019il est"},"content":{"rendered":"<p>R\u00e9sister par les mots, \u00e0 l\u2019oubli et \u00e0 la tyrannie. Les ressorts du Livre sur la Place,\u00a0\u00a047e \u00e9dition, sont tendus. La pendule est remont\u00e9e, le compte \u00e0 rebours a d\u00e9marr\u00e9\u00a0: dans moins de vingt jours, le premier salon de la rentr\u00e9e litt\u00e9raire fran\u00e7aise ouvrira ses portes sur un monde d\u00e9sesp\u00e9r\u00e9 et hagard, t\u00e9tanis\u00e9 par ses guerres qui n\u2019en finissent pas et nous laissent tellement sans voix.<\/p>\n<p>\u00ab\u00a0Le Livre sur la Place n\u2019est pas seulement un \u00e9v\u00e8nement de loisirs, c\u2019est d\u2019abord un lieu de rencontres, un pas de c\u00f4t\u00e9, pour envisager ensemble, une soci\u00e9t\u00e9 humaniste, \u00e9clair\u00e9e et d\u00e9mocratique\u00a0\u00bb a d\u00e9clar\u00e9 ce mardi Mathieu Klein maire de Nancy, avant d\u2019ouvrir les portes de la cit\u00e9 \u00e0\u00a0tous ceux qui \u00e9crivent et qui sont emp\u00each\u00e9s, emprisonn\u00e9s, oppress\u00e9s.<\/p>\n<p>  Rendez-vous unique en France<\/p>\n<p>Pour Bertrand Masson, adjoint \u00e0 la culture, le Livre sur la Place est un rendez-vous qui a r\u00e9sist\u00e9 au temps, qui tient bon \u00ab\u00a0alors que la cha\u00eene du livre souffre. Sur le monde de la culture p\u00e8sent beaucoup d\u2019incertitudes. Nombre d\u2019acteurs culturels sont victimes de choix politiques ou budg\u00e9taires, ce paysage p\u00e8se sur les artistes, les \u00e9crivains, les \u00e9diteurs, les libraires\u00a0\u00bb.<\/p>\n<p>Au nom \u00ab\u00a0de Lire \u00e0 Nancy\u00a0\u00bb, Astrid Canada a rappel\u00e9 l\u2019attachement des libraires et auteurs au Livre sur la Place\u00a0: \u00ab\u00a0C\u2019est un moment merveilleux de rencontres sur des sites tr\u00e8s divers, qui nous ouvrent leurs portes, \u00e0 nous libraires pour pr\u00e9senter nos auteurs et leur permettre de d\u00e9dicacer leurs ouvrages\u00a0\u00bb.<\/p>\n<p>  Gallienne, Le Cl\u00e9zio\u2026<\/p>\n<p>L\u2019affiche 2025 mont\u00e9e par Sarah Polacci, commissaire g\u00e9n\u00e9rale est plut\u00f4t grandiose, avec Guillaume Gallienne en pr\u00e9sident \u00e9rudit et grand lecteur qui a sign\u00e9 une pr\u00e9face lumineuse du programme. Il sera pr\u00e9sent pour couper le ruban du chapiteau de la place de la Carri\u00e8re\u00a0: \u00ab\u00a0Le Livre sur la Place, c\u2019est un th\u00e9\u00e2tre rempli de conteurs, de passeurs d\u2019histoires, d\u2019\u00e9poques et de styles. C\u2019est une sc\u00e8ne o\u00f9 foisonnent les mots et la po\u00e9sie. Entrez, ici on est libre de lire\u00a0!\u00a0\u00bb.<\/p>\n<p>N\u00e9 sous le parrainage ind\u00e9fectible de l\u2019Acad\u00e9mie Goncourt, que pr\u00e9side le Lorrain\u00a0<a href=\"https:\/\/www.estrepublicain.fr\/culture-loisirs\/2025\/05\/21\/philippe-claudel-la-tete-des-maitres-du-monde-mise-a-prix\" target=\"_blank\" rel=\"nofollow noopener\">Philippe Claudel<\/a>, le Livre sur la Place accueillera de nombreux auteurs majeurs. Kamel Daoud Goncourt 2024 pr\u00e9sidera le prix Stanislas, tandis qu\u2019Anne Sinclair sera aux commandes du prix Livre et droits humains. On \u00e9coutera, durant de belles rencontres, Le\u00efla Slimani, Christine Angot, Nicolas Demorand, Thomas VDB, Laurent Gaud\u00e9, Florence Loiret-Caille, le sociologue G\u00e9rald Bronner, Adrien Genoudet, Serena Giuliano ou Emmanuel Carr\u00e8re. Seront \u00e9galement du salon, Antoine de Caunes et Isabelle Autissier, au c\u0153ur deux rencontres anim\u00e9es par L\u2019Est R\u00e9publicain. Sorj Chalandon, David Foenkinos, Philippe Claudel, Jacques Gamblin ou\u00a0<a href=\"https:\/\/www.estrepublicain.fr\/culture-loisirs\/2025\/08\/26\/avec-tressaillir-son-nouveau-roman-maria-pourchet-explore-le-vertige-de-revenir-la-ou-l-on-ne-voulait-plus-poser-le-pied\" target=\"_blank\" rel=\"nofollow noopener\">Maria Pourchet<\/a>\u00a0seront \u00e9galement du voyage \u00e0 Nancy.<\/p>\n<p>Star des lettres fran\u00e7aises, traduit dans des dizaines de pays, prix Nobel de litt\u00e9rature, Jean-Marie-Gustave Le Cl\u00e9zio lira quelques-uns de ses\u00a0textes fondateurs avec ses amis musiciens venus d\u2019Alsace, Liselotte Hamm et Jean-Marie Hummel. Une rencontre litt\u00e9raire et musicale pr\u00e9cieuse, \u00e0 la hauteur de la raret\u00e9 de l\u2019auteur dans les salons.<\/p>\n","protected":false},"excerpt":{"rendered":"R\u00e9sister par les mots, \u00e0 l\u2019oubli et \u00e0 la tyrannie. Les ressorts du Livre sur la Place,\u00a0\u00a047e \u00e9dition,&hellip;\n","protected":false},"author":2,"featured_media":345541,"comment_status":"","ping_status":"","sticky":false,"template":"","format":"standard","meta":{"footnotes":""},"categories":[9635],"tags":[1111,11,1687,1704,1777,674,107,1011,27,775,22382,2410,1702,1703,12,3456,25],"class_list":{"0":"post-345540","1":"post","2":"type-post","3":"status-publish","4":"format-standard","5":"has-post-thumbnail","7":"category-nancy","8":"tag-actu","9":"tag-actualites","10":"tag-culture-loisirs","11":"tag-edition-nancy-et-agglomeration","12":"tag-eu","13":"tag-europe","14":"tag-fil-info","15":"tag-fr","16":"tag-france","17":"tag-grand-est","18":"tag-le-livre-sur-la-place","19":"tag-livres-bd","20":"tag-nancy","21":"tag-nancy-ville-54b","22":"tag-news","23":"tag-region-lorraine","24":"tag-republique-francaise"},"share_on_mastodon":{"url":"https:\/\/pubeurope.com\/@fr\/115095947363111069","error":""},"_links":{"self":[{"href":"https:\/\/www.europesays.com\/fr\/wp-json\/wp\/v2\/posts\/345540","targetHints":{"allow":["GET"]}}],"collection":[{"href":"https:\/\/www.europesays.com\/fr\/wp-json\/wp\/v2\/posts"}],"about":[{"href":"https:\/\/www.europesays.com\/fr\/wp-json\/wp\/v2\/types\/post"}],"author":[{"embeddable":true,"href":"https:\/\/www.europesays.com\/fr\/wp-json\/wp\/v2\/users\/2"}],"replies":[{"embeddable":true,"href":"https:\/\/www.europesays.com\/fr\/wp-json\/wp\/v2\/comments?post=345540"}],"version-history":[{"count":0,"href":"https:\/\/www.europesays.com\/fr\/wp-json\/wp\/v2\/posts\/345540\/revisions"}],"wp:featuredmedia":[{"embeddable":true,"href":"https:\/\/www.europesays.com\/fr\/wp-json\/wp\/v2\/media\/345541"}],"wp:attachment":[{"href":"https:\/\/www.europesays.com\/fr\/wp-json\/wp\/v2\/media?parent=345540"}],"wp:term":[{"taxonomy":"category","embeddable":true,"href":"https:\/\/www.europesays.com\/fr\/wp-json\/wp\/v2\/categories?post=345540"},{"taxonomy":"post_tag","embeddable":true,"href":"https:\/\/www.europesays.com\/fr\/wp-json\/wp\/v2\/tags?post=345540"}],"curies":[{"name":"wp","href":"https:\/\/api.w.org\/{rel}","templated":true}]}}