{"id":345546,"date":"2025-08-26T16:14:13","date_gmt":"2025-08-26T16:14:13","guid":{"rendered":"https:\/\/www.europesays.com\/fr\/345546\/"},"modified":"2025-08-26T16:14:13","modified_gmt":"2025-08-26T16:14:13","slug":"ces-murs-ont-retenu-des-cris-que-le-temps-na-pas-effaces-montpellier-se-recueille-81-ans-apres-sa-liberation","status":"publish","type":"post","link":"https:\/\/www.europesays.com\/fr\/345546\/","title":{"rendered":"\u00ab\u00a0Ces murs ont retenu des cris que le temps n\u2019a pas effac\u00e9s\u00a0\u00bb\u00a0: Montpellier se recueille 81 ans apr\u00e8s sa lib\u00e9ration"},"content":{"rendered":"<p>\n                                                                Montpellier a comm\u00e9mor\u00e9 ce mardi 26\u00a0ao\u00fbt le 81e anniversaire de sa lib\u00e9ration, survenue en ao\u00fbt\u00a01944. Trois c\u00e9r\u00e9monies se sont succ\u00e9d\u00e9 en m\u00e9moire des r\u00e9sistants, des victimes de la Gestapo et des crimes de la Milice. Le maire Micha\u00ebl Delafosse a annonc\u00e9 plusieurs hommages durables, dont une st\u00e8le d\u00e9di\u00e9e aux d\u00e9port\u00e9s juifs et 130 pav\u00e9s en l\u2019honneur des r\u00e9sistants montpelli\u00e9rains.\n                            <\/p>\n<p>La ville de Montpellier a comm\u00e9mor\u00e9 sa lib\u00e9ration, il y a 81 ans, en ao\u00fbt\u00a01944. En ce mardi 26\u00a0ao\u00fbt, il \u00e9tait question d\u2019h\u00e9ritage et de m\u00e9moire avec une c\u00e9r\u00e9monie en trois temps. Au croisement de l\u2019avenue de Lod\u00e8ve et du boulevard Benjamin Milhaud, les combattants de la R\u00e9sistance \u00e9taient mis en avant. Ce monument rend hommage aux premiers membres des FFI (Forces fran\u00e7aises de l\u2019int\u00e9rieur) et FTP (Francs-tireurs et partisans) de la r\u00e9gion, arriv\u00e9s par cette route.<\/p>\n<p>        <img decoding=\"async\" class=\"std-img__img responsive-img\" src=\"https:\/\/www.europesays.com\/fr\/wp-content\/uploads\/2025\/08\/1756224852_752_image.jpg\" alt=\"La c\u00e9r\u00e9monie a d\u00e9but\u00e9 avenue de Lod\u00e8ve.\"\/><\/p>\n<p>                La c\u00e9r\u00e9monie a d\u00e9but\u00e9 avenue de Lod\u00e8ve.<br \/>\n                                    Midi Libre &#8211; TOM SERRANO<\/p>\n<p>C\u2019\u00e9tait ensuite au tour de l\u2019hommage aux victimes de la Gestapo devant la Villa des Rosiers aux Beaux-Arts. \u00c0 quelques pas de la villa, la procession se terminait dans la cit\u00e9 scolaire Fran\u00e7oise-Combes, lieu de l\u2019ancienne caserne Lauwe. C\u2019est ici que s\u2019installa la Milice, l\u2019organisation politique et paramilitaire du r\u00e9gime de Vichy, de juin \u00e0 ao\u00fbt\u00a01944. Dans ces murs furent emprisonn\u00e9s et tortur\u00e9s des r\u00e9sistants.<\/p>\n<p>        <img decoding=\"async\" class=\"std-img__img responsive-img\" src=\"https:\/\/www.europesays.com\/fr\/wp-content\/uploads\/2025\/08\/1756224853_100_image.jpg\" alt=\"La Villa des Rosiers, ancien rep\u00e8re de la Gestapo.\"\/><\/p>\n<p>                La Villa des Rosiers, ancien rep\u00e8re de la Gestapo.<br \/>\n                                    Midi Libre &#8211; TOM SERRANO<\/p>\n<p>\u00ab\u00a0Combien sont morts sous la torture ici\u00a0? Nul ne le sait. Selon les sources, on \u00e9value le nombre de personnes entre 94 et 253. L\u2019\u00e9ventail est tr\u00e8s large\u00a0\u00bb, d\u00e9taillait William Garrivier, le pr\u00e9sident d\u00e9partemental de l\u2019Union nationale des associations de d\u00e9port\u00e9s, intern\u00e9s et familles de disparus (UNADIF). Il explique que la Milice avait pris le temps de br\u00fbler les documents avant de partir. Reste une plaque avec cinq noms\u00a0: Enrique Pinol, Elise Pinol, Germaine Bousquet, Jean Guizonnier et Raoul Batany. Tous assassin\u00e9s par la Milice en 1944.<\/p>\n<p>\u00ab\u00a0Des rep\u00e8res pas pesants mais \u00e9clairants\u00a0\u00bb<\/p>\n<p>\u00c0 l\u2019occasion de cette comm\u00e9moration, le maire Micha\u00ebl Delafosse en a profit\u00e9 pour la plantation d\u2019un arbre dans le parc d\u2019Arm\u00e9nie en hommage \u00e0 Ilan Halimi, premi\u00e8re victime de l\u2019antis\u00e9mitisme au XXIe\u00a0si\u00e8cle. Une st\u00e8le sera \u00e9galement \u00e9rig\u00e9e sur l\u2019esplanade Charles-de-Gaulle. Sur celle-ci figureront les noms des Montpelli\u00e9rains de confession juive victimes de la d\u00e9portation. Autre honneur, 130 pav\u00e9s seront install\u00e9s avec les noms des r\u00e9sistants montpelli\u00e9rains sur la nouvelle version de la place des Martyrs-de-la-R\u00e9sistance.<\/p>\n<p>Pour l\u2019\u00e9dile, la m\u00e9moire doit rester omnipr\u00e9sente. \u00ab\u00a0Un nom de rue, un lieu \u00e0 visiter, une biblioth\u00e8que, un centre de documentation font en sorte que nos soci\u00e9t\u00e9s continuent \u00e0 se d\u00e9velopper et \u00e0 progresser en ayant des rep\u00e8res qui ne sont pas pesants mais \u00e9clairants. En m\u00e9moire de ceux qui p\u00e9rirent sous le supplice de l\u2019infamie de la Milice.\u00a0\u00bb<\/p>\n<p>Le maire a termin\u00e9 en saluant chaleureusement la pr\u00e9sence de la ministre d\u00e9l\u00e9gu\u00e9e charg\u00e9e de la M\u00e9moire et des Anciens Combattants, Patricia Mirall\u00e8s, et son \u00ab\u00a0lien charnel avec la ville.\u00a0\u00bb La ministre a rappel\u00e9 les horreurs du lieu\u00a0: \u00ab\u00a0Avant les cloches et les chants, avant l\u2019ivresse de la foule place de la Com\u00e9die, il y eut la souffrance, la peur, l\u2019humiliation. Ces murs que nous voyons aujourd\u2019hui sont ceux de la Milice et de la Gestapo. Ces murs ont retenu des cris que le temps n\u2019a pas effac\u00e9s.\u00a0\u00bb<\/p>\n","protected":false},"excerpt":{"rendered":"Montpellier a comm\u00e9mor\u00e9 ce mardi 26\u00a0ao\u00fbt le 81e anniversaire de sa lib\u00e9ration, survenue en ao\u00fbt\u00a01944. Trois c\u00e9r\u00e9monies se&hellip;\n","protected":false},"author":2,"featured_media":345547,"comment_status":"","ping_status":"","sticky":false,"template":"","format":"standard","meta":{"footnotes":""},"categories":[9599],"tags":[1111,11,1777,674,1011,27,2208,12,2680,25],"class_list":{"0":"post-345546","1":"post","2":"type-post","3":"status-publish","4":"format-standard","5":"has-post-thumbnail","7":"category-montpellier","8":"tag-actu","9":"tag-actualites","10":"tag-eu","11":"tag-europe","12":"tag-fr","13":"tag-france","14":"tag-montpellier","15":"tag-news","16":"tag-occitanie","17":"tag-republique-francaise"},"share_on_mastodon":{"url":"https:\/\/pubeurope.com\/@fr\/115095959743078299","error":""},"_links":{"self":[{"href":"https:\/\/www.europesays.com\/fr\/wp-json\/wp\/v2\/posts\/345546","targetHints":{"allow":["GET"]}}],"collection":[{"href":"https:\/\/www.europesays.com\/fr\/wp-json\/wp\/v2\/posts"}],"about":[{"href":"https:\/\/www.europesays.com\/fr\/wp-json\/wp\/v2\/types\/post"}],"author":[{"embeddable":true,"href":"https:\/\/www.europesays.com\/fr\/wp-json\/wp\/v2\/users\/2"}],"replies":[{"embeddable":true,"href":"https:\/\/www.europesays.com\/fr\/wp-json\/wp\/v2\/comments?post=345546"}],"version-history":[{"count":0,"href":"https:\/\/www.europesays.com\/fr\/wp-json\/wp\/v2\/posts\/345546\/revisions"}],"wp:featuredmedia":[{"embeddable":true,"href":"https:\/\/www.europesays.com\/fr\/wp-json\/wp\/v2\/media\/345547"}],"wp:attachment":[{"href":"https:\/\/www.europesays.com\/fr\/wp-json\/wp\/v2\/media?parent=345546"}],"wp:term":[{"taxonomy":"category","embeddable":true,"href":"https:\/\/www.europesays.com\/fr\/wp-json\/wp\/v2\/categories?post=345546"},{"taxonomy":"post_tag","embeddable":true,"href":"https:\/\/www.europesays.com\/fr\/wp-json\/wp\/v2\/tags?post=345546"}],"curies":[{"name":"wp","href":"https:\/\/api.w.org\/{rel}","templated":true}]}}