{"id":345551,"date":"2025-08-26T16:17:10","date_gmt":"2025-08-26T16:17:10","guid":{"rendered":"https:\/\/www.europesays.com\/fr\/345551\/"},"modified":"2025-08-26T16:17:10","modified_gmt":"2025-08-26T16:17:10","slug":"zumba-bapteme-de-voile-cours-de-cuisine-ces-activites-gratuites-sur-la-solitaire-du-figaro-a-rouen","status":"publish","type":"post","link":"https:\/\/www.europesays.com\/fr\/345551\/","title":{"rendered":"Zumba, bapt\u00eame de voile, cours de cuisine&#8230; Ces activit\u00e9s gratuites sur la Solitaire du Figaro \u00e0 Rouen"},"content":{"rendered":"<p>            Par<br \/>\n        <strong><br \/>\n            <a href=\"https:\/\/actu.fr\/auteur\/julien-bouteiller\" title=\"Consulter tous les articles de Julien Bouteiller\" rel=\"nofollow noopener\" target=\"_blank\">Julien Bouteiller<\/a><br \/>\n        <\/strong><\/p>\n<p>        Publi\u00e9 le<\/p>\n<p>            26 ao\u00fbt 2025 \u00e0 18h12        <\/p>\n<p>Pour la deuxi\u00e8me ann\u00e9e cons\u00e9cutive, Rouen est <a href=\"https:\/\/actu.fr\/normandie\/rouen_76540\/une-grande-premiere-le-depart-de-la-solitaire-du-figaro-se-fera-de-rouen_60731551.html\" rel=\"nofollow noopener\" target=\"_blank\">ville d\u00e9part de la Solitaire du Figaro Paprec<\/a>. L\u2019occasion d\u2019animer les quais avec de<strong> nombreuses activit\u00e9s, toutes gratuites<\/strong>. Voici une s\u00e9lection.<\/p>\n<p>Pour les amateurs de navigation<\/p>\n<p class=\" wall-content\">Bien \u00e9videmment, la voile sera \u00e0 l\u2019honneur du 30 ao\u00fbt au 5 septembre 2025. Chaque jour, des <strong>bapt\u00eames de voile<\/strong> en go\u00e9lette seront propos\u00e9s. Vous pourrez aussi tester un <strong>simulateur de l\u2019Imoca Paprec Ark\u00e9a<\/strong>. Les dimanche 31 ao\u00fbt, mardi 2, mercredi 3 et jeudi 4 septembre, vous pourrez aussi <strong>visiter le Figaro 3.<\/strong><\/p>\n<p>Pour faire la f\u00eate\u00a0<\/p>\n<p class=\" wall-content\">Il sera question de faire la f\u00eate autour de la Solitaire. Samedi 30 ao\u00fbt, sur le village, <strong>un set sera anim\u00e9 par un DJ<\/strong> de 18h30 \u00e0 21h suivi d\u2019un <strong>bal salsa<\/strong>. De 19h30 \u00e0 20h30, une fanfare d\u00e9ambulera sur les quais. Le dimanche, rendez-vous \u00e0 l\u2019Agora d\u00e8s 15h30 pour <strong>une zumba g\u00e9ante.<\/strong> Tout au long de l\u2019apr\u00e8s-midi, des groupes musicaux d\u00e9ambuleront et animeront les quais rive droite.<\/p>\n<p class=\" wall-content\">Par ailleurs, tout au long de l\u2019\u00e9v\u00e9nement, des animations autour de la pr\u00e9servation de l\u2019eau et du tri des d\u00e9chets seront organis\u00e9es au Pavillon des Transitions. Il y aura aussi plusieurs occasions de rencontrer les skippeurs.\u00a0<\/p>\n<p>Suivez l\u2019actualit\u00e9 de Rouen <a href=\"https:\/\/www.whatsapp.com\/channel\/0029VaKfnf99hXF2ddApFB1D\" rel=\"nofollow noopener\" target=\"_blank\">sur notre cha\u00eene WhatsApp<\/a> et <a href=\"https:\/\/www.tiktok.com\/@76actu.fr?lang=fr\" rel=\"nofollow noopener\" target=\"_blank\">sur notre compte TikTok<\/a><\/p>\n<p class=\" wall-content\">Personnalisez votre actualit\u00e9 en ajoutant vos villes et m\u00e9dias en favori avec <a href=\"https:\/\/moncompte.actu.fr\" title=\"D\u00e9couvez Mon Actu\" rel=\"nofollow noopener\" data-trk=\"{&quot;cta&quot;:{&quot;action&quot;:&quot;https:\\\/\\\/moncompte.actu.fr&quot;,&quot;category&quot;:&quot;mon compte&quot;,&quot;from&quot;:&quot;article footer&quot;,&quot;name&quot;:&quot;Mon actu&quot;,&quot;type&quot;:&quot;cta&quot;}}\" target=\"_blank\">Mon Actu<\/a>.<\/p>\n<p>                    <script async src=\"\/\/www.tiktok.com\/embed.js\"><\/script><\/p>\n","protected":false},"excerpt":{"rendered":"Par Julien Bouteiller Publi\u00e9 le 26 ao\u00fbt 2025 \u00e0 18h12 Pour la deuxi\u00e8me ann\u00e9e cons\u00e9cutive, Rouen est ville&hellip;\n","protected":false},"author":2,"featured_media":345552,"comment_status":"","ping_status":"","sticky":false,"template":"","format":"standard","meta":{"footnotes":""},"categories":[9587],"tags":[1111,11,9086,1777,674,1011,27,1652,12,5161,25,9590,48169],"class_list":{"0":"post-345551","1":"post","2":"type-post","3":"status-publish","4":"format-standard","5":"has-post-thumbnail","7":"category-rouen","8":"tag-actu","9":"tag-actualites","10":"tag-bon-plan-a-rouen","11":"tag-eu","12":"tag-europe","13":"tag-fr","14":"tag-france","15":"tag-loisirs-culture","16":"tag-news","17":"tag-normandie","18":"tag-republique-francaise","19":"tag-rouen","20":"tag-solitaire-du-figaro"},"share_on_mastodon":{"url":"https:\/\/pubeurope.com\/@fr\/115095971012164576","error":""},"_links":{"self":[{"href":"https:\/\/www.europesays.com\/fr\/wp-json\/wp\/v2\/posts\/345551","targetHints":{"allow":["GET"]}}],"collection":[{"href":"https:\/\/www.europesays.com\/fr\/wp-json\/wp\/v2\/posts"}],"about":[{"href":"https:\/\/www.europesays.com\/fr\/wp-json\/wp\/v2\/types\/post"}],"author":[{"embeddable":true,"href":"https:\/\/www.europesays.com\/fr\/wp-json\/wp\/v2\/users\/2"}],"replies":[{"embeddable":true,"href":"https:\/\/www.europesays.com\/fr\/wp-json\/wp\/v2\/comments?post=345551"}],"version-history":[{"count":0,"href":"https:\/\/www.europesays.com\/fr\/wp-json\/wp\/v2\/posts\/345551\/revisions"}],"wp:featuredmedia":[{"embeddable":true,"href":"https:\/\/www.europesays.com\/fr\/wp-json\/wp\/v2\/media\/345552"}],"wp:attachment":[{"href":"https:\/\/www.europesays.com\/fr\/wp-json\/wp\/v2\/media?parent=345551"}],"wp:term":[{"taxonomy":"category","embeddable":true,"href":"https:\/\/www.europesays.com\/fr\/wp-json\/wp\/v2\/categories?post=345551"},{"taxonomy":"post_tag","embeddable":true,"href":"https:\/\/www.europesays.com\/fr\/wp-json\/wp\/v2\/tags?post=345551"}],"curies":[{"name":"wp","href":"https:\/\/api.w.org\/{rel}","templated":true}]}}