{"id":345553,"date":"2025-08-26T16:18:09","date_gmt":"2025-08-26T16:18:09","guid":{"rendered":"https:\/\/www.europesays.com\/fr\/345553\/"},"modified":"2025-08-26T16:18:09","modified_gmt":"2025-08-26T16:18:09","slug":"grenoble-ce-centre-commercial-propose-un-evenement-harry-potter-pendant-5-jours","status":"publish","type":"post","link":"https:\/\/www.europesays.com\/fr\/345553\/","title":{"rendered":"Grenoble. Ce centre commercial propose un \u00e9v\u00e9nement Harry Potter pendant 5 jours"},"content":{"rendered":"<p>            Par<br \/>\n        <strong><br \/>\n            <a href=\"https:\/\/actu.fr\/auteur\/emma-ressegaire\" title=\"Consulter tous les articles de Emma Ressegaire\" target=\"_blank\" rel=\"noopener\">Emma Ressegaire<\/a><br \/>\n        <\/strong><\/p>\n<p>        Publi\u00e9 le<\/p>\n<p>            26 ao\u00fbt 2025 \u00e0 18h04        <\/p>\n<p>\u00c0 l\u2019heure o\u00f9 les fans attendent impatiemment de visionner la nouvelle s\u00e9rie Harry Potter de HBO, qui est en cours de tournage, le centre commercial de <a href=\"https:\/\/actu.fr\/grenoble\/\" target=\"_blank\" rel=\"noopener\">Grenoble<\/a>, Grand\u2019Place, propose \u00e0 ses visiteurs de <strong>replonger dans l\u2019univers du sorcier le plus c\u00e9l\u00e8bre du monde<\/strong>.\u00a0<\/p>\n<p>Quatre d\u00e9cors embl\u00e9matiques de l\u2019\u00e9cole des sorciers<\/p>\n<p class=\" wall-content\">Depuis ce matin, et jusqu\u2019au samedi 30 ao\u00fbt, les Grenoblois ont l\u2019opportunit\u00e9 de partager, entre amis ou en famille, un moment dans <strong>quatre d\u00e9cors embl\u00e9matiques de l\u2019\u00e9cole des sorciers<\/strong> et ses environs :<\/p>\n<p class=\" wall-content\">\u2013 Le<strong> Poudlard Express<\/strong> : une r\u00e9plique inspir\u00e9e de la locomotive rouge embl\u00e9matique accueille les visiteurs sous le pont de la gare de Pr\u00e9-au-lard. Les fans pourront capturer ce moment devant le train ou d\u00e9couvrir <strong>le chariot \u00e0 bagages traversant le mur du quai 9 \u00be<\/strong>, recr\u00e9ant ainsi la sc\u00e8ne iconique de la gare de King\u2019s Cross.<\/p>\n<p class=\" wall-content\">\u2013 La <strong>Grande Salle<\/strong> : un d\u00e9cor \u00e9voquant la c\u00e9l\u00e8bre Grande Salle de Poudlard avec ses vitraux et banni\u00e8res embl\u00e9matiques. Pour rappel, c\u2019est dans cette pi\u00e8ce que se d\u00e9roule chaque ann\u00e9e la fameuse C\u00e9r\u00e9monie de la R\u00e9partition. Chaque visiteur s\u2019assoit devant une r\u00e9plique du Choixpeau qui sonde l\u2019\u00e2me des nouveaux \u00e9l\u00e8ves. En r\u00e9pondant \u00e0 une s\u00e9rie de questions, <strong>chacun d\u00e9couvre sa maison d\u2019adoption<\/strong> en fonction de sa personnalit\u00e9. \u00cates-vous plut\u00f4t un Gryffondor, Serpentard, Serdaigle ou Poufsouffle ?<\/p>\n<p>Relever un d\u00e9fi digne du Professeur Rogue<\/p>\n<p class=\" wall-content\">\u2013 Le <strong>photocall de Quidditch<\/strong> : un espace inspir\u00e9 des matchs l\u00e9gendaires de Poudlard. Ce d\u00e9cor permet de s\u2019imaginer en v\u00e9ritables joueurs pour prendre une photo m\u00e9morable. Chacun peut <strong>enfourcher un balai<\/strong> et se prendre pour un champion de Quidditch.<\/p>\n<p class=\" wall-content\">\u2013 La <strong>Salle de Potion<\/strong> : sous les arches saillantes du donjon, les visiteurs se rassemblent autour d\u2019un imposant chaudron, pr\u00eats \u00e0 relever un d\u00e9fi digne du redoutable Professeur Rogue. Les apprentis sorciers devront <strong>faire preuve d\u2019ing\u00e9niosit\u00e9 et de pr\u00e9cision<\/strong> pour concocter la potion parfaite et r\u00e9soudre une \u00e9nigme.<\/p>\n<p class=\" wall-content\"><a href=\"https:\/\/www.instagram.com\/p\/DN0epOT0JYw\/embed\" title=\"Ouvrir le lien sur Instagram\" target=\"_blank\" rel=\"noopener\">Visualiser le contenu sur Instagram<\/a><\/p>\n<p class=\" wall-content\">De plus, gr\u00e2ce \u00e0 un QR code situ\u00e9 \u00e0 proximit\u00e9 des animations, les fans pourront \u00e9galement tenter de<strong> remporter des cadeaux<\/strong> : des figurines Funko POP!, des robes de Quidditch, des baguettes magiques de Spin Master ainsi que des objets de collection et des r\u00e9pliques d\u2019accessoires de Cinereplicas.<\/p>\n<p class=\" wall-content\">Personnalisez votre actualit\u00e9 en ajoutant vos villes et m\u00e9dias en favori avec <a href=\"https:\/\/moncompte.actu.fr\" title=\"D\u00e9couvez Mon Actu\" rel=\"nofollow noopener\" data-trk=\"{&quot;cta&quot;:{&quot;action&quot;:&quot;https:\\\/\\\/moncompte.actu.fr&quot;,&quot;category&quot;:&quot;mon compte&quot;,&quot;from&quot;:&quot;article footer&quot;,&quot;name&quot;:&quot;Mon actu&quot;,&quot;type&quot;:&quot;cta&quot;}}\" target=\"_blank\">Mon Actu<\/a>.<\/p>\n<p>                    <script async src=\"\/\/www.instagram.com\/embed.js\"><\/script><\/p>\n","protected":false},"excerpt":{"rendered":"Par Emma Ressegaire Publi\u00e9 le 26 ao\u00fbt 2025 \u00e0 18h04 \u00c0 l\u2019heure o\u00f9 les fans attendent impatiemment de&hellip;\n","protected":false},"author":2,"featured_media":345554,"comment_status":"","ping_status":"","sticky":false,"template":"","format":"standard","meta":{"footnotes":""},"categories":[9566],"tags":[1111,11,2430,650,1777,674,1011,27,2731,1652,12,25],"class_list":{"0":"post-345553","1":"post","2":"type-post","3":"status-publish","4":"format-standard","5":"has-post-thumbnail","7":"category-grenoble","8":"tag-actu","9":"tag-actualites","10":"tag-auvergne-rhone-alpes","11":"tag-cinema","12":"tag-eu","13":"tag-europe","14":"tag-fr","15":"tag-france","16":"tag-grenoble","17":"tag-loisirs-culture","18":"tag-news","19":"tag-republique-francaise"},"share_on_mastodon":{"url":"https:\/\/pubeurope.com\/@fr\/115095975003332340","error":""},"_links":{"self":[{"href":"https:\/\/www.europesays.com\/fr\/wp-json\/wp\/v2\/posts\/345553","targetHints":{"allow":["GET"]}}],"collection":[{"href":"https:\/\/www.europesays.com\/fr\/wp-json\/wp\/v2\/posts"}],"about":[{"href":"https:\/\/www.europesays.com\/fr\/wp-json\/wp\/v2\/types\/post"}],"author":[{"embeddable":true,"href":"https:\/\/www.europesays.com\/fr\/wp-json\/wp\/v2\/users\/2"}],"replies":[{"embeddable":true,"href":"https:\/\/www.europesays.com\/fr\/wp-json\/wp\/v2\/comments?post=345553"}],"version-history":[{"count":0,"href":"https:\/\/www.europesays.com\/fr\/wp-json\/wp\/v2\/posts\/345553\/revisions"}],"wp:featuredmedia":[{"embeddable":true,"href":"https:\/\/www.europesays.com\/fr\/wp-json\/wp\/v2\/media\/345554"}],"wp:attachment":[{"href":"https:\/\/www.europesays.com\/fr\/wp-json\/wp\/v2\/media?parent=345553"}],"wp:term":[{"taxonomy":"category","embeddable":true,"href":"https:\/\/www.europesays.com\/fr\/wp-json\/wp\/v2\/categories?post=345553"},{"taxonomy":"post_tag","embeddable":true,"href":"https:\/\/www.europesays.com\/fr\/wp-json\/wp\/v2\/tags?post=345553"}],"curies":[{"name":"wp","href":"https:\/\/api.w.org\/{rel}","templated":true}]}}