{"id":345557,"date":"2025-08-26T16:20:10","date_gmt":"2025-08-26T16:20:10","guid":{"rendered":"https:\/\/www.europesays.com\/fr\/345557\/"},"modified":"2025-08-26T16:20:10","modified_gmt":"2025-08-26T16:20:10","slug":"vivement-lundi-et-tita-b-decrochent-un-important-soutien-financier-de-leurope","status":"publish","type":"post","link":"https:\/\/www.europesays.com\/fr\/345557\/","title":{"rendered":"Vivement lundi ! et Tita B d\u00e9crochent un important soutien financier de l\u2019Europe"},"content":{"rendered":"<p>  Vivement lundi ! et Tita B, deux soci\u00e9t\u00e9s de production audiovisuelles bretonnes viennent de recevoir un important soutien financier europ\u00e9en. Un r\u00e9sultat d\u2019autant plus remarquable que ce dispositif de l\u2019Union Europ\u00e9enne, extr\u00eamement s\u00e9lectif, n\u2019accompagne chaque ann\u00e9e qu\u2019une poign\u00e9e d\u2019\u00e9lus.<\/p>\n<p>\u00ab C\u2019est une tr\u00e8s bonne surprise ! confie Jean-Fran\u00e7ois Le Corre, CEO de Vivement Lundi !. <strong>Cr\u00e9\u00e9e \u00e0 Rennes en 1998, la soci\u00e9t\u00e9 de production Vivement Lundi ! est reconnue internationalement pour la qualit\u00e9 de ses productions et coproductions qui ont \u00e9t\u00e9 nomm\u00e9es 5 fois aux C\u00e9sar, 4 fois aux Oscars<\/strong>. Elles ont remport\u00e9 plus de 600 distinctions dont 4 European Film Awards. \u00a0\u00bb Cet appel \u00e0 projets europ\u00e9ens est tr\u00e8s s\u00e9lectif et nous n\u2019\u00e9tions pas certains d\u2019\u00eatre parmi les laur\u00e9ats. Europe Cr\u00e9ative a soutenu la production de Suzanne, un biopic en animation consacr\u00e9 \u00e0 la pionni\u00e8re de la chirurgie esth\u00e9tique Suzanne No\u00ebl. C\u2018est un film de 84 minutes au budget de 1,9 M d\u2019euros coproduit par Vivement Lundi !, Anoki \u00e0 Toulouse, ARTE France et des partenaires au Luxembourg, en Belgique et en R\u00e9publique tch\u00e8que. \u00bb <strong>La participation d\u2019Europe Creative dans le financement de cette \u0153uvre s\u2019\u00e9l\u00e8ve \u00e0 168.000 euros.<\/strong><\/p>\n<p>100 000 euros de l\u2019Europe pour Tita B<\/p>\n<p>Pour <strong>Fred Pr\u00e9mel, \u00e0 la t\u00eate de Tita B i<\/strong>mplant\u00e9e dans le Finist\u00e8re, cette reconnaissance europ\u00e9enne \u00ab r<strong>\u00e9compense le travail men\u00e9 depuis 5 ans sur le d\u00e9veloppement des coproductions avec les partenaires celtiques, notamment l\u2019Irlande et le Pays de Galles. Triskelion est une s\u00e9rie documentaire en 3 \u00e9pisodes qui interroge l\u2019identit\u00e9 celte contemporaine.<\/strong> \u00bb D\u2019un budget de 650.000 euros et coproduit par France 3 Bretagne avec des partenaires au Royaume-Uni, en Italie, en Irlande et en Allemagne, cette \u0153uvre est soutenue \u00e0 hauteur de 100 000 euros par Europe Creative.<strong> Tita B Productions f\u00eate ses 10 ans en 2025.<\/strong> La soci\u00e9t\u00e9 produit des oeuvres de fiction (\u00c9t\u00e9 96 \u2013 C\u00e9sar 2024) et documentaires (Congo Lucha \u2013 Prix Albert Londres), pour le cin\u00e9ma et la t\u00e9l\u00e9vision. Elle pr\u00e9pare la sortie dans les salles de cin\u00e9ma de Un Lugar mas Grande (France \/ Mexique) en comp\u00e9tition officielle au Festival de Biarritz, et de Meursault, contre-enqu\u00eate (France\/Alg\u00e9rie\/Suisse\/Belgique), l\u2019adaptation du roman \u00e9ponyme de Kamel Daoud (Prix Goncourt).<\/p>\n<p>\u00a0<\/p>\n<p>Un secteur audiovisuel soutenu par l\u2019ex\u00e9cutif r\u00e9gional<\/p>\n<p>Le soutien d\u2019Europe Cr\u00e9ative vient renforcer des dynamiques d\u2019entreprises qui s\u2019inscrivent dans deux p\u00f4les r\u00e9gionaux : Rennes et son \u00e9cosyst\u00e8me cin\u00e9ma d\u2019animation reconnu internationale\u00acment pour Vivement Lundi ! ainsi que le P\u00f4le Audiovisuel Douarnenez-Cornouaille pour Tita B, qui va investir 1300 m\u00b2 de locaux d\u00e9di\u00e9s aux Industrie Culturelles et Cr\u00e9atives. \u00ab Nous constatons une forte augmentation du nombre d\u2019adh\u00e9rents de Films en Bretagne \u2013 la f\u00e9d\u00e9ration des professionnels de l\u2019audiovisuel breton \u2013 et une arriv\u00e9e de nouveaux producteurs, poursuivent les deux producteurs bretons.<strong> Les t\u00e9l\u00e9visions locales du COM breton et la R\u00e9gion Bretagne renouvellent leur soutien \u00e0 la fiction d\u2019initiative r\u00e9gionale avec la collection Far Ouest et Ouest-France arrive dans le paysage audiovisuel national avec sa nouvelle cha\u00eene \u2013 NOVO19. \u00bb<\/strong><\/p>\n","protected":false},"excerpt":{"rendered":"Vivement lundi ! et Tita B, deux soci\u00e9t\u00e9s de production audiovisuelles bretonnes viennent de recevoir un important soutien&hellip;\n","protected":false},"author":2,"featured_media":345558,"comment_status":"","ping_status":"","sticky":false,"template":"","format":"standard","meta":{"footnotes":""},"categories":[2821],"tags":[1111,11,829,1777,674,1011,27,12,584,25],"class_list":{"0":"post-345557","1":"post","2":"type-post","3":"status-publish","4":"format-standard","5":"has-post-thumbnail","7":"category-rennes","8":"tag-actu","9":"tag-actualites","10":"tag-bretagne","11":"tag-eu","12":"tag-europe","13":"tag-fr","14":"tag-france","15":"tag-news","16":"tag-rennes","17":"tag-republique-francaise"},"share_on_mastodon":{"url":"https:\/\/pubeurope.com\/@fr\/115095982924023843","error":""},"_links":{"self":[{"href":"https:\/\/www.europesays.com\/fr\/wp-json\/wp\/v2\/posts\/345557","targetHints":{"allow":["GET"]}}],"collection":[{"href":"https:\/\/www.europesays.com\/fr\/wp-json\/wp\/v2\/posts"}],"about":[{"href":"https:\/\/www.europesays.com\/fr\/wp-json\/wp\/v2\/types\/post"}],"author":[{"embeddable":true,"href":"https:\/\/www.europesays.com\/fr\/wp-json\/wp\/v2\/users\/2"}],"replies":[{"embeddable":true,"href":"https:\/\/www.europesays.com\/fr\/wp-json\/wp\/v2\/comments?post=345557"}],"version-history":[{"count":0,"href":"https:\/\/www.europesays.com\/fr\/wp-json\/wp\/v2\/posts\/345557\/revisions"}],"wp:featuredmedia":[{"embeddable":true,"href":"https:\/\/www.europesays.com\/fr\/wp-json\/wp\/v2\/media\/345558"}],"wp:attachment":[{"href":"https:\/\/www.europesays.com\/fr\/wp-json\/wp\/v2\/media?parent=345557"}],"wp:term":[{"taxonomy":"category","embeddable":true,"href":"https:\/\/www.europesays.com\/fr\/wp-json\/wp\/v2\/categories?post=345557"},{"taxonomy":"post_tag","embeddable":true,"href":"https:\/\/www.europesays.com\/fr\/wp-json\/wp\/v2\/tags?post=345557"}],"curies":[{"name":"wp","href":"https:\/\/api.w.org\/{rel}","templated":true}]}}