{"id":345559,"date":"2025-08-26T16:21:10","date_gmt":"2025-08-26T16:21:10","guid":{"rendered":"https:\/\/www.europesays.com\/fr\/345559\/"},"modified":"2025-08-26T16:21:10","modified_gmt":"2025-08-26T16:21:10","slug":"un-festival-pour-enfants-avec-un-feu-dartifice-ce-week-end","status":"publish","type":"post","link":"https:\/\/www.europesays.com\/fr\/345559\/","title":{"rendered":"un festival pour enfants avec un feu d&rsquo;artifice ce week-end"},"content":{"rendered":"<p>            Par<br \/>\n        <strong><br \/>\n            <a href=\"https:\/\/actu.fr\/auteur\/redaction-jv\" title=\"Consulter tous les articles de R\u00e9daction Vitr\u00e9\" target=\"_blank\" rel=\"noopener\">R\u00e9daction Vitr\u00e9<\/a><br \/>\n        <\/strong><\/p>\n<p>        Publi\u00e9 le<\/p>\n<p>            26 ao\u00fbt 2025 \u00e0 18h17        <\/p>\n<p>Le 14\u1d49 <b>festival enfants <\/b>aura lieu ce samedi 30 ao\u00fbt 2025, de 14 h \u00e0 23 h 30, \u00e0 l\u2019Espace de loisirs de <b>Br\u00e9c\u00e9 (Ille-et-Vilaine)<\/b>.<\/p>\n<p class=\" wall-content\">Rendez-vous derri\u00e8re la salle de sport Roz Avel, \u00e0 l\u2019entr\u00e9e du bourg, pour cet \u00e9v\u00e9nement organis\u00e9 par le comit\u00e9 des f\u00eates.\u00a0<\/p>\n<p>Un feu d\u2019artifice le soir<\/p>\n<p class=\" wall-content\">L\u2019entr\u00e9e sur site est gratuite pour les spectacles : th\u00e9\u00e2tre avec Le Songe d\u2019une nuit d\u2019\u00e9t\u00e9, une adaptation de Shakespeare, par la troupe des \u00e9l\u00e8ves de 2e ann\u00e9e des cours Florent de Bordeaux, (30\u00a0minutes) en journ\u00e9e et soir\u00e9e.<\/p>\n<p class=\" wall-content\">Danse avec les \u00e9l\u00e8ves de Bain-de-Bretagne est \u00e9galement au programme, tout comme Loulibop \/ Apache.<\/p>\n<p class=\" wall-content\">C\u00f4t\u00e9 <b>attractions enfants<\/b>, avec bracelet (6\u00a0\u20ac en illimit\u00e9), de nombreuses structures gonflables (adultes et enfants), mini-man\u00e8ge, balades \u00e0 poney, karts et Balanz\u2019bikes (sur bitume), maquillage enfants, trampoline, jeux divers sont pr\u00e9vus.<\/p>\n<p>Vid\u00e9os : en ce moment sur Actu<\/p>\n<p class=\" wall-content\">Pour enfants et adultes, seront propos\u00e9s des bapt\u00eames motos au profit d\u2019Actions Ki\u00eathon, association servonnaise d\u2019aide \u00e0 l\u2019autisme (2\u00a0\u20ac).<\/p>\n<p class=\" wall-content\">Compl\u00e8tent le programme des bapt\u00eames en 2 Chevaux (5\u00a0km, 2\u00a0\u20ac) avec deux membres du 2\u00a0CV Club35 dont Yves, le Panc\u00e9en, de retour du Mondial 2\u00a0CV en Slov\u00e9nie toujours au profit d\u2019Actions Ki\u00eathon.<\/p>\n<p>Votre r\u00e9gion, votre actu !<\/p>\n<p>Recevez chaque jour les infos qui comptent pour vous.<\/p>\n<p>\t<a href=\"https:\/\/actu.fr\/newsletter\" class=\"ac-btn ac-btn--corner ac-btn--medium ac-btn--blue800\" target=\"_blank\" rel=\"noopener\">S&rsquo;incrire<\/a><\/p>\n<p class=\" wall-content\">\u00c0 22 h 30, sera le traditionnel <b>feu d\u2019artifice pyromusical <\/b>r\u00e9put\u00e9 pour sa qualit\u00e9.<\/p>\n<p>Pratique : samedi 30 ao\u00fbt, 14e festival enfants de 14 h \u00e0 23 h 30, \u00e0 l\u2019espace de loisirs pr\u00e8s de la 4 voies Rennes-Paris. Attractions enfants, avec bracelet (6 \u20ac en illimit\u00e9). Entr\u00e9e gratuite pour spectacles, jeux et feu d\u2019artifice.<\/p>\n<p class=\" wall-content\">Personnalisez votre actualit\u00e9 en ajoutant vos villes et m\u00e9dias en favori avec <a href=\"https:\/\/moncompte.actu.fr\" title=\"D\u00e9couvez Mon Actu\" rel=\"nofollow noopener\" data-trk=\"{&quot;cta&quot;:{&quot;action&quot;:&quot;https:\\\/\\\/moncompte.actu.fr&quot;,&quot;category&quot;:&quot;mon compte&quot;,&quot;from&quot;:&quot;article footer&quot;,&quot;name&quot;:&quot;Mon actu&quot;,&quot;type&quot;:&quot;cta&quot;}}\" target=\"_blank\">Mon Actu<\/a>.<\/p>\n","protected":false},"excerpt":{"rendered":"Par R\u00e9daction Vitr\u00e9 Publi\u00e9 le 26 ao\u00fbt 2025 \u00e0 18h17 Le 14\u1d49 festival enfants aura lieu ce samedi&hellip;\n","protected":false},"author":2,"featured_media":345560,"comment_status":"","ping_status":"","sticky":false,"template":"","format":"standard","meta":{"footnotes":""},"categories":[2821],"tags":[1111,11,1063,829,1777,674,1011,27,1652,12,584,25],"class_list":{"0":"post-345559","1":"post","2":"type-post","3":"status-publish","4":"format-standard","5":"has-post-thumbnail","7":"category-rennes","8":"tag-actu","9":"tag-actualites","10":"tag-animations","11":"tag-bretagne","12":"tag-eu","13":"tag-europe","14":"tag-fr","15":"tag-france","16":"tag-loisirs-culture","17":"tag-news","18":"tag-rennes","19":"tag-republique-francaise"},"share_on_mastodon":{"url":"https:\/\/pubeurope.com\/@fr\/115095986847729657","error":""},"_links":{"self":[{"href":"https:\/\/www.europesays.com\/fr\/wp-json\/wp\/v2\/posts\/345559","targetHints":{"allow":["GET"]}}],"collection":[{"href":"https:\/\/www.europesays.com\/fr\/wp-json\/wp\/v2\/posts"}],"about":[{"href":"https:\/\/www.europesays.com\/fr\/wp-json\/wp\/v2\/types\/post"}],"author":[{"embeddable":true,"href":"https:\/\/www.europesays.com\/fr\/wp-json\/wp\/v2\/users\/2"}],"replies":[{"embeddable":true,"href":"https:\/\/www.europesays.com\/fr\/wp-json\/wp\/v2\/comments?post=345559"}],"version-history":[{"count":0,"href":"https:\/\/www.europesays.com\/fr\/wp-json\/wp\/v2\/posts\/345559\/revisions"}],"wp:featuredmedia":[{"embeddable":true,"href":"https:\/\/www.europesays.com\/fr\/wp-json\/wp\/v2\/media\/345560"}],"wp:attachment":[{"href":"https:\/\/www.europesays.com\/fr\/wp-json\/wp\/v2\/media?parent=345559"}],"wp:term":[{"taxonomy":"category","embeddable":true,"href":"https:\/\/www.europesays.com\/fr\/wp-json\/wp\/v2\/categories?post=345559"},{"taxonomy":"post_tag","embeddable":true,"href":"https:\/\/www.europesays.com\/fr\/wp-json\/wp\/v2\/tags?post=345559"}],"curies":[{"name":"wp","href":"https:\/\/api.w.org\/{rel}","templated":true}]}}