{"id":345561,"date":"2025-08-26T16:22:16","date_gmt":"2025-08-26T16:22:16","guid":{"rendered":"https:\/\/www.europesays.com\/fr\/345561\/"},"modified":"2025-08-26T16:22:16","modified_gmt":"2025-08-26T16:22:16","slug":"strasbourg-circulation-autour-des-halles-deux-mois-de-perturbations","status":"publish","type":"post","link":"https:\/\/www.europesays.com\/fr\/345561\/","title":{"rendered":"Strasbourg. Circulation autour des Halles\u00a0: deux mois de perturbations"},"content":{"rendered":"<p>En ce qui concerne la rue des Halles, <a href=\"https:\/\/www.dna.fr\/economie\/2024\/11\/18\/les-halles-gros-chantiers-et-promesse-de-renouveau\" target=\"_blank\" rel=\"noopener\">les travaux<\/a> de reprise de la structure de la chauss\u00e9e et les enrob\u00e9s d\u00e9finitifs marquent la derni\u00e8re \u00e9tape des travaux sur l\u2019axe. Ces op\u00e9rations sont programm\u00e9es jusqu\u2019au 29\u00a0ao\u00fbt et n\u00e9cessitent la fermeture \u00e0 la circulation g\u00e9n\u00e9rale de la rue.<\/p>\n<p> \u25b6 <strong>L\u2019acc\u00e8s aux parkings P3-Wilson et P1-Marais-Vert<\/strong> se fait par les rues de S\u00e9bastopol et du Marais-Vert, le mouvement de tourne-\u00e0-droite depuis S\u00e9bastopol vers Marais-Vert sera exceptionnellement autoris\u00e9 depuis la voie bus r\u00e9serv\u00e9e de la rue de S\u00e9bastopol.<\/p>\n<p> \u25b6 <strong>Pour ce qui est de la rue du Travail<\/strong> , les travaux d\u2019am\u00e9nagement entre la rue d\u2019Ingwiller et la rue de S\u00e9bastopol, ainsi que les <a href=\"https:\/\/www.dna.fr\/environnement\/2025\/07\/03\/debut-des-travaux-pour-un-square-des-halles-multiplie-par-quatre\" target=\"_blank\" rel=\"noopener\">travaux de r\u00e9am\u00e9nagement du square des Halles<\/a> , d\u00e9marreront \u00e0 partir du 1 er \u00a0septembre.<\/p>\n<p>  Fouilles arch\u00e9ologiques rue du Travail<\/p>\n<p> \u25b6 <strong>Ces travaux pr\u00e9c\u00e9d\u00e9s de <a href=\"https:\/\/www.dna.fr\/culture-loisirs\/2025\/01\/25\/l-ancienne-gare-refait-surface-devant-les-halles\" target=\"_blank\" rel=\"noopener\">fouilles arch\u00e9ologiques<\/a> sur la rue du Travail <\/strong> imposeront des mesures de circulation particuli\u00e8res, entre le 1 er \u00a0septembre et le 17\u00a0octobre\u00a0: la fermeture \u00e0 la circulation en sens sortant sur la rue du Travail (entre la rue d\u2019Ingwiller et la rue de S\u00e9bastopol)\u00a0;<\/p>\n<p>La contre-all\u00e9e de la place des Halles entre la rue des Bonnes-Gens et la rue du Travail sera d\u00e9di\u00e9e \u00e0 la circulation automobile vers la rue de S\u00e9bastopol sur cette p\u00e9riode. Ensuite, elle sera ferm\u00e9e \u00e0 la circulation automobile de mani\u00e8re d\u00e9finitive.<\/p>\n<p> \u25b6 <strong>\u00a0Les sorties du parking P2-S\u00e9bastopol<\/strong> se feront via les rues de S\u00e9bastopol et du Marais-Vert\u00a0; le mouvement de tourne-\u00e0-droite depuis S\u00e9bastopol vers Marais-Vert sera exceptionnellement autoris\u00e9 depuis la voie r\u00e9serv\u00e9e bus de la rue de S\u00e9bastopol sur cette p\u00e9riode.<\/p>\n<p> \u25b6 \u00a0 <strong>Enfin, le sens entrant pour les cyclistes (vers le centre-ville) sera maintenu<\/strong> dans la circulation g\u00e9n\u00e9rale sur la contre-all\u00e9e de la place des Halles et le sens sortant de la ville sera organis\u00e9 sur le trottoir de la place des Halles, moyennant un marquage au sol.<\/p>\n","protected":false},"excerpt":{"rendered":"En ce qui concerne la rue des Halles, les travaux de reprise de la structure de la chauss\u00e9e&hellip;\n","protected":false},"author":2,"featured_media":345562,"comment_status":"","ping_status":"","sticky":false,"template":"","format":"standard","meta":{"footnotes":""},"categories":[2820],"tags":[1111,11,4749,33,2880,1777,674,107,1011,27,775,12,25,640,2879],"class_list":{"0":"post-345561","1":"post","2":"type-post","3":"status-publish","4":"format-standard","5":"has-post-thumbnail","7":"category-strasbourg","8":"tag-actu","9":"tag-actualites","10":"tag-btp-et-chantiers","11":"tag-economie","12":"tag-edition-strasbourg","13":"tag-eu","14":"tag-europe","15":"tag-fil-info","16":"tag-fr","17":"tag-france","18":"tag-grand-est","19":"tag-news","20":"tag-republique-francaise","21":"tag-strasbourg","22":"tag-strasbourg-ville"},"share_on_mastodon":{"url":"https:\/\/pubeurope.com\/@fr\/115095990800850258","error":""},"_links":{"self":[{"href":"https:\/\/www.europesays.com\/fr\/wp-json\/wp\/v2\/posts\/345561","targetHints":{"allow":["GET"]}}],"collection":[{"href":"https:\/\/www.europesays.com\/fr\/wp-json\/wp\/v2\/posts"}],"about":[{"href":"https:\/\/www.europesays.com\/fr\/wp-json\/wp\/v2\/types\/post"}],"author":[{"embeddable":true,"href":"https:\/\/www.europesays.com\/fr\/wp-json\/wp\/v2\/users\/2"}],"replies":[{"embeddable":true,"href":"https:\/\/www.europesays.com\/fr\/wp-json\/wp\/v2\/comments?post=345561"}],"version-history":[{"count":0,"href":"https:\/\/www.europesays.com\/fr\/wp-json\/wp\/v2\/posts\/345561\/revisions"}],"wp:featuredmedia":[{"embeddable":true,"href":"https:\/\/www.europesays.com\/fr\/wp-json\/wp\/v2\/media\/345562"}],"wp:attachment":[{"href":"https:\/\/www.europesays.com\/fr\/wp-json\/wp\/v2\/media?parent=345561"}],"wp:term":[{"taxonomy":"category","embeddable":true,"href":"https:\/\/www.europesays.com\/fr\/wp-json\/wp\/v2\/categories?post=345561"},{"taxonomy":"post_tag","embeddable":true,"href":"https:\/\/www.europesays.com\/fr\/wp-json\/wp\/v2\/tags?post=345561"}],"curies":[{"name":"wp","href":"https:\/\/api.w.org\/{rel}","templated":true}]}}