{"id":345567,"date":"2025-08-26T16:25:12","date_gmt":"2025-08-26T16:25:12","guid":{"rendered":"https:\/\/www.europesays.com\/fr\/345567\/"},"modified":"2025-08-26T16:25:12","modified_gmt":"2025-08-26T16:25:12","slug":"a-nice-une-plateforme-dorientation-medicale-mais-aussi-sociale","status":"publish","type":"post","link":"https:\/\/www.europesays.com\/fr\/345567\/","title":{"rendered":"A Nice, une plateforme d&rsquo;orientation m\u00e9dicale mais aussi sociale"},"content":{"rendered":"<p>Comment assurer des soins pour tous, y compris au coeur de l\u2019\u00e9t\u00e9 ? Suite \u00e0 la crise du Covid 19, pour lutter contre les surcharges des urgences, la commune de Nice a souhait\u00e9 et soutenu la cr\u00e9ation de l\u2019association Safe G, pilot\u00e9e et pens\u00e9e par son ancienne adjointe \u00e0 l\u2019action sociale le Dr Jo\u00eblle Martinaux. Son id\u00e9e ? Proposer aux habitants une plateforme de mise en relation m\u00e9dicale et sociale, en renfort du syst\u00e8me de sant\u00e9 territorial existant.<\/p>\n<p>Le m\u00e9decin raconte avoir b\u00e9n\u00e9fici\u00e9 \u00ab d\u2019une grande libert\u00e9 \u00bb, pour imaginer et coordonner le dispositif. L\u2019objectif est de permettre des t\u00e9l\u00e9consultations classiques, des prises de rendez-vous dans des maisons m\u00e9dicales de quartier, mais aussi de r\u00e9ins\u00e9rer des patients en rupture de suivi m\u00e9dical dans un parcours de soin. Et Safe G peut &#8230;<\/p>\n<p class=\"blocCut__title\">\n\t\t\t\t\t\t\t\t\t[80% reste \u00e0 lire]\n\t\t\t\t\t\t\t<\/p>\n<p class=\"blocCut__title--type2\">Article r\u00e9serv\u00e9 aux abonn\u00e9s<\/p>\n<p class=\"blocCut__title--type3\">Club Sant\u00e9 Social<\/p>\n<p class=\"blocCut__title--type2\">VOUS N&rsquo;\u00eaTES PAS ABONN\u00e9 ?<\/p>\n<p class=\"blocCut__title--type4\">Testez notre Offre D\u00e9couverte Club Sant\u00e9 Social pendant 15 jours<\/p>\n<p>\t\t\t\t\t\t\t\t<a href=\"https:\/\/www.abonnement.infopro-digital.com\/offre-decouverte-du-club-sante-social\/inscription\/623\/3423#xtor=CS5-330-[site_paywall]-[https:\/\/www.lagazettedescommunes.com\/997589\/a-nice-une-plateforme-dorientation-medicale-mais-aussi-sociale\/]-[page_article]-[a]\" target=\"_blank\" class=\"btn__full buttonTypeA buttonTypeA--1\" rel=\"noopener\">J\u2019en profite<\/a><\/p>\n","protected":false},"excerpt":{"rendered":"Comment assurer des soins pour tous, y compris au coeur de l\u2019\u00e9t\u00e9 ? Suite \u00e0 la crise du&hellip;\n","protected":false},"author":2,"featured_media":345568,"comment_status":"","ping_status":"","sticky":false,"template":"","format":"standard","meta":{"footnotes":""},"categories":[2819],"tags":[2342,5646,1111,2344,47,2341,11,2898,27822,2351,2340,1777,674,1011,27,48170,12,2401,882,1306,25,2343,48171],"class_list":{"0":"post-345567","1":"post","2":"type-post","3":"status-publish","4":"format-standard","5":"has-post-thumbnail","7":"category-nice","8":"tag-a-la-une-sante-social","9":"tag-acces-aux-soins","10":"tag-actu","11":"tag-actu-expert-sante-social","12":"tag-actualite","13":"tag-actualite-sante-social","14":"tag-actualites","15":"tag-alpes-maritimes","16":"tag-bonnes-pratique-sante-social","17":"tag-ccas-cias","18":"tag-club-sante-social","19":"tag-eu","20":"tag-europe","21":"tag-fr","22":"tag-france","23":"tag-maintien-a-domicile","24":"tag-news","25":"tag-nice","26":"tag-provence-alpes-cote-dazur","27":"tag-regions","28":"tag-republique-francaise","29":"tag-toute-lactu-sante-social","30":"tag-victoire-chevreul"},"share_on_mastodon":{"url":"https:\/\/pubeurope.com\/@fr\/115096002547795806","error":""},"_links":{"self":[{"href":"https:\/\/www.europesays.com\/fr\/wp-json\/wp\/v2\/posts\/345567","targetHints":{"allow":["GET"]}}],"collection":[{"href":"https:\/\/www.europesays.com\/fr\/wp-json\/wp\/v2\/posts"}],"about":[{"href":"https:\/\/www.europesays.com\/fr\/wp-json\/wp\/v2\/types\/post"}],"author":[{"embeddable":true,"href":"https:\/\/www.europesays.com\/fr\/wp-json\/wp\/v2\/users\/2"}],"replies":[{"embeddable":true,"href":"https:\/\/www.europesays.com\/fr\/wp-json\/wp\/v2\/comments?post=345567"}],"version-history":[{"count":0,"href":"https:\/\/www.europesays.com\/fr\/wp-json\/wp\/v2\/posts\/345567\/revisions"}],"wp:featuredmedia":[{"embeddable":true,"href":"https:\/\/www.europesays.com\/fr\/wp-json\/wp\/v2\/media\/345568"}],"wp:attachment":[{"href":"https:\/\/www.europesays.com\/fr\/wp-json\/wp\/v2\/media?parent=345567"}],"wp:term":[{"taxonomy":"category","embeddable":true,"href":"https:\/\/www.europesays.com\/fr\/wp-json\/wp\/v2\/categories?post=345567"},{"taxonomy":"post_tag","embeddable":true,"href":"https:\/\/www.europesays.com\/fr\/wp-json\/wp\/v2\/tags?post=345567"}],"curies":[{"name":"wp","href":"https:\/\/api.w.org\/{rel}","templated":true}]}}