{"id":345569,"date":"2025-08-26T16:26:13","date_gmt":"2025-08-26T16:26:13","guid":{"rendered":"https:\/\/www.europesays.com\/fr\/345569\/"},"modified":"2025-08-26T16:26:13","modified_gmt":"2025-08-26T16:26:13","slug":"un-homme-coince-dans-un-broyeur-a-bois-a-ete-transporte-en-urgence-absolue-au-chu","status":"publish","type":"post","link":"https:\/\/www.europesays.com\/fr\/345569\/","title":{"rendered":"Un homme coinc\u00e9 dans un broyeur \u00e0 bois a \u00e9t\u00e9 transport\u00e9 en urgence absolue au CHU"},"content":{"rendered":"<p>La journ\u00e9e de travail ne faisait que commencer quand les pompiers ont \u00e9t\u00e9 appel\u00e9s pour venir en aide \u00e0 un homme de 25\u00a0ans, mardi 26\u00a0ao\u00fbt 2025 \u00e0 7\u00a0h\u00a031. Selon le centre op\u00e9rationnel d\u00e9partemental d\u2019incendie et de secours (Codis), la victime \u00e9tait \u00a0coinc\u00e9e dans un broyeur \u00e0 bois\u00a0, au niveau des membres inf\u00e9rieurs. Elle a \u00e9t\u00e9 \u00a0d\u00e9gag\u00e9e\u00a0 puis transport\u00e9e au CHU de Nantes.<\/p>\n<p>Pas de pronostic vital engag\u00e9<\/p>\n<p>Depuis la scierie Bourdaud, situ\u00e9e au lieu-dit La Grande-Haie \u00e0 Nozay, une escorte motoris\u00e9e a \u00e9t\u00e9 n\u00e9cessaire pour rejoindre l\u2019h\u00f4pital. \u00a0Le pronostic vital n\u2019est cependant pas engag\u00e9\u00a0, pr\u00e9cisent les secours qui \u00e9taient onze sur place.<\/p>\n<p>\u00a0<\/p>\n","protected":false},"excerpt":{"rendered":"La journ\u00e9e de travail ne faisait que commencer quand les pompiers ont \u00e9t\u00e9 appel\u00e9s pour venir en aide&hellip;\n","protected":false},"author":2,"featured_media":345570,"comment_status":"","ping_status":"","sticky":false,"template":"","format":"standard","meta":{"footnotes":""},"categories":[2818],"tags":[3084,1111,11,4154,48172,4309,23609,2883,1777,674,1011,27,4933,766,12,2636,25,5482,3083],"class_list":{"0":"post-345569","1":"post","2":"type-post","3":"status-publish","4":"format-standard","5":"has-post-thumbnail","7":"category-nantes","8":"tag-absolue","9":"tag-actu","10":"tag-actualites","11":"tag-bois","12":"tag-broyeur","13":"tag-chu","14":"tag-coince","15":"tag-ete","16":"tag-eu","17":"tag-europe","18":"tag-fr","19":"tag-france","20":"tag-homme","21":"tag-nantes","22":"tag-news","23":"tag-pays-de-la-loire","24":"tag-republique-francaise","25":"tag-transporte","26":"tag-urgence"},"share_on_mastodon":{"url":"https:\/\/pubeurope.com\/@fr\/115096006423108727","error":""},"_links":{"self":[{"href":"https:\/\/www.europesays.com\/fr\/wp-json\/wp\/v2\/posts\/345569","targetHints":{"allow":["GET"]}}],"collection":[{"href":"https:\/\/www.europesays.com\/fr\/wp-json\/wp\/v2\/posts"}],"about":[{"href":"https:\/\/www.europesays.com\/fr\/wp-json\/wp\/v2\/types\/post"}],"author":[{"embeddable":true,"href":"https:\/\/www.europesays.com\/fr\/wp-json\/wp\/v2\/users\/2"}],"replies":[{"embeddable":true,"href":"https:\/\/www.europesays.com\/fr\/wp-json\/wp\/v2\/comments?post=345569"}],"version-history":[{"count":0,"href":"https:\/\/www.europesays.com\/fr\/wp-json\/wp\/v2\/posts\/345569\/revisions"}],"wp:featuredmedia":[{"embeddable":true,"href":"https:\/\/www.europesays.com\/fr\/wp-json\/wp\/v2\/media\/345570"}],"wp:attachment":[{"href":"https:\/\/www.europesays.com\/fr\/wp-json\/wp\/v2\/media?parent=345569"}],"wp:term":[{"taxonomy":"category","embeddable":true,"href":"https:\/\/www.europesays.com\/fr\/wp-json\/wp\/v2\/categories?post=345569"},{"taxonomy":"post_tag","embeddable":true,"href":"https:\/\/www.europesays.com\/fr\/wp-json\/wp\/v2\/tags?post=345569"}],"curies":[{"name":"wp","href":"https:\/\/api.w.org\/{rel}","templated":true}]}}