{"id":345588,"date":"2025-08-26T16:36:12","date_gmt":"2025-08-26T16:36:12","guid":{"rendered":"https:\/\/www.europesays.com\/fr\/345588\/"},"modified":"2025-08-26T16:36:12","modified_gmt":"2025-08-26T16:36:12","slug":"lyon-laissee-seule-dans-un-logement-une-fillette-secourue-par-les-pompiers-sa-mere-en-garde-a-vue","status":"publish","type":"post","link":"https:\/\/www.europesays.com\/fr\/345588\/","title":{"rendered":"Lyon. Laiss\u00e9e seule dans un logement, une fillette secourue par les pompiers, sa m\u00e8re en garde \u00e0 vue"},"content":{"rendered":"<p>Une fillette de cinq ans, laiss\u00e9e seule dans un logement, situ\u00e9 dans le 3e\u00a0 arrondissement de Lyon, a \u00e9t\u00e9 secourue lundi par des sapeurs-pompiers, au moyen de la grande \u00e9chelle, a confirm\u00e9 au Progr\u00e8s  la direction interd\u00e9partementale de la s\u00e9curit\u00e9 publique.<\/p>\n<p>\u00ab\u00a0La m\u00e8re de l\u2019enfant a \u00e9t\u00e9 plac\u00e9e en garde \u00e0 vue lundi soir. Une enqu\u00eate est en cours pour \u201csoustraction par un parent \u00e0 ses obligations l\u00e9gales compromettant la sant\u00e9, la s\u00e9curit\u00e9, la moralit\u00e9 ou l\u2019\u00e9ducation de son enfant\u201d\u00a0\u00bb, a d\u00e9taill\u00e9 la police.<\/p>\n<p>Ce contenu est bloqu\u00e9 car vous n&rsquo;avez pas accept\u00e9 les cookies et autres traceurs.<\/p>\n<p>En cliquant sur \u00ab J\u2019accepte \u00bb, les cookies et autres traceurs seront d\u00e9pos\u00e9s et vous pourrez visualiser les contenus  (<a href=\"\" class=\"consentModule_policy\" target=\"_blank\" title=\"Consulter la politique de protection des donn\u00e9es du fournisseur\">plus d&rsquo;informations<\/a>).<\/p>\n<p>En cliquant sur \u00ab J\u2019accepte tous les cookies \u00bb, vous autorisez des d\u00e9p\u00f4ts de cookies et autres traceurs pour le stockage de vos donn\u00e9es sur nos sites et applications \u00e0 des fins de personnalisation et de ciblage publicitaire.<\/p>\n<p class=\"consentModule_secondaryText\">Vous gardez la possibilit\u00e9 de retirer votre consentement \u00e0 tout moment en consultant notre <a href=\"https:\/\/www.leprogres.fr\/protection-des-donnees\" target=\"_blank\" title=\"Consulter notre politique de protection des donn\u00e9es\" rel=\"noopener\">politique de protection des donn\u00e9es<\/a>. <br \/>&#13;<br \/>\n            <a href=\"https:\/\/www.leprogres.fr\/faits-divers-justice\/2025\/08\/26\/javascript:Didomi.notice.show()\" class=\"consentModule_cmp\" target=\"_blank\" rel=\"noopener\">G\u00e9rer mes choix<\/a>&#13;\n        <\/p>\n<p>&#13;<br \/>\n                        J&rsquo;accepte&#13;<br \/>\n            J&rsquo;accepte tous les cookies&#13;\n        <\/p>\n<p>On ignore les conditions dans lesquelles la fillette a \u00e9t\u00e9 d\u00e9couverte. Le parquet de Lyon a pr\u00e9cis\u00e9 \u00e0 notre r\u00e9daction que \u00ab\u00a0l\u2019\u00e9tat de sant\u00e9 physique [de l\u2019enfant] n\u2019est pas pr\u00e9occupant\u00a0\u00bb et qu\u2019il \u00ab\u00a0a \u00e9t\u00e9 plac\u00e9\u00a0\u00bb.<\/p>\n<p>  Un pr\u00e9c\u00e9dent d\u00e9but ao\u00fbt \u00e0 V\u00e9nissieux<\/p>\n<p>Le 7\u00a0ao\u00fbt, deux fillettes avaient \u00e9t\u00e9 retrouv\u00e9es, d\u00e9shydrat\u00e9es et affam\u00e9es, dans le quartier des Minguettes, \u00e0 V\u00e9nissieux, avec des bleus sur le visage ou encore les pieds tum\u00e9fi\u00e9s. Elles avaient pass\u00e9 <a href=\"https:\/\/www.leprogres.fr\/faits-divers-justice\/2025\/08\/08\/le-plus-jeune-n-avait-pas-de-chaussure-deux-enfants-livres-a-eux-memes-retrouves-aux-minguettes-une-enquete-ouverte\" target=\"_blank\" rel=\"noopener\">plusieurs jours \u00e0 la rue<\/a>.<\/p>\n<p>Leur \u00e9tat de sant\u00e9 n\u2019avait pas n\u00e9cessit\u00e9 d\u2019hospitalisation. Les deux s\u0153urs avaient \u00e9t\u00e9 prises en charge par l\u2019Institut d\u00e9partemental de l\u2019enfance et de la famille (IDEF), structure sp\u00e9cialis\u00e9e dans l\u2019accueil d\u2019urgence des mineurs qui d\u00e9pend de la M\u00e9tropole de Lyon, dans le cadre d\u2019une ordonnance de placement provisoire.<\/p>\n<p>Une enqu\u00eate de police avait l\u00e0 aussi \u00e9t\u00e9 ouverte pour d\u00e9laissement. Le p\u00e8re avait \u00e9t\u00e9 interpell\u00e9 deux jours plus tard.<\/p>\n","protected":false},"excerpt":{"rendered":"Une fillette de cinq ans, laiss\u00e9e seule dans un logement, situ\u00e9 dans le 3e\u00a0 arrondissement de Lyon, a&hellip;\n","protected":false},"author":2,"featured_media":345589,"comment_status":"","ping_status":"","sticky":false,"template":"","format":"standard","meta":{"footnotes":""},"categories":[1889],"tags":[1111,11,2430,271,272,2757,1777,674,274,107,1011,27,2428,2756,12,25,2429],"class_list":{"0":"post-345588","1":"post","2":"type-post","3":"status-publish","4":"format-standard","5":"has-post-thumbnail","7":"category-lyon","8":"tag-actu","9":"tag-actualites","10":"tag-auvergne-rhone-alpes","11":"tag-crime","12":"tag-delit-et-contravention","13":"tag-edition-lyon-villeurbanne","14":"tag-eu","15":"tag-europe","16":"tag-faits-divers-justice","17":"tag-fil-info","18":"tag-fr","19":"tag-france","20":"tag-lyon","21":"tag-lyon-bassin","22":"tag-news","23":"tag-republique-francaise","24":"tag-rhone"},"share_on_mastodon":{"url":"https:\/\/pubeurope.com\/@fr\/115096045755805182","error":""},"_links":{"self":[{"href":"https:\/\/www.europesays.com\/fr\/wp-json\/wp\/v2\/posts\/345588","targetHints":{"allow":["GET"]}}],"collection":[{"href":"https:\/\/www.europesays.com\/fr\/wp-json\/wp\/v2\/posts"}],"about":[{"href":"https:\/\/www.europesays.com\/fr\/wp-json\/wp\/v2\/types\/post"}],"author":[{"embeddable":true,"href":"https:\/\/www.europesays.com\/fr\/wp-json\/wp\/v2\/users\/2"}],"replies":[{"embeddable":true,"href":"https:\/\/www.europesays.com\/fr\/wp-json\/wp\/v2\/comments?post=345588"}],"version-history":[{"count":0,"href":"https:\/\/www.europesays.com\/fr\/wp-json\/wp\/v2\/posts\/345588\/revisions"}],"wp:featuredmedia":[{"embeddable":true,"href":"https:\/\/www.europesays.com\/fr\/wp-json\/wp\/v2\/media\/345589"}],"wp:attachment":[{"href":"https:\/\/www.europesays.com\/fr\/wp-json\/wp\/v2\/media?parent=345588"}],"wp:term":[{"taxonomy":"category","embeddable":true,"href":"https:\/\/www.europesays.com\/fr\/wp-json\/wp\/v2\/categories?post=345588"},{"taxonomy":"post_tag","embeddable":true,"href":"https:\/\/www.europesays.com\/fr\/wp-json\/wp\/v2\/tags?post=345588"}],"curies":[{"name":"wp","href":"https:\/\/api.w.org\/{rel}","templated":true}]}}