{"id":345590,"date":"2025-08-26T16:37:11","date_gmt":"2025-08-26T16:37:11","guid":{"rendered":"https:\/\/www.europesays.com\/fr\/345590\/"},"modified":"2025-08-26T16:37:11","modified_gmt":"2025-08-26T16:37:11","slug":"lyon-cinema-casino-architecture-cinq-bonnes-raisons-de-se-rendre-a-la-cite-internationale","status":"publish","type":"post","link":"https:\/\/www.europesays.com\/fr\/345590\/","title":{"rendered":"Lyon. Cin\u00e9ma, casino, architecture\u2026 cinq bonnes raisons de se rendre \u00e0 la Cit\u00e9 internationale"},"content":{"rendered":"<p>\u00c0 l\u2019occasion des 30 ans de la Cit\u00e9 internationale, Le Progr\u00e8s remonte le fil de cette aventure urbaine et donne la parole \u00e0 ceux qui s\u2019y croisent et qui participent \u00e0 la vie du quartier.<\/p>\n<p>Le cin\u00e9ma<\/p>\n<p>Dot\u00e9 de 14 salles, pour plus de 2\u00a0700 fauteuils, le cin\u00e9ma UGC (7\u00a0000 m2 ), id\u00e9alement situ\u00e9 entre le <a href=\"https:\/\/www.leprogres.fr\/culture-loisirs\/2025\/08\/19\/cite-internationale-bousculer-les-idees-au-musee-d-art-contemporain-de-lyon\" target=\"_blank\" rel=\"nofollow noopener\">Mus\u00e9e d\u2019art contemporain (MAC)<\/a> et le casino Le Pharaon, est un des p\u00f4les d\u2019attraction majeurs de la Cit\u00e9 internationale.<\/p>\n<p>En 2024, il cumulait pr\u00e8s de 450\u00a0000 entr\u00e9es, \u00e0 quelques longueurs seulement du Path\u00e9 Bellecour (500\u00a0000), mais loin derri\u00e8re son grand fr\u00e8re, le&#8230;<\/p>\n","protected":false},"excerpt":{"rendered":"\u00c0 l\u2019occasion des 30 ans de la Cit\u00e9 internationale, Le Progr\u00e8s remonte le fil de cette aventure urbaine&hellip;\n","protected":false},"author":2,"featured_media":345591,"comment_status":"","ping_status":"","sticky":false,"template":"","format":"standard","meta":{"footnotes":""},"categories":[1889],"tags":[1111,11,2430,7782,1687,2757,1777,674,1011,27,2428,2756,12,25,2429],"class_list":{"0":"post-345590","1":"post","2":"type-post","3":"status-publish","4":"format-standard","5":"has-post-thumbnail","7":"category-lyon","8":"tag-actu","9":"tag-actualites","10":"tag-auvergne-rhone-alpes","11":"tag-balades-et-randonnees","12":"tag-culture-loisirs","13":"tag-edition-lyon-villeurbanne","14":"tag-eu","15":"tag-europe","16":"tag-fr","17":"tag-france","18":"tag-lyon","19":"tag-lyon-bassin","20":"tag-news","21":"tag-republique-francaise","22":"tag-rhone"},"share_on_mastodon":{"url":"https:\/\/pubeurope.com\/@fr\/115096049858511015","error":""},"_links":{"self":[{"href":"https:\/\/www.europesays.com\/fr\/wp-json\/wp\/v2\/posts\/345590","targetHints":{"allow":["GET"]}}],"collection":[{"href":"https:\/\/www.europesays.com\/fr\/wp-json\/wp\/v2\/posts"}],"about":[{"href":"https:\/\/www.europesays.com\/fr\/wp-json\/wp\/v2\/types\/post"}],"author":[{"embeddable":true,"href":"https:\/\/www.europesays.com\/fr\/wp-json\/wp\/v2\/users\/2"}],"replies":[{"embeddable":true,"href":"https:\/\/www.europesays.com\/fr\/wp-json\/wp\/v2\/comments?post=345590"}],"version-history":[{"count":0,"href":"https:\/\/www.europesays.com\/fr\/wp-json\/wp\/v2\/posts\/345590\/revisions"}],"wp:featuredmedia":[{"embeddable":true,"href":"https:\/\/www.europesays.com\/fr\/wp-json\/wp\/v2\/media\/345591"}],"wp:attachment":[{"href":"https:\/\/www.europesays.com\/fr\/wp-json\/wp\/v2\/media?parent=345590"}],"wp:term":[{"taxonomy":"category","embeddable":true,"href":"https:\/\/www.europesays.com\/fr\/wp-json\/wp\/v2\/categories?post=345590"},{"taxonomy":"post_tag","embeddable":true,"href":"https:\/\/www.europesays.com\/fr\/wp-json\/wp\/v2\/tags?post=345590"}],"curies":[{"name":"wp","href":"https:\/\/api.w.org\/{rel}","templated":true}]}}