{"id":345592,"date":"2025-08-26T16:38:10","date_gmt":"2025-08-26T16:38:10","guid":{"rendered":"https:\/\/www.europesays.com\/fr\/345592\/"},"modified":"2025-08-26T16:38:10","modified_gmt":"2025-08-26T16:38:10","slug":"pres-dun-demi-million-de-franciliens-ont-beneficie-dune-aide-a-lachat-dun-velo","status":"publish","type":"post","link":"https:\/\/www.europesays.com\/fr\/345592\/","title":{"rendered":"Pr\u00e8s d\u2019un demi-million de Franciliens ont b\u00e9n\u00e9fici\u00e9 d\u2019une aide \u00e0 l\u2019achat d\u2019un v\u00e9lo"},"content":{"rendered":"<p class=\"paragraph text_align_left lp-f-body-02\">Envie d\u2019un petit coup de pouce financier pour se mettre en selle ? A la veille de la rentr\u00e9e, et du probable retour de \u00ab nu\u00e9es \u00bb de cyclistes sur les pistes, Ile-de-France Mobilit\u00e9s (IDFM, l\u2019autorit\u00e9 organisatrice des transports publics r\u00e9gionaux) rappelle que son r\u00f4le ne se limite pas au financement des RER, m\u00e9tros, bus et autres trams ou des d\u00e9placements en voiture partag\u00e9s.<\/p>\n<p class=\"paragraph text_align_left lp-f-body-02\">L\u2019organisme mise aussi sur le d\u00e9veloppement de la pratique du v\u00e9lo (avec pour objectif de <a href=\"https:\/\/www.leparisien.fr\/info-paris-ile-de-france-oise\/transports\/nouvelles-pistes-record-de-locations-de-velib-a-paris-lusage-du-velo-prend-le-large-face-a-la-voiture-26-04-2025-Z2ZNZCOT75AEPMEHWPXHQYPTQY.php\" target=\"_self\" rel=\"noopener\">tripler le nombre de pratiquants d\u2019ici \u00e0 2030<\/a>) gr\u00e2ce \u00e0 divers m\u00e9canismes d\u2019aide \u00e0 l\u2019achat pour tous types de deux-roues.<\/p>\n<p class=\"paragraph text_align_left lp-f-body-02\">Le premier avait \u00e9t\u00e9 mis en place d\u00e8s 2020, au sortir de la crise sanitaire, et concernait alors uniquement l\u2019achat d\u2019un VAE (V\u00e9lo \u00e0 assistance \u00e9lectrique) ou d\u2019un v\u00e9lo-cargo (sans assistance), rembours\u00e9s \u00e0 hauteur de 50 % maximum du prix de vente dans la limite de 500 euros par deux-roues. Ces bar\u00e8mes avaient \u00e9t\u00e9 revus (\u00e0 la baisse) en 2023 mais <a href=\"https:\/\/www.leparisien.fr\/info-paris-ile-de-france-oise\/transports\/achat-dun-velo-electrique-les-nouvelles-aides-dile-de-france-mobilites-04-09-2023-DBDRCYDCWZAK7P3I2IK572BBGY.php\" target=\"_self\" rel=\"noopener\">compl\u00e9t\u00e9s par de nouvelles aides<\/a> pour d\u2019autres types de v\u00e9los.<\/p>\n<p class=\"paragraph text_align_left lp-f-body-02\">D\u00e9sormais, les Franciliens qui ach\u00e8tent un deux-roues (neuf ou reconditionn\u00e9) peuvent demander \u00e0 IDFM une aide de 400 euros pour les VAE, les v\u00e9los pliants et les v\u00e9los-cargos m\u00e9caniques. Une aide qui passe \u00e0 600 euros pour les v\u00e9los-cargos \u00e9lectriques et peut m\u00eame aller jusqu\u2019\u00e0 1 200 euros pour l\u2019achat d\u2019un v\u00e9lo adapt\u00e9 (aux personnes \u00e0 mobilit\u00e9 r\u00e9duite). Ile-de-France Mobilit\u00e9s a par ailleurs ajout\u00e9 \u00e0 son panel d\u2019aides une enveloppe de 200 euros pour l\u2019achat d\u2019un kit d\u2019\u00e9lectrification d\u2019un v\u00e9lo musculaire (\u00e0 condition qu\u2019il soit install\u00e9 par un professionnel). Les 15-25 ans peuvent, quant \u00e0 eux, b\u00e9n\u00e9ficier d\u2019une prime de 100 euros pour l\u2019achat d\u2019un v\u00e9lo m\u00e9canique en passant par l\u2019<a href=\"https:\/\/www.leparisien.fr\/info-paris-ile-de-france-oise\/transports\/la-region-ile-de-france-proposera-aux-lyceens-une-aide-aux-transports-de-100-euros-a-la-rentree-2024-26-06-2024-OVDG6L773VBRTNXV6WCGUTLPPY.php\" target=\"_self\" rel=\"noopener\">application Labaz mise en place par le conseil r\u00e9gional<\/a>.<\/p>\n<p>Des v\u00e9los \u00e9lectriques en grande majorit\u00e9<\/p>\n<p class=\"paragraph text_align_left lp-f-body-02\">Les <a href=\"https:\/\/www.leparisien.fr\/societe\/un-mouvement-cycliste-est-en-marche-un-quart-des-francais-roulent-a-velo-chaque-semaine-06-05-2025-MTAC34UOV5EOHCXF2P2QZM6E7A.php\" target=\"_self\" rel=\"noopener\">bonus d\u2019Etat<\/a> auxquelles les \u00ab n\u00e9ocyclistes \u00bb pouvaient pr\u00e9tendre par le pass\u00e9 ont \u00e9t\u00e9 supprim\u00e9s en f\u00e9vrier dernier. IDFM pr\u00e9cise cependant que ses aides \u00e0 l\u2019achat de deux-roues sont cumulables avec d\u2019\u00e9ventuelles aides accord\u00e9es par les collectivit\u00e9s locales (comme <a href=\"https:\/\/www.leparisien.fr\/paris-75\/aide-a-lachat-dun-velo-electrique-la-subvention-de-la-ville-de-paris-desormais-reservee-aux-foyers-modestes-26-09-2022-UMLZ5OMBHNDKHCMQCHTRB4DWTE.php\" target=\"_self\" rel=\"noopener\">c\u2019est le cas \u00e0 Paris, sur conditions de ressources<\/a>) mais sans d\u00e9passer les plafonds de 400 euros, 600 euros ou 1 200 euros selon le mod\u00e8le achet\u00e9.<\/p>\n<p class=\"paragraph text_align_left lp-f-body-02\">Les demandes d\u2019aides \u00e0 l\u2019achat sont \u00e0 d\u00e9poser sur la plate-forme num\u00e9rique d\u2019IDFM (<a href=\"https:\/\/mes-demarches.iledefrance-mobilites.fr\/account-management\/idfmobilites-demandeurs\/ux\/#\/login?redirectTo=https:%2F%2Fmes-demarches.iledefrance-mobilites.fr%2Faides%2F%23%2Fidfmobilites%2Fconnecte%2Ftiers-selection&amp;jwtKey=jwt-idfmobilites-portail-depot-demande-aides&amp;footer=https:%2F%2Fmes-demarches.iledefrance-mobilites.fr%2Faides%2F%23%2Fidfmobilites%2Fmentions-legales,Mentions%20l%C3%A9gales,_self\" target=\"_self\" rel=\"noopener\">mes-demarches.iledefrance-mobilites.fr<\/a>) et donnent g\u00e9n\u00e9ralement lieu \u00e0 un remboursement dans les 4 mois qui suivent la demande. La d\u00e9marche, \u00e9videmment r\u00e9serv\u00e9e aux \u00ab personnes physiques \u00bb domicili\u00e9es en Ile-de-France, ne peut \u00eatre effectu\u00e9e qu\u2019une fois tous les 5 ans\u2026 Et les acheteurs doivent s\u2019engager \u00e0 ne pas revendre leur nouveau biclou pendant au moins 3 ans.<\/p>\n<p class=\"paragraph text_align_left lp-f-body-02\">Autant de conditions qui n\u2019emp\u00eachent pas le dispositif de faire toujours plus d\u2019adeptes. IDFM avait recens\u00e9 un total de 200 000 demandes d\u2019aide \u00e0 l\u2019achat d\u00e9pos\u00e9es en septembre 2023. Selon un nouveau bilan diffus\u00e9 \u00e0 la veille de la rentr\u00e9e 2025, il y en a donc aujourd\u2019hui deux fois plus ! Ces 400 000 dossiers ont donn\u00e9 lieu au total au versement de 150 millions d\u2019euros d\u2019aides, pr\u00e9cise-t-on \u00e0 IDFM.<\/p>\n<p class=\"paragraph text_align_left lp-f-body-02\">Les trois quarts des b\u00e9n\u00e9ficiaires ont opt\u00e9 pour l\u2019achat d\u2019un VAE et la majorit\u00e9 d\u2019entre eux (61 %) d\u00e9clarent se d\u00e9placer plus r\u00e9guli\u00e8rement \u00e0 v\u00e9lo depuis.<\/p>\n","protected":false},"excerpt":{"rendered":"Envie d\u2019un petit coup de pouce financier pour se mettre en selle ? A la veille de la&hellip;\n","protected":false},"author":2,"featured_media":345593,"comment_status":"","ping_status":"","sticky":false,"template":"","format":"standard","meta":{"footnotes":""},"categories":[1592],"tags":[1111,11,1777,674,1011,27,662,1944,12,626,25,2382],"class_list":{"0":"post-345592","1":"post","2":"type-post","3":"status-publish","4":"format-standard","5":"has-post-thumbnail","7":"category-ile-de-france","8":"tag-actu","9":"tag-actualites","10":"tag-eu","11":"tag-europe","12":"tag-fr","13":"tag-france","14":"tag-ile-de-france","15":"tag-ma-ville","16":"tag-news","17":"tag-paris","18":"tag-republique-francaise","19":"tag-transport-idf-oise"},"share_on_mastodon":{"url":"https:\/\/pubeurope.com\/@fr\/115096053870916261","error":""},"_links":{"self":[{"href":"https:\/\/www.europesays.com\/fr\/wp-json\/wp\/v2\/posts\/345592","targetHints":{"allow":["GET"]}}],"collection":[{"href":"https:\/\/www.europesays.com\/fr\/wp-json\/wp\/v2\/posts"}],"about":[{"href":"https:\/\/www.europesays.com\/fr\/wp-json\/wp\/v2\/types\/post"}],"author":[{"embeddable":true,"href":"https:\/\/www.europesays.com\/fr\/wp-json\/wp\/v2\/users\/2"}],"replies":[{"embeddable":true,"href":"https:\/\/www.europesays.com\/fr\/wp-json\/wp\/v2\/comments?post=345592"}],"version-history":[{"count":0,"href":"https:\/\/www.europesays.com\/fr\/wp-json\/wp\/v2\/posts\/345592\/revisions"}],"wp:featuredmedia":[{"embeddable":true,"href":"https:\/\/www.europesays.com\/fr\/wp-json\/wp\/v2\/media\/345593"}],"wp:attachment":[{"href":"https:\/\/www.europesays.com\/fr\/wp-json\/wp\/v2\/media?parent=345592"}],"wp:term":[{"taxonomy":"category","embeddable":true,"href":"https:\/\/www.europesays.com\/fr\/wp-json\/wp\/v2\/categories?post=345592"},{"taxonomy":"post_tag","embeddable":true,"href":"https:\/\/www.europesays.com\/fr\/wp-json\/wp\/v2\/tags?post=345592"}],"curies":[{"name":"wp","href":"https:\/\/api.w.org\/{rel}","templated":true}]}}