{"id":345598,"date":"2025-08-26T16:41:14","date_gmt":"2025-08-26T16:41:14","guid":{"rendered":"https:\/\/www.europesays.com\/fr\/345598\/"},"modified":"2025-08-26T16:41:14","modified_gmt":"2025-08-26T16:41:14","slug":"un-enfant-renverse-par-un-bus-ratp-le-chauffeur-en-garde-a-vue","status":"publish","type":"post","link":"https:\/\/www.europesays.com\/fr\/345598\/","title":{"rendered":"Un enfant renvers\u00e9 par un bus RATP, le chauffeur en garde \u00e0 vue"},"content":{"rendered":"<p><strong>enqu\u00eate &#8211; Un enfant de 12 ans a \u00e9t\u00e9 gri\u00e8vement bless\u00e9 apr\u00e8s avoir \u00e9t\u00e9 percut\u00e9 par un bus. Son pronostic vital n\u2019est plus engag\u00e9. Une enqu\u00eate est ouverte et le chauffeur du bus a \u00e9t\u00e9 plac\u00e9 en garde \u00e0 vue<\/strong><\/p>\n<p>Ce lundi, un peu avant 18 heures, un drame a boulevers\u00e9 la tranquillit\u00e9 de la fin des vacances scolaires \u00e0 la fronti\u00e8re entre <a href=\"https:\/\/www.20minutes.fr\/paris\/?at_medium=RSS%20feed&amp;at_campaign=ynews&amp;utm_source=yahoo&amp;utm_medium=rss&amp;utm_campaign=news_feed&amp;utm_content=in_article_link\" rel=\"nofollow noopener\" target=\"_blank\" data-ylk=\"slk:Paris;elm:context_link;itc:0;sec:content-canvas\" class=\"link \">Paris<\/a> et <a href=\"https:\/\/www.20minutes.fr\/dossier\/pantin?at_medium=RSS%20feed&amp;at_campaign=ynews&amp;utm_source=yahoo&amp;utm_medium=rss&amp;utm_campaign=news_feed&amp;utm_content=in_article_link\" rel=\"nofollow noopener\" target=\"_blank\" data-ylk=\"slk:Pantin;elm:context_link;itc:0;sec:content-canvas\" class=\"link \">Pantin<\/a>. \u00c0 l\u2019arr\u00eat de bus \u00ab Petits Ponts \u00bb, \u00e0 quelques m\u00e8tres de la Philharmonie de Paris, un coll\u00e9gien de 12 ans a \u00e9t\u00e9 violemment <a href=\"https:\/\/www.20minutes.fr\/faits_divers\/4169604-20250826-havre-jeune-femme-mise-examen-avoir-percute-automobiliste-apres-altercation?at_medium=RSS%20feed&amp;at_campaign=ynews&amp;utm_source=yahoo&amp;utm_medium=rss&amp;utm_campaign=news_feed&amp;utm_content=in_article_link\" rel=\"nofollow noopener\" target=\"_blank\" data-ylk=\"slk:percut\u00e9 par un bus;elm:context_link;itc:0;sec:content-canvas\" class=\"link \">percut\u00e9 par un bus<\/a> de la ligne 170 en direction de la mairie de Pantin, rapporte <a href=\"https:\/\/www.leparisien.fr\/paris-75\/paris-un-enfant-gravement-blesse-apres-avoir-ete-renverse-par-un-bus-de-la-ratp-26-08-2025-K635IEJIDNGGDAHF2VZKXGQ57I.php?at_variant=photo&amp;at_creation=Le%20Parisien&amp;at_campaign=Partage%20Twitter%20CM&amp;at_medium=Social%20media&amp;at_medium=RSS%20feed&amp;at_campaign=ynews&amp;utm_source=yahoo&amp;utm_medium=rss&amp;utm_campaign=news_feed&amp;utm_content=in_article_link\" rel=\"nofollow noopener\" target=\"_blank\" data-ylk=\"slk:Le Parisien;elm:context_link;itc:0;sec:content-canvas\" class=\"link \">Le Parisien<\/a>.<\/p>\n<p>Selon la <a href=\"https:\/\/www.20minutes.fr\/dossier\/ratp?at_medium=RSS%20feed&amp;at_campaign=ynews&amp;utm_source=yahoo&amp;utm_medium=rss&amp;utm_campaign=news_feed&amp;utm_content=in_article_link\" rel=\"nofollow noopener\" target=\"_blank\" data-ylk=\"slk:RATP;elm:context_link;itc:0;sec:content-canvas\" class=\"link \">RATP<\/a>, l\u2019enfant, qui jouait au ballon sur le trottoir avec trois amis, aurait \u00ab subitement \u00bb travers\u00e9 la chauss\u00e9e pour r\u00e9cup\u00e9rer son ballon, en dehors d\u2019un passage pi\u00e9ton, entre deux voitures gar\u00e9es. C\u2019est \u00e0 ce moment que le flanc droit du bus, qui quittait l\u2019arr\u00eat, l\u2019a heurt\u00e9, le coin\u00e7ant sous le v\u00e9hicule, selon nos confr\u00e8res. Gri\u00e8vement bless\u00e9, le jeune gar\u00e7on a \u00e9t\u00e9 \u00e9vacu\u00e9 vers l\u2019h\u00f4pital Necker avec un pronostic vital initialement engag\u00e9. Selon une source polici\u00e8re, il souffre de multiples traumatismes, notamment au bassin et au cr\u00e2ne, mais ses jours ne sont plus en danger.<\/p>\n<p>Les tests d\u2019alcool\u00e9mie et de stup\u00e9fiants n\u00e9gatifs<\/p>\n<p>Un des amis de la victime a toutefois indiqu\u00e9 aux enqu\u00eateurs que le coll\u00e9gien serait \u00ab tomb\u00e9 \u00bb sur la chauss\u00e9e avant d\u2019\u00eatre \u00e9cras\u00e9, une version qui devra \u00eatre \u00e9claircie par l\u2019enqu\u00eate. Le conducteur du bus, \u00ab profond\u00e9ment choqu\u00e9 \u00bb selon la RATP, a \u00e9t\u00e9 auditionn\u00e9 par la police et plac\u00e9 en garde \u00e0 vue. Il a d\u00e9clar\u00e9 aux enqu\u00eateurs avoir vu l\u2019enfant \u00ab surgir entre deux voitures en stationnement \u00bb sans pouvoir l\u2019\u00e9viter. Les tests d\u2019alcool\u00e9mie et de stup\u00e9fiants, r\u00e9alis\u00e9s dans la foul\u00e9e, se sont r\u00e9v\u00e9l\u00e9s(&#8230;)<\/p>\n<p><a href=\"https:\/\/www.20minutes.fr\/faits_divers\/faits-divers-paris\/4169634-20250826-paris-enfant-renverse-bus-ratp-chauffeur-garde-vue?at_medium=RSS%20feed&amp;at_campaign=ynews&amp;utm_source=yahoo&amp;utm_medium=rss&amp;utm_campaign=news_feed&amp;utm_content=read_more_link&quot;\" rel=\"nofollow noopener\" target=\"_blank\" data-ylk=\"slk:Lire la suite sur 20minutes;elm:context_link;itc:0;sec:content-canvas\" class=\"link \">Lire la suite sur 20minutes<\/a><\/p>\n<p>\u00c0 lire aussi :<br \/><a href=\"https:\/\/www.20minutes.fr\/faits_divers\/faits-divers-paris\/4169553-20250826-yvelines-voiture-belier-detruit-immeuble-riverains-choques?at_medium=RSS%20feed&amp;at_campaign=ynews&amp;utm_source=yahoo&amp;utm_medium=rss&amp;utm_campaign=news_feed&amp;utm_content=related_content_link\" rel=\"nofollow noopener\" target=\"_blank\" data-ylk=\"slk:Yvelines : Une voiture b\u00e9lier d\u00e9truit un immeuble, les riverains choqu\u00e9s;elm:context_link;itc:0;sec:content-canvas\" class=\"link \">Yvelines : Une voiture b\u00e9lier d\u00e9truit un immeuble, les riverains choqu\u00e9s<\/a><br \/><a href=\"https:\/\/www.20minutes.fr\/faits_divers\/faits-divers-paris\/4169554-20250826-val-oise-victime-malaise-agresse-physiquement-verbalement-pompiers-viennent-aide?at_medium=RSS%20feed&amp;at_campaign=ynews&amp;utm_source=yahoo&amp;utm_medium=rss&amp;utm_campaign=news_feed&amp;utm_content=related_content_link\" rel=\"nofollow noopener\" target=\"_blank\" data-ylk=\"slk:Val-d\u2019Oise : Une victime d\u2019un malaise agresse \u00ab physiquement et verbalement \u00bb les pompiers qui lui viennent en aide;elm:context_link;itc:0;sec:content-canvas\" class=\"link \">Val-d\u2019Oise : Une victime d\u2019un malaise agresse \u00ab physiquement et verbalement \u00bb les pompiers qui lui viennent en aide<\/a><\/p>\n","protected":false},"excerpt":{"rendered":"enqu\u00eate &#8211; Un enfant de 12 ans a \u00e9t\u00e9 gri\u00e8vement bless\u00e9 apr\u00e8s avoir \u00e9t\u00e9 percut\u00e9 par un bus.&hellip;\n","protected":false},"author":2,"featured_media":345599,"comment_status":"","ping_status":"","sticky":false,"template":"","format":"standard","meta":{"footnotes":""},"categories":[1888],"tags":[1111,1928,11,1927,7048,1777,674,1011,27,3372,23092,48174,48173,12,1926,626,1925,625,25],"class_list":{"0":"post-345598","1":"post","2":"type-post","3":"status-publish","4":"format-standard","5":"has-post-thumbnail","7":"category-paris","8":"tag-actu","9":"tag-actu-paris","10":"tag-actualites","11":"tag-actualites-paris","12":"tag-bus","13":"tag-eu","14":"tag-europe","15":"tag-fr","16":"tag-france","17":"tag-lenfant","18":"tag-la-philharmonie-de-paris","19":"tag-le-trottoir","20":"tag-mairie-de-pantin","21":"tag-news","22":"tag-news-paris","23":"tag-paris","24":"tag-paris-news","25":"tag-ratp","26":"tag-republique-francaise"},"share_on_mastodon":{"url":"https:\/\/pubeurope.com\/@fr\/115096065985247738","error":""},"_links":{"self":[{"href":"https:\/\/www.europesays.com\/fr\/wp-json\/wp\/v2\/posts\/345598","targetHints":{"allow":["GET"]}}],"collection":[{"href":"https:\/\/www.europesays.com\/fr\/wp-json\/wp\/v2\/posts"}],"about":[{"href":"https:\/\/www.europesays.com\/fr\/wp-json\/wp\/v2\/types\/post"}],"author":[{"embeddable":true,"href":"https:\/\/www.europesays.com\/fr\/wp-json\/wp\/v2\/users\/2"}],"replies":[{"embeddable":true,"href":"https:\/\/www.europesays.com\/fr\/wp-json\/wp\/v2\/comments?post=345598"}],"version-history":[{"count":0,"href":"https:\/\/www.europesays.com\/fr\/wp-json\/wp\/v2\/posts\/345598\/revisions"}],"wp:featuredmedia":[{"embeddable":true,"href":"https:\/\/www.europesays.com\/fr\/wp-json\/wp\/v2\/media\/345599"}],"wp:attachment":[{"href":"https:\/\/www.europesays.com\/fr\/wp-json\/wp\/v2\/media?parent=345598"}],"wp:term":[{"taxonomy":"category","embeddable":true,"href":"https:\/\/www.europesays.com\/fr\/wp-json\/wp\/v2\/categories?post=345598"},{"taxonomy":"post_tag","embeddable":true,"href":"https:\/\/www.europesays.com\/fr\/wp-json\/wp\/v2\/tags?post=345598"}],"curies":[{"name":"wp","href":"https:\/\/api.w.org\/{rel}","templated":true}]}}