{"id":345606,"date":"2025-08-26T16:45:15","date_gmt":"2025-08-26T16:45:15","guid":{"rendered":"https:\/\/www.europesays.com\/fr\/345606\/"},"modified":"2025-08-26T16:45:15","modified_gmt":"2025-08-26T16:45:15","slug":"kiev-reconnait-que-les-troupes-russes-ont-penetre-dans-la-region-de-dnipropetrovsk","status":"publish","type":"post","link":"https:\/\/www.europesays.com\/fr\/345606\/","title":{"rendered":"Kiev reconna\u00eet que les troupes russes ont p\u00e9n\u00e9tr\u00e9 dans la r\u00e9gion de Dnipropetrovsk"},"content":{"rendered":"<p>Dnipropetrovsk, qui ne fait pas partie des cinq r\u00e9gions ukrainiennes dont Moscou revendique l\u2019annexion, serait ainsi l\u2019oblast ukrainien le plus \u00e0 l\u2019ouest occup\u00e9 partiellement par la Russie.<\/p>\n<p class=\"fig-paragraph\">L&rsquo;Ukraine a reconnu pour la premi\u00e8re fois mardi 26 ao\u00fbt que l\u2019arm\u00e9e russe avait p\u00e9n\u00e9tr\u00e9 dans sa\u00a0<a href=\"http:\/\/www.lefigaro.fr\/international\/guerre-en-ukraine-le-vice-chancelier-allemand-souhaite-des-garanties-de-securite-fiables-pour-kiev-20250825\" target=\"_blank\" data-fig-type=\"NewsFlash\" rel=\"noopener\" data-gtm-custom-categorie=\"navigation\" data-gtm-custom-action=\"crossclick\" data-gtm-custom-label=\"Contextuel\" data-gtm-event=\"customEventSPE\" data-fig-domain=\"LEFIGARO\">r\u00e9gion de Dnipropetrovsk<\/a>\u00a0(centre-est), o\u00f9 Moscou avait revendiqu\u00e9 de son c\u00f4t\u00e9 des avanc\u00e9es d\u00e8s le mois de juillet. \u00abOui, ils sont entr\u00e9s\u00bb dans ce territoire, o\u00f9 \u00ables combats se poursuivent actuellement\u00bb, a d\u00e9clar\u00e9 \u00e0 l&rsquo;AFP Viktor Tregoubov, le porte-parole des forces ukrainiennes pour cette zone. Kiev d\u00e9mentait jusque-l\u00e0 toute p\u00e9n\u00e9tration des troupes russes dans cette r\u00e9gion.<\/p>\n<p class=\"fig-paragraph\">L&rsquo;arm\u00e9e russe, qui occupe environ 20% de l&rsquo;Ukraine, dans l&rsquo;Est et le sud du pays, a acc\u00e9l\u00e9r\u00e9 sa\u00a0<a href=\"http:\/\/www.lefigaro.fr\/international\/guerre-en-ukraine-les-russes-percent-les-nouvelles-lignes-ukrainiennes-au-nord-de-pokrovsk-20250812\" target=\"_blank\" data-fig-type=\"NewsFlash\" rel=\"noopener\" data-gtm-custom-categorie=\"navigation\" data-gtm-custom-action=\"crossclick\" data-gtm-custom-label=\"Contextuel\" data-gtm-event=\"customEventSPE\" data-fig-domain=\"LEFIGARO\">progression sur le terrain<\/a>\u00a0ces derniers mois face \u00e0 des unit\u00e9s ukrainiennes moins nombreuses et moins bien \u00e9quip\u00e9es. Le groupement Dnipro de l&rsquo;arm\u00e9e ukrainienne, charg\u00e9 de cette zone, a assur\u00e9 mardi avoir \u00abstopp\u00e9 l&rsquo;avanc\u00e9e des envahisseurs russes\u00bb peu apr\u00e8s leur entr\u00e9e dans la r\u00e9gion de Dnipropetrovsk \u00e0 partir de celle de\u00a0<a href=\"http:\/\/www.lefigaro.fr\/international\/guerre-en-ukraine-la-russie-revendique-la-prise-de-deux-villages-dans-la-region-de-donetsk-20250823\" target=\"_blank\" data-fig-type=\"NewsFlash\" rel=\"noopener\" data-gtm-custom-categorie=\"navigation\" data-gtm-custom-action=\"crossclick\" data-gtm-custom-label=\"Contextuel\" data-gtm-event=\"customEventSPE\" data-fig-domain=\"LEFIGARO\">Donetsk<\/a>, plus \u00e0 l&rsquo;est.<\/p>\n<p>                                    <a class=\"fig-a11y-skip a11y-hidden\" href=\"#fig-a11y-skip-main-inarticle\"><br \/>\n        Passer la publicit\u00e9<br \/>\n    <\/a><\/p>\n<p>Occupation de deux localit\u00e9s<\/p>\n<p class=\"fig-paragraph\">Les militaires ukrainiens \u00abcontinuent de contr\u00f4ler le village de Zaporizk\u00e9\u00bb dont la prise a \u00e9t\u00e9 revendiqu\u00e9e lundi par la Russie, a assur\u00e9 le groupement. Il a fait \u00e9tat d&rsquo;\u00abop\u00e9rations de combat actives pr\u00e8s du village de Novogueorgui\u00efvka\u00bb, dont les Russes ont affirm\u00e9 le 20 ao\u00fbt s&rsquo;\u00eatre empar\u00e9s. Le site en ligne de cartographie militaire DeepState, proche de l&rsquo;arm\u00e9e ukrainienne et tr\u00e8s suivi, a cependant fait \u00e9tat mardi de l&rsquo;occupation de ces deux localit\u00e9s.<\/p>\n<p class=\"fig-paragraph\">Les avanc\u00e9es russes se produisent \u00e0 un moment o\u00f9 le pr\u00e9sident am\u00e9ricain Donald Trump, qui veut mettre fin \u00e0 cette guerre le plus rapidement possible, a annonc\u00e9 pr\u00e9parer une\u00a0<a href=\"http:\/\/www.lefigaro.fr\/international\/guerre-en-ukraine-volodymyr-zelensky-juge-possible-une-rencontre-avec-vladimir-poutine-et-propose-trois-lieux-20250821\" target=\"_blank\" data-fig-type=\"NewsFlash\" rel=\"noopener\" data-gtm-custom-categorie=\"navigation\" data-gtm-custom-action=\"crossclick\" data-gtm-custom-label=\"Contextuel\" data-gtm-event=\"customEventSPE\" data-fig-domain=\"LEFIGARO\">rencontre<\/a>\u00a0entre ses homologues russe Vladimir Poutine et ukrainien Volodymyr Zelensky. Mais Moscou a exclu toute rencontre imm\u00e9diate entre les deux hommes. Le Kremlin exige que l&rsquo;Ukraine se retire de certains territoires qu&rsquo;elle continue de contr\u00f4ler partiellement, notamment de la r\u00e9gion de Donetsk, en tant que condition pr\u00e9alable \u00e0 l&rsquo;arr\u00eat des hostilit\u00e9s. Kiev rejette cette id\u00e9e. La r\u00e9gion de Dnipropetrovsk ne fait pas partie des cinq r\u00e9gions ukrainiennes dont Moscou revendique l&rsquo;annexion, \u00e0 savoir celles de Donetsk, Kherson, Louhansk, Zaporijia et la Crim\u00e9e.<\/p>\n","protected":false},"excerpt":{"rendered":"Dnipropetrovsk, qui ne fait pas partie des cinq r\u00e9gions ukrainiennes dont Moscou revendique l\u2019annexion, serait ainsi l\u2019oblast ukrainien&hellip;\n","protected":false},"author":2,"featured_media":345607,"comment_status":"","ping_status":"","sticky":false,"template":"","format":"standard","meta":{"footnotes":""},"categories":[1590],"tags":[11,1777,674,131,12,132,220],"class_list":{"0":"post-345606","1":"post","2":"type-post","3":"status-publish","4":"format-standard","5":"has-post-thumbnail","7":"category-ukraine","8":"tag-actualites","9":"tag-eu","10":"tag-europe","11":"tag-guerre-en-ukraine","12":"tag-news","13":"tag-russie","14":"tag-ukraine"},"share_on_mastodon":{"url":"https:\/\/pubeurope.com\/@fr\/115096081178696188","error":""},"_links":{"self":[{"href":"https:\/\/www.europesays.com\/fr\/wp-json\/wp\/v2\/posts\/345606","targetHints":{"allow":["GET"]}}],"collection":[{"href":"https:\/\/www.europesays.com\/fr\/wp-json\/wp\/v2\/posts"}],"about":[{"href":"https:\/\/www.europesays.com\/fr\/wp-json\/wp\/v2\/types\/post"}],"author":[{"embeddable":true,"href":"https:\/\/www.europesays.com\/fr\/wp-json\/wp\/v2\/users\/2"}],"replies":[{"embeddable":true,"href":"https:\/\/www.europesays.com\/fr\/wp-json\/wp\/v2\/comments?post=345606"}],"version-history":[{"count":0,"href":"https:\/\/www.europesays.com\/fr\/wp-json\/wp\/v2\/posts\/345606\/revisions"}],"wp:featuredmedia":[{"embeddable":true,"href":"https:\/\/www.europesays.com\/fr\/wp-json\/wp\/v2\/media\/345607"}],"wp:attachment":[{"href":"https:\/\/www.europesays.com\/fr\/wp-json\/wp\/v2\/media?parent=345606"}],"wp:term":[{"taxonomy":"category","embeddable":true,"href":"https:\/\/www.europesays.com\/fr\/wp-json\/wp\/v2\/categories?post=345606"},{"taxonomy":"post_tag","embeddable":true,"href":"https:\/\/www.europesays.com\/fr\/wp-json\/wp\/v2\/tags?post=345606"}],"curies":[{"name":"wp","href":"https:\/\/api.w.org\/{rel}","templated":true}]}}