{"id":345608,"date":"2025-08-26T16:46:12","date_gmt":"2025-08-26T16:46:12","guid":{"rendered":"https:\/\/www.europesays.com\/fr\/345608\/"},"modified":"2025-08-26T16:46:12","modified_gmt":"2025-08-26T16:46:12","slug":"trump-tente-de-mettre-au-pas-la-fed-et-effraie-les-marches","status":"publish","type":"post","link":"https:\/\/www.europesays.com\/fr\/345608\/","title":{"rendered":"Trump tente de mettre au pas la Fed et effraie les march\u00e9s"},"content":{"rendered":"\n<p>\u201cAu long de sa carri\u00e8re pr\u00e9sidentielle, Donald Trump s\u2019en est souvent pris \u00e0 la R\u00e9serve f\u00e9d\u00e9rale et \u00e0 son pr\u00e9sident, Jerome Powell, \u00e0 travers des rodomontades et des menaces verbales [\u2026]. Or lundi soir [25\u00a0ao\u00fbt], le pr\u00e9sident des \u00c9tats-Unis est all\u00e9 plus loin dans son offensive contre la principale Banque centrale du monde, <a class=\"ithalc\" data-ithal=\"lien_externe\" data-ithalc=\"[nav_article]\" target=\"_blank\" href=\"https:\/\/www.ft.com\/content\/dd3e505d-9093-4bed-8bfb-f241f7a2a3ea\" rel=\"nofollow noopener\">\u00e9crit le <strong>Financial Times<\/strong><\/a><strong>, <\/strong>en d\u00e9clarant qu\u2019il limogeait la gouverneure Lisa Cook \u2018avec effet imm\u00e9diat\u2019. Ce putsch nocturne constitue l\u2019un des plus graves d\u00e9fis lanc\u00e9s \u00e0 la Fed depuis qu\u2019elle est devenue ind\u00e9pendante, il y a soixante-quatorze\u00a0ans\u201d, indique le titre \u00e9conomique.<\/p>\n<p>Contest\u00e9 par Lisa Cook, le limogeage est \u201csans pr\u00e9c\u00e9dent\u201d, d\u00e9clare au journal Lev Menand, professeur \u00e0 la facult\u00e9 de droit de Columbia.<\/p>\n<blockquote><p>\u201cSi ce renvoi se confirme [\u2026] cela signifie quasiment la fin de l\u2019ind\u00e9pendance de la Banque centrale des \u00c9tats-Unis.\u201d<\/p><\/blockquote>\n<p>Une crainte qui semble partag\u00e9e par les march\u00e9s\u00a0: mardi 26\u00a0ao\u00fbt, \u201cdes investisseurs ont liquid\u00e9 leurs titres de dette \u00e0 long terme de l\u2019\u00c9tat f\u00e9d\u00e9ral am\u00e9ricain, s\u2019inqui\u00e9tant que la tentative de limogeage d\u2019un gouverneur de la Fed ne mine la confiance\u201d dans l\u2019institution.<\/p>\n<p>L\u2019\u00e9cart entre les taux \u00e0 court et long terme est revenu pr\u00e8s de son plus haut niveau en trois ans, <a class=\"ithalc\" data-ithal=\"lien_externe\" data-ithalc=\"[nav_article]\" target=\"_blank\" href=\"https:\/\/www.ft.com\/content\/d8a8d068-18ba-4e29-a69f-6c155ffc67f3\" rel=\"nofollow noopener\">ajoute le Financial Times<\/a>\u00a0: \u201cLes investisseurs font le pari que cette pre<\/p>\n","protected":false},"excerpt":{"rendered":"\u201cAu long de sa carri\u00e8re pr\u00e9sidentielle, Donald Trump s\u2019en est souvent pris \u00e0 la R\u00e9serve f\u00e9d\u00e9rale et \u00e0&hellip;\n","protected":false},"author":2,"featured_media":345609,"comment_status":"","ping_status":"","sticky":false,"template":"","format":"standard","meta":{"footnotes":""},"categories":[1589],"tags":[11,3822,4779,75,73,1866,12,316,2542,770,1864,1865,1863,308],"class_list":{"0":"post-345608","1":"post","2":"type-post","3":"status-publish","4":"format-standard","5":"has-post-thumbnail","7":"category-etats-unis","8":"tag-actualites","9":"tag-amu00e9riques","10":"tag-banque-centrale","11":"tag-donald-trump","12":"tag-etats-unis","13":"tag-etats-unis-damerique","14":"tag-news","15":"tag-politique","16":"tag-u00e9conomie","17":"tag-u00e9tats-unis","18":"tag-united-states","19":"tag-united-states-of-america","20":"tag-us","21":"tag-usa"},"share_on_mastodon":{"url":"https:\/\/pubeurope.com\/@fr\/115096085053821741","error":""},"_links":{"self":[{"href":"https:\/\/www.europesays.com\/fr\/wp-json\/wp\/v2\/posts\/345608","targetHints":{"allow":["GET"]}}],"collection":[{"href":"https:\/\/www.europesays.com\/fr\/wp-json\/wp\/v2\/posts"}],"about":[{"href":"https:\/\/www.europesays.com\/fr\/wp-json\/wp\/v2\/types\/post"}],"author":[{"embeddable":true,"href":"https:\/\/www.europesays.com\/fr\/wp-json\/wp\/v2\/users\/2"}],"replies":[{"embeddable":true,"href":"https:\/\/www.europesays.com\/fr\/wp-json\/wp\/v2\/comments?post=345608"}],"version-history":[{"count":0,"href":"https:\/\/www.europesays.com\/fr\/wp-json\/wp\/v2\/posts\/345608\/revisions"}],"wp:featuredmedia":[{"embeddable":true,"href":"https:\/\/www.europesays.com\/fr\/wp-json\/wp\/v2\/media\/345609"}],"wp:attachment":[{"href":"https:\/\/www.europesays.com\/fr\/wp-json\/wp\/v2\/media?parent=345608"}],"wp:term":[{"taxonomy":"category","embeddable":true,"href":"https:\/\/www.europesays.com\/fr\/wp-json\/wp\/v2\/categories?post=345608"},{"taxonomy":"post_tag","embeddable":true,"href":"https:\/\/www.europesays.com\/fr\/wp-json\/wp\/v2\/tags?post=345608"}],"curies":[{"name":"wp","href":"https:\/\/api.w.org\/{rel}","templated":true}]}}