{"id":345610,"date":"2025-08-26T16:47:10","date_gmt":"2025-08-26T16:47:10","guid":{"rendered":"https:\/\/www.europesays.com\/fr\/345610\/"},"modified":"2025-08-26T16:47:10","modified_gmt":"2025-08-26T16:47:10","slug":"le-premier-ministre-armenien-a-recu-le-ministre-detat-britannique-stephen-doughty","status":"publish","type":"post","link":"https:\/\/www.europesays.com\/fr\/345610\/","title":{"rendered":"Le Premier ministre arm\u00e9nien a re\u00e7u le ministre d&rsquo;\u00c9tat britannique Stephen Doughty"},"content":{"rendered":"<p>Le Premier ministre arm\u00e9nien Nikol Pachinian a re\u00e7u Stephen Doughty, ministre d\u2019\u00c9tat britannique pour l\u2019Europe, l\u2019Am\u00e9rique du Nord et les territoires d\u2019outre-mer.<\/p>\n<p>Le Premier ministre s\u2019est f\u00e9licit\u00e9 de sa visite en Arm\u00e9nie et s\u2019est d\u00e9clar\u00e9 satisfait du succ\u00e8s du dialogue strat\u00e9gique entre l\u2019Arm\u00e9nie et le Royaume-Uni. Nikol Pachinian a soulign\u00e9 que la visite de Stephen Doughty dans la r\u00e9gion intervient \u00e0 un moment crucial, voire historique, compte tenu des accords conclus \u00e0 Washington, qui jettent les bases de la stabilit\u00e9 et de la pr\u00e9visibilit\u00e9 dans le Caucase du Sud, ainsi que d\u2019une coop\u00e9ration et d\u2019un d\u00e9veloppement r\u00e9gionaux plus larges.<\/p>\n<p>Stephen Doughty a f\u00e9licit\u00e9 le Premier ministre arm\u00e9nien pour les r\u00e9sultats historiques obtenus \u00e0 Washington dans la normalisation des relations entre l\u2019Arm\u00e9nie et l\u2019Azerba\u00efdjan et l\u2019avancement du programme de paix. Il a soulign\u00e9 le soutien du Royaume-Uni \u00e0 ce processus.<\/p>\n<p>Les parties ont r\u00e9affirm\u00e9 leur volont\u00e9 de hisser les relations entre l\u2019Arm\u00e9nie et le Royaume-Uni au niveau d\u2019un partenariat strat\u00e9gique et d\u2019atteindre cet objectif de mani\u00e8re coh\u00e9rente gr\u00e2ce \u00e0 des efforts conjoints. Les interlocuteurs ont soulign\u00e9 que la coop\u00e9ration entre l\u2019Arm\u00e9nie et le Royaume-Uni repose sur les valeurs communes de d\u00e9mocratie, d\u2019\u00c9tat de droit et de protection des droits humains fondamentaux.<\/p>\n<p>Les interlocuteurs ont ensuite abord\u00e9 plusieurs questions li\u00e9es au d\u00e9veloppement et \u00e0 l\u2019\u00e9largissement de la coop\u00e9ration entre l\u2019Arm\u00e9nie et le Royaume-Uni. L\u2019importance de mener des \u00e9tudes sur des projets \u00e9conomiques d\u2019int\u00e9r\u00eat commun, de mettre en \u0153uvre des programmes d\u2019investissement conjoints et d\u2019impliquer davantage les entreprises britanniques dans les infrastructures et autres projets en Arm\u00e9nie a \u00e9t\u00e9 soulign\u00e9e.<\/p>\n<p>Le Premier ministre Pashinyan a soulign\u00e9 l\u2019importance de la participation active du Royaume-Uni au Sommet de la Communaut\u00e9 politique europ\u00e9enne et \u00e0 la 17e Conf\u00e9rence des Parties \u00e0 la Convention sur la diversit\u00e9 biologique (COP17) qui se tiendront en Arm\u00e9nie l\u2019ann\u00e9e prochaine.<\/p>\n<p>Ils ont \u00e9galement \u00e9chang\u00e9 leurs points de vue sur d\u2019autres questions d\u2019int\u00e9r\u00eat commun.<\/p>\n<p>\u00a0<\/p>\n<p>Krikor Amirzayan<\/p>\n<p>\u00a0<\/p>\n","protected":false},"excerpt":{"rendered":"Le Premier ministre arm\u00e9nien Nikol Pachinian a re\u00e7u Stephen Doughty, ministre d\u2019\u00c9tat britannique pour l\u2019Europe, l\u2019Am\u00e9rique du Nord&hellip;\n","protected":false},"author":2,"featured_media":345611,"comment_status":"","ping_status":"","sticky":false,"template":"","format":"standard","meta":{"footnotes":""},"categories":[1588],"tags":[11,5950,312,1777,674,5072,12,473,1853,1851,1850,1852],"class_list":{"0":"post-345610","1":"post","2":"type-post","3":"status-publish","4":"format-standard","5":"has-post-thumbnail","7":"category-royaume-uni","8":"tag-actualites","9":"tag-armenie","10":"tag-diplomatie","11":"tag-eu","12":"tag-europe","13":"tag-grande-bretagne","14":"tag-news","15":"tag-royaume-uni","16":"tag-royaume-uni-de-grande-bretagne-et-dirlande-du-nord","17":"tag-uk","18":"tag-united-kingdom","19":"tag-united-kingdom-of-great-britain-and-northern-ireland"},"share_on_mastodon":{"url":"https:\/\/pubeurope.com\/@fr\/115096088997379779","error":""},"_links":{"self":[{"href":"https:\/\/www.europesays.com\/fr\/wp-json\/wp\/v2\/posts\/345610","targetHints":{"allow":["GET"]}}],"collection":[{"href":"https:\/\/www.europesays.com\/fr\/wp-json\/wp\/v2\/posts"}],"about":[{"href":"https:\/\/www.europesays.com\/fr\/wp-json\/wp\/v2\/types\/post"}],"author":[{"embeddable":true,"href":"https:\/\/www.europesays.com\/fr\/wp-json\/wp\/v2\/users\/2"}],"replies":[{"embeddable":true,"href":"https:\/\/www.europesays.com\/fr\/wp-json\/wp\/v2\/comments?post=345610"}],"version-history":[{"count":0,"href":"https:\/\/www.europesays.com\/fr\/wp-json\/wp\/v2\/posts\/345610\/revisions"}],"wp:featuredmedia":[{"embeddable":true,"href":"https:\/\/www.europesays.com\/fr\/wp-json\/wp\/v2\/media\/345611"}],"wp:attachment":[{"href":"https:\/\/www.europesays.com\/fr\/wp-json\/wp\/v2\/media?parent=345610"}],"wp:term":[{"taxonomy":"category","embeddable":true,"href":"https:\/\/www.europesays.com\/fr\/wp-json\/wp\/v2\/categories?post=345610"},{"taxonomy":"post_tag","embeddable":true,"href":"https:\/\/www.europesays.com\/fr\/wp-json\/wp\/v2\/tags?post=345610"}],"curies":[{"name":"wp","href":"https:\/\/api.w.org\/{rel}","templated":true}]}}