{"id":345626,"date":"2025-08-26T16:56:15","date_gmt":"2025-08-26T16:56:15","guid":{"rendered":"https:\/\/www.europesays.com\/fr\/345626\/"},"modified":"2025-08-26T16:56:15","modified_gmt":"2025-08-26T16:56:15","slug":"sept-mois-apres-sa-grave-blessure-charles-ollivon-de-retour-a-lentrainement-avec-toulon","status":"publish","type":"post","link":"https:\/\/www.europesays.com\/fr\/345626\/","title":{"rendered":"sept mois apr\u00e8s sa grave blessure, Charles Ollivon de retour \u00e0 l\u2019entra\u00eenement avec Toulon"},"content":{"rendered":"<p>En janvier dernier, le troisi\u00e8me-ligne international du RCT avait \u00e9t\u00e9 victime d\u2019une rupture du ligament crois\u00e9 du genou droit.<\/p>\n<p class=\"fig-paragraph\">Alors que la reprise du Top 14 approche \u00e0 grand pas (6-7 septembre), les clubs de l\u2019\u00e9lite se pr\u00e9parent activement. Ce mardi, l\u2019entra\u00eenement du\u00a0<a href=\"http:\/\/www.lefigaro.fr\/sports\/rugby\/top-14\/top-14-toulon-corrige-a-perpignan-en-match-amical-montpellier-domine-pau-20250822\" data-fig-type=\"NewsFlash\" data-gtm-custom-categorie=\"navigation\" data-gtm-custom-action=\"crossclick\" data-gtm-custom-label=\"Contextuel\" data-gtm-event=\"customEventSPE\" data-fig-domain=\"LEFIGARO\" rel=\"nofollow noopener\" target=\"_blank\">Rugby Club Toulonnais<\/a>\u00a0\u00e9tait ouvert au public et les supporters varois ont eu la surprise et la joie de revoir sur le pr\u00e9\u00a0<a href=\"http:\/\/www.lefigaro.fr\/sports\/rugby\/rugby-saison-terminee-pour-charles-ollivon-victime-d-une-rupture-d-un-ligament-croise-20250107\" data-fig-type=\"NewsFlash\" data-gtm-custom-categorie=\"navigation\" data-gtm-custom-action=\"crossclick\" data-gtm-custom-label=\"Contextuel\" data-gtm-event=\"customEventSPE\" data-fig-domain=\"LEFIGARO\" rel=\"nofollow noopener\" target=\"_blank\">Charles Ollivon<\/a>. Le troisi\u00e8me-ligne international (32 ans, 46 s\u00e9lections) avait \u00e9t\u00e9 victime d\u2019une rupture du ligament crois\u00e9 du genou droit en janvier dernier. Les images de sa blessure, d\u00e8s la 7e minute lors de la large victoire toulonnaise contre le Racing 92 (36-24), avaient laiss\u00e9 craindre le pire\u00a0: il s\u2019\u00e9tait effondr\u00e9 tout seul avant d\u2019offrir un ballon d\u2019essai \u00e0 Baptiste Serin, se tenant le genou droit.<\/p>\n<p class=\"fig-paragraph\">Sorti en grima\u00e7ant et boitant bas, soutenu par des soigneurs, Ollivon avait confirm\u00e9, quelque temps apr\u00e8s, sa grave blessure sur son compte Instagram. \u00abJe dois arr\u00eater de faire ce que j\u2019aime pour le moment et je vais me faire op\u00e9rer prochainement\u00bb, a \u00e9crit \u00able grand Charles\u00bb. Il \u00e9tait ensuite pass\u00e9 sur la table d\u2019op\u00e9ration \u00e0 Lyon. Son retour \u00e0 l\u2019entra\u00eeneur est une bonne nouvelle pour le RC Toulon qui, sans lui, avait \u00e9t\u00e9\u00a0<a href=\"http:\/\/www.lefigaro.fr\/sports\/rugby\/coupe-d-europe\/champions-cup-de-rugby-au-bout-du-suspense-toulouse-ecarte-toulon-20250413\" data-fig-type=\"NewsFlash\" data-gtm-custom-categorie=\"navigation\" data-gtm-custom-action=\"crossclick\" data-gtm-custom-label=\"Contextuel\" data-gtm-event=\"customEventSPE\" data-fig-domain=\"LEFIGARO\" rel=\"nofollow noopener\" target=\"_blank\">quart-de-finaliste de la Champions Cup<\/a>\u00a0et\u00a0<a href=\"http:\/\/www.lefigaro.fr\/sports\/rugby\/top-14\/top-14-bordeaux-begles-ecrase-toulon-et-retrouvera-toulouse-en-finale-20250621\" data-fig-type=\"NewsFlash\" data-gtm-custom-categorie=\"navigation\" data-gtm-custom-action=\"crossclick\" data-gtm-custom-label=\"Contextuel\" data-gtm-event=\"customEventSPE\" data-fig-domain=\"LEFIGARO\" rel=\"nofollow noopener\" target=\"_blank\">demi-finaliste du Top 14<\/a>\u00a0la saison derni\u00e8re, s\u2019inclinant respectivement contre Toulouse \u00e0 Mayol et face \u00e0 l\u2019UBB \u00e0 Lyon.<\/p>\n<p>                                    <a class=\"fig-a11y-skip a11y-hidden\" href=\"#fig-a11y-skip-main-inarticle\"><br \/>\n        Passer la publicit\u00e9<br \/>\n    <\/a><\/p>\n<p class=\"fig-paragraph\">Premier capitaine du mandat Galthi\u00e9, avant que la superstar du rugby fran\u00e7ais Antoine Dupont ne prenne le relais, Charles Ollivon est un joueur cadre du XV de France, du haut de ses 46 s\u00e9lections. Le Basque est l\u2019avant qui a inscrit le plus d\u2019essais dans l\u2019histoire du XV de France (16), devant Olivier Magne (14) et Imanol Harinordoquy (13). Le RCT, qui a publi\u00e9 des photos de son retour, n\u2019a pas encore communiqu\u00e9 sur la date \u00e9ventuelle de son retour \u00e0 la comp\u00e9tition.<\/p>\n","protected":false},"excerpt":{"rendered":"En janvier dernier, le troisi\u00e8me-ligne international du RCT avait \u00e9t\u00e9 victime d\u2019une rupture du ligament crois\u00e9 du genou&hellip;\n","protected":false},"author":2,"featured_media":345627,"comment_status":"","ping_status":"","sticky":false,"template":"","format":"standard","meta":{"footnotes":""},"categories":[1416],"tags":[41986,1011,27,3461,479,10405,1468,60],"class_list":{"0":"post-345626","1":"post","2":"type-post","3":"status-publish","4":"format-standard","5":"has-post-thumbnail","7":"category-rugby","8":"tag-charles-ollivon","9":"tag-fr","10":"tag-france","11":"tag-rct","12":"tag-rugby","13":"tag-rugby-club-toulonnais","14":"tag-rugby-football","15":"tag-sports"},"share_on_mastodon":{"url":"https:\/\/pubeurope.com\/@fr\/115096124368393248","error":""},"_links":{"self":[{"href":"https:\/\/www.europesays.com\/fr\/wp-json\/wp\/v2\/posts\/345626","targetHints":{"allow":["GET"]}}],"collection":[{"href":"https:\/\/www.europesays.com\/fr\/wp-json\/wp\/v2\/posts"}],"about":[{"href":"https:\/\/www.europesays.com\/fr\/wp-json\/wp\/v2\/types\/post"}],"author":[{"embeddable":true,"href":"https:\/\/www.europesays.com\/fr\/wp-json\/wp\/v2\/users\/2"}],"replies":[{"embeddable":true,"href":"https:\/\/www.europesays.com\/fr\/wp-json\/wp\/v2\/comments?post=345626"}],"version-history":[{"count":0,"href":"https:\/\/www.europesays.com\/fr\/wp-json\/wp\/v2\/posts\/345626\/revisions"}],"wp:featuredmedia":[{"embeddable":true,"href":"https:\/\/www.europesays.com\/fr\/wp-json\/wp\/v2\/media\/345627"}],"wp:attachment":[{"href":"https:\/\/www.europesays.com\/fr\/wp-json\/wp\/v2\/media?parent=345626"}],"wp:term":[{"taxonomy":"category","embeddable":true,"href":"https:\/\/www.europesays.com\/fr\/wp-json\/wp\/v2\/categories?post=345626"},{"taxonomy":"post_tag","embeddable":true,"href":"https:\/\/www.europesays.com\/fr\/wp-json\/wp\/v2\/tags?post=345626"}],"curies":[{"name":"wp","href":"https:\/\/api.w.org\/{rel}","templated":true}]}}